{"id":35022,"date":"2019-05-18T03:00:21","date_gmt":"2019-05-18T07:00:21","guid":{"rendered":"https:\/\/linitiative.ca\/International\/reunion-du-bureau-de-larp-trois-deputes-upl-rallient-nidaa-tounes\/"},"modified":"2019-05-18T03:00:21","modified_gmt":"2019-05-18T07:00:21","slug":"reunion-du-bureau-de-larp-trois-deputes-upl-rallient-nidaa-tounes","status":"publish","type":"post","link":"https:\/\/linitiative.ca\/International\/reunion-du-bureau-de-larp-trois-deputes-upl-rallient-nidaa-tounes\/","title":{"rendered":"R\u00e9union du bureau de l\u2019ARP :  Trois d\u00e9put\u00e9s UPL rallient Nidaa Toun\u00e8s"},"content":{"rendered":"<p>Le bureau de l\u2019Assembl\u00e9e des repr\u00e9sentants du peuple (ARP) a pris acte, jeudi, des demandes d\u2019adh\u00e9sion des d\u00e9put\u00e9s (Union patriotique libre- UPL) Dorra Yakoubi, Ali Bellakhoua et Abdelkader Ben Dhifallah au groupe parlementaire de Nidaa Toun\u00e8s.<\/p>\n<p>Le groupe parlementaire Nidaa Toun\u00e8s, parti vainqueur des \u00e9lections de 2014, compte d\u00e9sormais 38 d\u00e9put\u00e9s alors qu\u2019il comptait 86 d\u00e9put\u00e9s lors des derni\u00e8res l\u00e9gislatives, soit beaucoup moins que la moiti\u00e9.<\/p>\n<p>Le bureau de l\u2019ARP a \u00e9galement pris acte de la d\u00e9cision d\u2019exclusion des d\u00e9put\u00e9s Chaker Ayadi, Mongi Harbaoui, Lamia Mlayeh et Fatma Mssedi du groupe parlementaire de Nidaa Toun\u00e8s en vertu de l\u2019article 38 du r\u00e8glement int\u00e9rieur de l\u2019ARP.<\/p>\n<p>Le pr\u00e9sident du groupe parlementaire Nidaa Toun\u00e8s, Soufi\u00e8ne Toubel avait adress\u00e9 une notification au pr\u00e9sident de l\u2019ARP r\u00e9clamant l\u2019exclusion des quatre d\u00e9put\u00e9s sus-cit\u00e9s du bloc. La notification du pr\u00e9sident du bloc parlementaire intervenait en r\u00e9action \u00e0 la correspondance adress\u00e9e par le pr\u00e9sident du Comit\u00e9 central de Nidaa (camp de Monastir) Hafedh Ca\u00efd Essebsi au pr\u00e9sident de l\u2019ARP lui demandant de mettre en application les d\u00e9cisions prises par le parti et de d\u00e9pourvoir Toubel de sa qualit\u00e9 de pr\u00e9sident du groupe parlementaire apr\u00e8s avoir \u00e9t\u00e9 exclu du parti. Une d\u00e9cision qui concerne aussi les d\u00e9put\u00e9s Ons Hattab et Abdelaziz Kotti.<\/p>\n<p>Rappelons que Soufi\u00e8ne Toubel (camp de Hammamet) avait d\u00e9clar\u00e9 avoir re\u00e7u une correspondance des services du ministre des Relations avec les instances constitutionnelles, la soci\u00e9t\u00e9 civile et des droits de l\u2019Homme, dans laquelle le d\u00e9partement d\u00e9clare avoir accept\u00e9 le dossier qu\u2019il avait d\u00e9pos\u00e9 concernant le dernier congr\u00e8s du parti.<\/p>\n<p>Deux directions avaient \u00e9man\u00e9 du congr\u00e8s \u00e9lectif de Nidaa Toun\u00e8s, organis\u00e9 les 6 et 7 avril dernier \u00e0 Monastir et dont les travaux ont \u00e9t\u00e9 \u00e9maill\u00e9s de conflits. Soufi\u00e8ne Toubel a \u00e9t\u00e9 \u00e9lu pr\u00e9sident du Comit\u00e9 central de Nidaa Toun\u00e8s, \u00e0 Hammamet, alors que Hafedh Ca\u00efd Essebsi a \u00e9t\u00e9 port\u00e9 \u00e0 la t\u00eate de ce m\u00eame comit\u00e9, \u00e0 Monastir.<\/p>\n<p>A la mi-avril, les deux pr\u00e9sidents \u00e9lus \u00e0 la t\u00eate du Comit\u00e9 central ont d\u00e9pos\u00e9, chacun de son c\u00f4t\u00e9, le dossier relatif \u00e0 son \u00e9lection aupr\u00e8s des services de la pr\u00e9sidence du gouvernement.<\/p>\n<p class=\"dpsp-share-text\">Partager c&rsquo;est aimer!<\/p>\n<div class=\"wp-post-author-wrap wp-post-author-shortcode left\">\n<h3 class=\"awpa-title\"\/>\n<div class=\"wp-post-author\">\n<div class=\"awpa-img awpa-author-block square\"><a href=\"http:\/\/lexpertjournal.net\/fr\/author\/expert\/\"><img loading=\"lazy\" decoding=\"async\" alt=\"\" src=\"http:\/\/2.gravatar.com\/avatar\/56d99be2a6f97af88ccb49fada637fcd?s=150&#038;d=mm&#038;r=g\" srcset=\"http:\/\/2.gravatar.com\/avatar\/56d99be2a6f97af88ccb49fada637fcd?s=300&#038;d=mm&#038;r=g 2x\" class=\"avatar avatar-150 photo\" height=\"150\" width=\"150\"\/><\/a><\/div>\n<\/div>\n<\/div>\n<p>Auteur: L&rsquo;expert<br \/>\n<a href=\"http:\/\/lexpertjournal.net\/fr\/2019\/05\/18\/reunion-du-bureau-de-larp-trois-deputes-upl-rallient-nidaa-tounes\/\">Cliquez ici pour lire l&rsquo;article depuis sa source.<\/a><\/p>\n","protected":false},"excerpt":{"rendered":"<p>Le bureau de l\u2019Assembl\u00e9e des repr\u00e9sentants du peuple (ARP) a pris acte, jeudi, des demandes d\u2019adh\u00e9sion des d\u00e9put\u00e9s (Union patriotique libre- UPL) Dorra Yakoubi, Ali Bellakhoua et Abdelkader Ben Dhifallah au groupe parlementaire de Nidaa Toun\u00e8s. Le groupe parlementaire Nidaa Toun\u00e8s, parti vainqueur des \u00e9lections de 2014, compte d\u00e9sormais 38 d\u00e9put\u00e9s alors qu\u2019il comptait 86 [&hellip;]<\/p>\n","protected":false},"author":1775,"featured_media":0,"comment_status":"closed","ping_status":"closed","sticky":false,"template":"","format":"standard","meta":{"fifu_image_url":"","fifu_image_alt":"","footnotes":""},"categories":[78,55],"tags":[],"class_list":["post-35022","post","type-post","status-publish","format-standard","hentry","category-economie","category-tunisie"],"_links":{"self":[{"href":"https:\/\/linitiative.ca\/International\/wp-json\/wp\/v2\/posts\/35022","targetHints":{"allow":["GET"]}}],"collection":[{"href":"https:\/\/linitiative.ca\/International\/wp-json\/wp\/v2\/posts"}],"about":[{"href":"https:\/\/linitiative.ca\/International\/wp-json\/wp\/v2\/types\/post"}],"author":[{"embeddable":true,"href":"https:\/\/linitiative.ca\/International\/wp-json\/wp\/v2\/users\/1775"}],"replies":[{"embeddable":true,"href":"https:\/\/linitiative.ca\/International\/wp-json\/wp\/v2\/comments?post=35022"}],"version-history":[{"count":0,"href":"https:\/\/linitiative.ca\/International\/wp-json\/wp\/v2\/posts\/35022\/revisions"}],"wp:attachment":[{"href":"https:\/\/linitiative.ca\/International\/wp-json\/wp\/v2\/media?parent=35022"}],"wp:term":[{"taxonomy":"category","embeddable":true,"href":"https:\/\/linitiative.ca\/International\/wp-json\/wp\/v2\/categories?post=35022"},{"taxonomy":"post_tag","embeddable":true,"href":"https:\/\/linitiative.ca\/International\/wp-json\/wp\/v2\/tags?post=35022"}],"curies":[{"name":"wp","href":"https:\/\/api.w.org\/{rel}","templated":true}]}}