{"id":35033,"date":"2019-05-18T09:53:00","date_gmt":"2019-05-18T13:53:00","guid":{"rendered":"https:\/\/linitiative.ca\/International\/le-rcd-condamne-les-reglements-de-comptes-destinees-a-detourner-la-revolution-en-cours\/"},"modified":"2019-05-18T09:53:00","modified_gmt":"2019-05-18T13:53:00","slug":"le-rcd-condamne-les-reglements-de-comptes-destinees-a-detourner-la-revolution-en-cours","status":"publish","type":"post","link":"https:\/\/linitiative.ca\/International\/le-rcd-condamne-les-reglements-de-comptes-destinees-a-detourner-la-revolution-en-cours\/","title":{"rendered":"Le RCD condamne \u00ab les r\u00e8glements de comptes destin\u00e9es \u00e0 d\u00e9tourner la r\u00e9volution en cours \u00bb"},"content":{"rendered":"<div id=\"originalText\" readability=\"111\">\n<p>Le Secr\u00e9tariat national du RCD a \u00e9voqu\u00e9 dans un communiqu\u00e9 rendu public, ce samedi, \u00ab\u00a0des men\u00e9es contre\u2013r\u00e9volutionnaires des chapelles et des client\u00e8les qui ont prosp\u00e9r\u00e9 autour de l\u2019ex chef de l\u2019Etat\u00a0\u00bb.<\/p>\n<p>Dans son communiqu\u00e9, \u00a0le RCD a commenc\u00e9 par saluer \u00ab\u00a0la conscience et la maturit\u00e9 du peuple Alg\u00e9rien\u00a0\u00bb qui a su \u00ab\u00a0d\u00e9jouer les nombreuses tentatives de division et de diversion\u00a0\u00bb, consid\u00e9rant \u00ab\u00a0les d\u00e9bats publics anim\u00e9s par les jeunes dans les quartiers des villes et dans les villages\u00a0\u00bb comme \u00ab\u00a0les meilleurs remparts contre la d\u00e9sinformation, le retour de \u00ab\u00a0la menace de la main de l\u2019\u00e9tranger \u201cet la peur de l\u2019inconnu agit\u00e9s par le biais de l\u2019instrumentalisation flagrante des m\u00e9dias lourds\u00a0\u00bb.<\/p>\n<p>Le parti n\u2019a pas manqu\u00e9 \u00e9galement de d\u00e9noncer les man\u0153uvres sur les r\u00e9seaux sociaux pour contrer la r\u00e9volution en cours.<\/p>\n<p>\u00abLa constitution, par le pouvoir, d\u2019arm\u00e9es d\u2019internautes d\u00e9nomm\u00e9es \u2018\u2019mouches \u00e9lectroniques\u2019\u2019 par les citoyens, charg\u00e9s de semer les haines, de polluer le d\u00e9bat, d\u2019invectiver ou de menacer toute personne hostile \u00e0 la normalisation entreprise sous la houlette de l\u2019Etat-major de l\u2019Arm\u00e9e n\u2019ont pas eu d\u2019effet sur la d\u00e9termination des populations \u00e0 reprendre en main leur destin\u00bb, est-il soulign\u00e9.<\/p>\n<p>Au sujet des multiples arrestations op\u00e9r\u00e9es ces derni\u00e8res semaines, le RCD consid\u00e8re que \u00e7a va de \u00ab\u00a0glissement en glissement\u00bb, et que c\u2019est \u00absous pr\u00e9texte de prot\u00e9ger le mouvement\u00a0\u00bb, que \u00ables nouveaux donneurs d\u2019ordre ont, rapidement, entrain\u00e9 l\u2019appareil judicaire dans une op\u00e9ration de chasse aux sorci\u00e8res dont eux seuls connaissent les tenants et les aboutissants\u00a0\u00bb.<\/p>\n<p>\u00abPire encore\u00bb, rel\u00e8ve le RCD, \u00abalors que ceux qui ont mis le pays \u00e0 genoux sont en libert\u00e9 et pour certains aux commandes, un op\u00e9rateur \u00e9conomique qui a subit les entraves du syst\u00e8me Bouteflika est mis sous mandat de d\u00e9p\u00f4t pour un simple litige commercial et une responsable politique est jet\u00e9e en p\u00e2ture avant m\u00eame sa comparution devant la justice militaire\u00a0\u00bb.<\/p>\n<p>Ainsi, le Rassemblement condamne \u00abces agissements qui rel\u00e8vent d\u2019une politique de r\u00e8glements de comptes et de provocations destin\u00e9e \u00e0 d\u00e9tourner la r\u00e9volution en cours de son cours\u00bb et r\u00e9it\u00e8re son refus \u00ab\u00a0d\u2019instruire le proc\u00e8s du r\u00e9gime et de ses clients par une justice aux ordres\u00a0\u00bb.<\/p>\n<p>En ce qui concerne les \u00e9lections pr\u00e9sidentielles, le parti de Mohcine Belabbas d\u00e9nonce \u00a0\u00ab\u00a0l\u2019ent\u00eatement\u00a0\u00bb \u00a0du pouvoir \u00ab\u00a0\u00e0 vouloir organiser une pr\u00e9sidentielle, le 04 juillet 2019, pilot\u00e9e de bout en bout par un personnel politique pass\u00e9 ma\u00eetre de la fraude \u00e9lectorale\u00a0\u00bb.<\/p>\n<p>Le parti estime aussi que cela \u00ab\u00a0ne rel\u00e8ve pas d\u2019un simple passage en force pour d\u00e9signer un nouveau pr\u00e9sident ou d\u2019un d\u00e9ni ordinaire de la r\u00e9alit\u00e9\u00a0\u00bb, mais participe d\u2019\u00a0\u00ab\u00a0une strat\u00e9gie de reprise en main par une partie du syst\u00e8me de la d\u00e9cision par un agenda cach\u00e9\u00a0\u00bb.<\/p>\n<p>\u00abL\u2019instrumentalisation de la justice, la reprise en main d\u00e9j\u00e0 en cours des m\u00e9dias publics et assimil\u00e9s d\u00e9notent de cette volont\u00e9 de ne rien \u201cl\u00e2cher \u201d ou de \u201cl\u00e2cher \u201d le moins possible devant le mouvement citoyen\u00a0\u00bb, lit-on toujours dans le m\u00eame communiqu\u00e9.<\/p>\n<p>Enfin, pour le RCD, \u00ab\u00a0le peuple alg\u00e9rien a d\u00e9sormais son avenir entre ses mains en maintenant la mobilisation multiforme contre toute \u00e9lection ou transition pilot\u00e9e par les r\u00e9sidus du syst\u00e8me via les d\u00e9bris d\u2019une constitution faite sur mesure pour un autocrate autoproclam\u00e9 et pi\u00e9tin\u00e9e d\u00e9j\u00e0 \u00e0 maintes reprises\u00a0\u00bb.<\/p>\n<p>Et de conclure \u00abL\u2019heure n\u2019est ni \u00e0 la peur, ni aux petits calculs encore moins aux d\u00e9couragements ou aux renoncements\u00bb.<\/p>\n<p class=\"c10\"><strong>Sihem Benmalek<\/strong><\/p>\n<\/div>\n<div id=\"text_core\" readability=\"111\">\n<p>Le Secr\u00e9tariat national du RCD a \u00e9voqu\u00e9 dans un communiqu\u00e9 rendu public, ce samedi, \u00ab\u00a0des men\u00e9es contre\u2013r\u00e9volutionnaires des chapelles et des client\u00e8les qui ont prosp\u00e9r\u00e9 autour de l\u2019ex chef de l\u2019Etat\u00a0\u00bb.<\/p>\n<p>Dans son communiqu\u00e9, \u00a0le RCD a commenc\u00e9 par saluer \u00ab\u00a0la conscience et la maturit\u00e9 du peuple Alg\u00e9rien\u00a0\u00bb qui a su \u00ab\u00a0d\u00e9jouer les nombreuses tentatives de division et de diversion\u00a0\u00bb, consid\u00e9rant \u00ab\u00a0les d\u00e9bats publics anim\u00e9s par les jeunes dans les quartiers des villes et dans les villages\u00a0\u00bb comme \u00ab\u00a0les meilleurs remparts contre la d\u00e9sinformation, le retour de \u00ab\u00a0la menace de la main de l\u2019\u00e9tranger \u201cet la peur de l\u2019inconnu agit\u00e9s par le biais de l\u2019instrumentalisation flagrante des m\u00e9dias lourds\u00a0\u00bb.<\/p>\n<p>Le parti n\u2019a pas manqu\u00e9 \u00e9galement de d\u00e9noncer les man\u0153uvres sur les r\u00e9seaux sociaux pour contrer la r\u00e9volution en cours.<\/p>\n<p>\u00abLa constitution, par le pouvoir, d\u2019arm\u00e9es d\u2019internautes d\u00e9nomm\u00e9es \u2018\u2019mouches \u00e9lectroniques\u2019\u2019 par les citoyens, charg\u00e9s de semer les haines, de polluer le d\u00e9bat, d\u2019invectiver ou de menacer toute personne hostile \u00e0 la normalisation entreprise sous la houlette de l\u2019Etat-major de l\u2019Arm\u00e9e n\u2019ont pas eu d\u2019effet sur la d\u00e9termination des populations \u00e0 reprendre en main leur destin\u00bb, est-il soulign\u00e9.<\/p>\n<p>Au sujet des multiples arrestations op\u00e9r\u00e9es ces derni\u00e8res semaines, le RCD consid\u00e8re que \u00e7a va de \u00ab\u00a0glissement en glissement\u00bb, et que c\u2019est \u00absous pr\u00e9texte de prot\u00e9ger le mouvement\u00a0\u00bb, que \u00ables nouveaux donneurs d\u2019ordre ont, rapidement, entrain\u00e9 l\u2019appareil judicaire dans une op\u00e9ration de chasse aux sorci\u00e8res dont eux seuls connaissent les tenants et les aboutissants\u00a0\u00bb.<\/p>\n<p>\u00abPire encore\u00bb, rel\u00e8ve le RCD, \u00abalors que ceux qui ont mis le pays \u00e0 genoux sont en libert\u00e9 et pour certains aux commandes, un op\u00e9rateur \u00e9conomique qui a subit les entraves du syst\u00e8me Bouteflika est mis sous mandat de d\u00e9p\u00f4t pour un simple litige commercial et une responsable politique est jet\u00e9e en p\u00e2ture avant m\u00eame sa comparution devant la justice militaire\u00a0\u00bb.<\/p>\n<p>Ainsi, le Rassemblement condamne \u00abces agissements qui rel\u00e8vent d\u2019une politique de r\u00e8glements de comptes et de provocations destin\u00e9e \u00e0 d\u00e9tourner la r\u00e9volution en cours de son cours\u00bb et r\u00e9it\u00e8re son refus \u00ab\u00a0d\u2019instruire le proc\u00e8s du r\u00e9gime et de ses clients par une justice aux ordres\u00a0\u00bb.<\/p>\n<p>En ce qui concerne les \u00e9lections pr\u00e9sidentielles, le parti de Mohcine Belabbas d\u00e9nonce \u00a0\u00ab\u00a0l\u2019ent\u00eatement\u00a0\u00bb \u00a0du pouvoir \u00ab\u00a0\u00e0 vouloir organiser une pr\u00e9sidentielle, le 04 juillet 2019, pilot\u00e9e de bout en bout par un personnel politique pass\u00e9 ma\u00eetre de la fraude \u00e9lectorale\u00a0\u00bb.<\/p>\n<p>Le parti estime aussi que cela \u00ab\u00a0ne rel\u00e8ve pas d\u2019un simple passage en force pour d\u00e9signer un nouveau pr\u00e9sident ou d\u2019un d\u00e9ni ordinaire de la r\u00e9alit\u00e9\u00a0\u00bb, mais participe d\u2019\u00a0\u00ab\u00a0une strat\u00e9gie de reprise en main par une partie du syst\u00e8me de la d\u00e9cision par un agenda cach\u00e9\u00a0\u00bb.<\/p>\n<p>\u00abL\u2019instrumentalisation de la justice, la reprise en main d\u00e9j\u00e0 en cours des m\u00e9dias publics et assimil\u00e9s d\u00e9notent de cette volont\u00e9 de ne rien \u201cl\u00e2cher \u201d ou de \u201cl\u00e2cher \u201d le moins possible devant le mouvement citoyen\u00a0\u00bb, lit-on toujours dans le m\u00eame communiqu\u00e9.<\/p>\n<p>Enfin, pour le RCD, \u00ab\u00a0le peuple alg\u00e9rien a d\u00e9sormais son avenir entre ses mains en maintenant la mobilisation multiforme contre toute \u00e9lection ou transition pilot\u00e9e par les r\u00e9sidus du syst\u00e8me via les d\u00e9bris d\u2019une constitution faite sur mesure pour un autocrate autoproclam\u00e9 et pi\u00e9tin\u00e9e d\u00e9j\u00e0 \u00e0 maintes reprises\u00a0\u00bb.<\/p>\n<p>Et de conclure \u00abL\u2019heure n\u2019est ni \u00e0 la peur, ni aux petits calculs encore moins aux d\u00e9couragements ou aux renoncements\u00bb.<\/p>\n<p class=\"c10\"><strong>Sihem Benmalek<\/strong><\/p>\n<\/div>\n<p>Auteur:<br \/>\n<a href=\"https:\/\/www.liberte-algerie.com\/actualite\/le-rcd-condamne-les-reglements-de-comptes-destinees-a-detourner-la-revolution-en-cours-316089\">Cliquez ici pour lire l&rsquo;article depuis sa source.<\/a><\/p>\n","protected":false},"excerpt":{"rendered":"<p>Le Secr\u00e9tariat national du RCD a \u00e9voqu\u00e9 dans un communiqu\u00e9 rendu public, ce samedi, \u00ab\u00a0des men\u00e9es contre\u2013r\u00e9volutionnaires des chapelles et des client\u00e8les qui ont prosp\u00e9r\u00e9 autour de l\u2019ex chef de l\u2019Etat\u00a0\u00bb. Dans son communiqu\u00e9, \u00a0le RCD a commenc\u00e9 par saluer \u00ab\u00a0la conscience et la maturit\u00e9 du peuple Alg\u00e9rien\u00a0\u00bb qui a su \u00ab\u00a0d\u00e9jouer les nombreuses tentatives [&hellip;]<\/p>\n","protected":false},"author":1742,"featured_media":0,"comment_status":"closed","ping_status":"closed","sticky":false,"template":"","format":"standard","meta":{"fifu_image_url":"","fifu_image_alt":"","footnotes":""},"categories":[73,53],"tags":[],"class_list":["post-35033","post","type-post","status-publish","format-standard","hentry","category-actualite","category-algerie"],"_links":{"self":[{"href":"https:\/\/linitiative.ca\/International\/wp-json\/wp\/v2\/posts\/35033","targetHints":{"allow":["GET"]}}],"collection":[{"href":"https:\/\/linitiative.ca\/International\/wp-json\/wp\/v2\/posts"}],"about":[{"href":"https:\/\/linitiative.ca\/International\/wp-json\/wp\/v2\/types\/post"}],"author":[{"embeddable":true,"href":"https:\/\/linitiative.ca\/International\/wp-json\/wp\/v2\/users\/1742"}],"replies":[{"embeddable":true,"href":"https:\/\/linitiative.ca\/International\/wp-json\/wp\/v2\/comments?post=35033"}],"version-history":[{"count":0,"href":"https:\/\/linitiative.ca\/International\/wp-json\/wp\/v2\/posts\/35033\/revisions"}],"wp:attachment":[{"href":"https:\/\/linitiative.ca\/International\/wp-json\/wp\/v2\/media?parent=35033"}],"wp:term":[{"taxonomy":"category","embeddable":true,"href":"https:\/\/linitiative.ca\/International\/wp-json\/wp\/v2\/categories?post=35033"},{"taxonomy":"post_tag","embeddable":true,"href":"https:\/\/linitiative.ca\/International\/wp-json\/wp\/v2\/tags?post=35033"}],"curies":[{"name":"wp","href":"https:\/\/api.w.org\/{rel}","templated":true}]}}