{"id":35035,"date":"2019-05-17T18:58:34","date_gmt":"2019-05-17T22:58:34","guid":{"rendered":"https:\/\/linitiative.ca\/International\/arrestation-de-1-742-personnes-recherchees-durant-lannee-ecoulee\/"},"modified":"2019-05-17T18:58:34","modified_gmt":"2019-05-17T22:58:34","slug":"arrestation-de-1-742-personnes-recherchees-durant-lannee-ecoulee","status":"publish","type":"post","link":"https:\/\/linitiative.ca\/International\/arrestation-de-1-742-personnes-recherchees-durant-lannee-ecoulee\/","title":{"rendered":"Arrestation de 1.742 personnes recherch\u00e9es durant l\u2019ann\u00e9e \u00e9coul\u00e9e"},"content":{"rendered":"<div readability=\"35\">\n<p>Safi \u2013 Les services de la S\u00fbret\u00e9 nationale de Safi ont proc\u00e9d\u00e9, durant l\u2019ann\u00e9e \u00e9coul\u00e9e, \u00e0 l\u2019arrestation de 1.742 personnes recherch\u00e9es et de 372 autres pour port d\u2019armes blanches.<\/p>\n<\/div>\n<div readability=\"83\">\n<p>Selon des statistiques pr\u00e9sent\u00e9es par le chef de la S\u00fbret\u00e9 provinciale de Safi et d\u2019El Youssoufia, Mohamed Amaoui, lors d\u2019une c\u00e9r\u00e9monie organis\u00e9e, jeudi \u00e0 Safi, \u00e0 l\u2019occasion du 63\u00e8me anniversaire de la cr\u00e9ation de la Direction g\u00e9n\u00e9rale de la S\u00fbret\u00e9 nationale (DGSN), il a \u00e9t\u00e9 aussi proc\u00e9d\u00e9 durant la m\u00eame p\u00e9riode au traitement de 21.030 affaires, au contr\u00f4le d\u2019identit\u00e9 de 62.348 personnes, et \u00e0 l\u2019interpellation de 11.472 personnes en flagrant d\u00e9lit.<\/p>\n<p>Au cours de la m\u00eame p\u00e9riode, le parquet g\u00e9n\u00e9ral a examin\u00e9 22.155 dossiers et d\u00e9f\u00e9r\u00e9 12.782 personnes devant la justice, a pr\u00e9cis\u00e9 M. Amaoui, ajoutant que les services de la S\u00fbret\u00e9 de Safi ont arr\u00eat\u00e9 768 personnes pour trafic de drogues et 1.973 autres pour consommation de stup\u00e9fiants, et saisi 103 Kg de cannabis et pr\u00e8s de 20 Kg de tabac de contrebande, 1.873 comprim\u00e9s psychotropes, deux v\u00e9hicules, 73 motos et 241 armes blanches. Quant au total des sommes d\u2019argent saisies en lien avec le trafic de drogues, il s\u2019est chiffr\u00e9 \u00e0 323,753 MDH, a-t-il ajout\u00e9.<\/p>\n<p>S\u2019agissant de la r\u00e9pression des infractions en mati\u00e8re de circulation, quelque 18.762 contraventions ont \u00e9t\u00e9 enregistr\u00e9es au cours de l\u2019ann\u00e9e 2018, de m\u00eame qu\u2019il a \u00e9t\u00e9 proc\u00e9d\u00e9 au recouvrement de 13.423 amendes, \u00e0 la mise en fourri\u00e8re municipale de 232 v\u00e9hicules et de 1.074 motocyclettes, outre le retrait de 2.906 permis de conduire, alors que le montant global collect\u00e9 des amendes s\u2019est \u00e9tabli \u00e0 2.928.875 DH.<\/p>\n<p>Par ailleurs, les services relevant de la S\u00fbret\u00e9 nationale de Safi ont d\u00e9livr\u00e9 42.658 cartes d\u2019identit\u00e9 nationales, dont 22.955 cartes pour des personnes vivant en milieu rural, 105 pour les pensionnaires d\u2019\u00e9tablissements p\u00e9nitentiaires, 48 au profit des Marocains r\u00e9sidant \u00e0 l\u2019\u00e9tranger et 274 pour les \u00e9l\u00e8ves d\u2019\u00e9tablissements scolaires.<\/p>\n<p>Concernant les projets d\u2019avenir, M. Amaoui a fait savoir que les travaux de construction d\u2019une caserne pour la Brigade d\u2019intervention rapide, selon des standards modernes, sont \u00e0 leur phase finale avec un taux d\u2019avancement ayant atteint 75%.<\/p>\n<\/div>\n<p>Auteur: Meriem IGASS<br \/>\n<a href=\"http:\/\/www.mapmarrakech.ma\/fr\/safi-arrestation-de-1-742-personnes-recherchees-durant-lannee-ecoulee\/\">Cliquez ici pour lire l&rsquo;article depuis sa source.<\/a><\/p>\n","protected":false},"excerpt":{"rendered":"<p>Safi \u2013 Les services de la S\u00fbret\u00e9 nationale de Safi ont proc\u00e9d\u00e9, durant l\u2019ann\u00e9e \u00e9coul\u00e9e, \u00e0 l\u2019arrestation de 1.742 personnes recherch\u00e9es et de 372 autres pour port d\u2019armes blanches. Selon des statistiques pr\u00e9sent\u00e9es par le chef de la S\u00fbret\u00e9 provinciale de Safi et d\u2019El Youssoufia, Mohamed Amaoui, lors d\u2019une c\u00e9r\u00e9monie organis\u00e9e, jeudi \u00e0 Safi, \u00e0 [&hellip;]<\/p>\n","protected":false},"author":1788,"featured_media":0,"comment_status":"closed","ping_status":"closed","sticky":false,"template":"","format":"standard","meta":{"fifu_image_url":"","fifu_image_alt":"","footnotes":""},"categories":[54,76],"tags":[],"class_list":["post-35035","post","type-post","status-publish","format-standard","hentry","category-maroc","category-regions"],"_links":{"self":[{"href":"https:\/\/linitiative.ca\/International\/wp-json\/wp\/v2\/posts\/35035","targetHints":{"allow":["GET"]}}],"collection":[{"href":"https:\/\/linitiative.ca\/International\/wp-json\/wp\/v2\/posts"}],"about":[{"href":"https:\/\/linitiative.ca\/International\/wp-json\/wp\/v2\/types\/post"}],"author":[{"embeddable":true,"href":"https:\/\/linitiative.ca\/International\/wp-json\/wp\/v2\/users\/1788"}],"replies":[{"embeddable":true,"href":"https:\/\/linitiative.ca\/International\/wp-json\/wp\/v2\/comments?post=35035"}],"version-history":[{"count":0,"href":"https:\/\/linitiative.ca\/International\/wp-json\/wp\/v2\/posts\/35035\/revisions"}],"wp:attachment":[{"href":"https:\/\/linitiative.ca\/International\/wp-json\/wp\/v2\/media?parent=35035"}],"wp:term":[{"taxonomy":"category","embeddable":true,"href":"https:\/\/linitiative.ca\/International\/wp-json\/wp\/v2\/categories?post=35035"},{"taxonomy":"post_tag","embeddable":true,"href":"https:\/\/linitiative.ca\/International\/wp-json\/wp\/v2\/tags?post=35035"}],"curies":[{"name":"wp","href":"https:\/\/api.w.org\/{rel}","templated":true}]}}