{"id":35036,"date":"2019-05-17T22:24:07","date_gmt":"2019-05-18T02:24:07","guid":{"rendered":"https:\/\/linitiative.ca\/International\/essaouira-plante-ses-oliviers-de-la-fraternite\/"},"modified":"2019-05-17T22:24:07","modified_gmt":"2019-05-18T02:24:07","slug":"essaouira-plante-ses-oliviers-de-la-fraternite","status":"publish","type":"post","link":"https:\/\/linitiative.ca\/International\/essaouira-plante-ses-oliviers-de-la-fraternite\/","title":{"rendered":"Essaouira plante ses oliviers de la fraternit\u00e9"},"content":{"rendered":"<div readability=\"37\">\n<p>Essaouira \u2013 Une initiative in\u00e9dite baptis\u00e9e \u00a0\u00bbPlantons la Fraternit\u00e9\u00a0\u00bb et qui consiste \u00e0 planter des oliviers en signe de fraternit\u00e9, de paix, et d\u2019entente mutuelle entre les religions monoth\u00e9istes, a \u00e9t\u00e9 organis\u00e9e vendredi \u00e0 Essaouira.<\/p>\n<\/div>\n<div readability=\"155\">\n<p>Initi\u00e9e par l\u2019association \u00a0\u00bbMoga\u2019jeunes\u00a0\u00bb en partenariat avec l\u2019association \u00a0\u00bbEssaouira- Mogador\u00a0\u00bb, cette action s\u2019inscrit dans le cadre des efforts men\u00e9s par la soci\u00e9t\u00e9 civile pour promouvoir la culture de paix, de tol\u00e9rance, d\u2019ouverture, de respect mutuel et du vivre-ensemble entre les religions et les peuples, qui caract\u00e9rise le Maroc depuis de longs si\u00e8cles.<\/p>\n<p>Ainsi, un ar\u00e9opage d\u2019acteurs associatifs de la cit\u00e9 des aliz\u00e9s, des membres de la Fondation du Haut Atlas, des r\u00e9sidents \u00e9trangers \u00e0 Essaouira et des adeptes de confr\u00e9ries religieuses ont proc\u00e9d\u00e9 \u00e0 l\u2019\u00e9glise catholique Notre Dame de l\u2019Assomption, \u00e0 la plantation d\u2019un olivier de la fraternit\u00e9.<\/p>\n<p>Par la suite, ils se sont dirig\u00e9s \u00e0 Bayt Dakira (Maison de la M\u00e9moire) en cours d\u2019ach\u00e8vement qui abrite la Synagogue Simon Attia, o\u00f9 un autre olivier de la fraternit\u00e9 a \u00e9t\u00e9 plant\u00e9.<\/p>\n<p>Un autre olivier de la fraternit\u00e9 a \u00e9t\u00e9 \u00e9galement plant\u00e9 \u00e0 la mosqu\u00e9e de la Zaouia El Kadiriya \u00e0 Essaouira.<\/p>\n<p>A noter que cette action d\u2019entente mutuelle entre les religions a \u00e9t\u00e9 organis\u00e9e simultan\u00e9ment dans les villes de Rabat, F\u00e8s, Oujda, Marrakech et Casablanca et \u00e0 Bruxelles, par les jeunes membres des associations regroup\u00e9es sous le \u00a0\u00bbLabel Morocco l\u2019Ghedd\u2019\u2019, une occasion d\u2019adresser un signal fort \u00e0 l\u2019ensemble de la Jeunesse, au Maroc bien s\u00fbr mais \u00e9galement \u00e0 travers le monde meurtri par la barbarie.<\/p>\n<p>\u00a0\u00bbLes jeunes prennent la fraternit\u00e9 \u00e0 la racine : le mois sacr\u00e9 du Ramadan, outre le je\u00fbne, est l\u2019occasion de faire preuve de fa\u00e7on encore plus approfondie de fraternit\u00e9, de solidarit\u00e9 et d\u2019attention envers autrui\u00a0\u00bb, explique M. Ahmed Ghiyat dans une note parvenue \u00e0 la MAP.<\/p>\n<p>Et d\u2019ajouter que Ramadan est \u00ab\u00a0un mois de pi\u00e9t\u00e9, de spiritualit\u00e9 qui doit nous permettre de nous approcher de l\u2019Autre. La jeunesse est l\u2019\u00e2ge o\u00f9 l\u2019ouverture, l\u2019esprit, l\u2019entraide, la curiosit\u00e9 et autres sont naturelles\u00a0\u00bb, d\u00e9plorant le fait que les temps actuels ne pr\u00e9disposent gu\u00e8re \u00e0 ces nobles sentiments. \u00a0\u00bbPire encore, ce sont les instincts les plus belliqueux qui sont attis\u00e9s : rejet, haine, violence, racisme\u2026\u00a0\u00bb, a-t-il dit.<\/p>\n<p>M. Ghiyat n\u2019a pas manqu\u00e9 de souligner que la jeunesse marocaine est issue d\u2019une longue et belle tradition de vivre-ensemble, pourtant elle aussi, est la cible de courants de \u2018\u2019pens\u00e9e\u2019\u2019 dont l\u2019objectif est de \u00ab\u00a0d\u00e9truire l\u2019humanit\u00e9 qui est en chacun de nous\u00a0\u00bb, estimant que toute occasion de faire vivre la solidarit\u00e9, la fraternit\u00e9 doit \u00eatre saisie.<\/p>\n<p>Dans une allocution de circonstance, le pr\u00e9sident de l\u2019association \u00a0\u00bbMoga\u2019Jeunes\u00a0\u00bb, Otmane Mazzine, a relev\u00e9 que cette initiative t\u00e9moigne de la volont\u00e9 de son association de faire vivre la Fraternit\u00e9, pour lutter contre l\u2019exclusion, et promouvoir les valeurs de paix, de respect mutuel et du vivre-ensemble notamment dans un monde en proie \u00e0 la fracture et \u00e0 l\u2019exclusion, r\u00e9it\u00e9rant l\u2019engagement des jeunes souiris \u00e0 multiplier ce genre d\u2019initiatives.<\/p>\n<p>Le P\u00e8re Jean-Claude Gons, Cur\u00e9 de l\u2019\u00e9glise Notre Dame de l\u2019Assomption d\u2019Essaouira, a dit toute sa joie de voir cette jeunesse, qui est l\u2019avenir, prendre cette initiative, notant que le choix de planter un olivier en signe de Fraternit\u00e9 est judicieux car l\u2019olivier va grandir et c\u2019est toute la paix qui doit grandir.<\/p>\n<p>Il faut s\u2019int\u00e9resser \u00e0 l\u2019autre et chercher \u00e0 le connaitre, se mettre au dialogue et \u00e0 la cohabitation et surtout d\u2019oeuvrer \u00e0 la paix, \u00e0 la rencontre et \u00e0 l\u2019amiti\u00e9, a-t-il pr\u00e9conis\u00e9.<\/p>\n<p>Ahmed Harrouz, au nom de l\u2019Association Essaouira-Mogador, a lou\u00e9 cette initiative port\u00e9e par les jeunes, se disant en faveur de la multiplication de ce genre d\u2019actions pour contrecarrer tous ceux qui pr\u00f4nent un discours radical attisant la haine et la violence.<\/p>\n<p>Yossef Ben-Meir, pr\u00e9sident de la Fondation du Haut Atlas, a mis en avant cette singularit\u00e9 du Maroc en mati\u00e8re de tol\u00e9rance, de paix et de coexistence, invitant musulmans, juifs et chr\u00e9tiens \u00e0 oeuvrer la main dans la main pour b\u00e2tir un avenir s\u00fbr et harmonieux pour toute l\u2019humanit\u00e9.<\/p>\n<p>My Abdessalam El Moutaouakil, acteur associatif souiri, s\u2019est attard\u00e9, quant \u00e0 lui, sur cet aspect d\u2019ouverture, de cohabitation et de respect mutuel qui a toujours caract\u00e9ris\u00e9 la ville d\u2019Essaouira, mettant en avant les efforts d\u00e9ploy\u00e9s par le Maroc pour promouvoir l\u2019islam tol\u00e9rant et du juste milieu.<\/p>\n<\/div>\n<p>Auteur: Meriem IGASS<br \/>\n<a href=\"http:\/\/www.mapmarrakech.ma\/fr\/essaouira-plante-ses-oliviers-de-la-fraternite\/\">Cliquez ici pour lire l&rsquo;article depuis sa source.<\/a><\/p>\n","protected":false},"excerpt":{"rendered":"<p>Essaouira \u2013 Une initiative in\u00e9dite baptis\u00e9e \u00a0\u00bbPlantons la Fraternit\u00e9\u00a0\u00bb et qui consiste \u00e0 planter des oliviers en signe de fraternit\u00e9, de paix, et d\u2019entente mutuelle entre les religions monoth\u00e9istes, a \u00e9t\u00e9 organis\u00e9e vendredi \u00e0 Essaouira. Initi\u00e9e par l\u2019association \u00a0\u00bbMoga\u2019jeunes\u00a0\u00bb en partenariat avec l\u2019association \u00a0\u00bbEssaouira- Mogador\u00a0\u00bb, cette action s\u2019inscrit dans le cadre des efforts men\u00e9s par [&hellip;]<\/p>\n","protected":false},"author":1788,"featured_media":0,"comment_status":"closed","ping_status":"closed","sticky":false,"template":"","format":"standard","meta":{"fifu_image_url":"","fifu_image_alt":"","footnotes":""},"categories":[54,76],"tags":[],"class_list":["post-35036","post","type-post","status-publish","format-standard","hentry","category-maroc","category-regions"],"_links":{"self":[{"href":"https:\/\/linitiative.ca\/International\/wp-json\/wp\/v2\/posts\/35036","targetHints":{"allow":["GET"]}}],"collection":[{"href":"https:\/\/linitiative.ca\/International\/wp-json\/wp\/v2\/posts"}],"about":[{"href":"https:\/\/linitiative.ca\/International\/wp-json\/wp\/v2\/types\/post"}],"author":[{"embeddable":true,"href":"https:\/\/linitiative.ca\/International\/wp-json\/wp\/v2\/users\/1788"}],"replies":[{"embeddable":true,"href":"https:\/\/linitiative.ca\/International\/wp-json\/wp\/v2\/comments?post=35036"}],"version-history":[{"count":0,"href":"https:\/\/linitiative.ca\/International\/wp-json\/wp\/v2\/posts\/35036\/revisions"}],"wp:attachment":[{"href":"https:\/\/linitiative.ca\/International\/wp-json\/wp\/v2\/media?parent=35036"}],"wp:term":[{"taxonomy":"category","embeddable":true,"href":"https:\/\/linitiative.ca\/International\/wp-json\/wp\/v2\/categories?post=35036"},{"taxonomy":"post_tag","embeddable":true,"href":"https:\/\/linitiative.ca\/International\/wp-json\/wp\/v2\/tags?post=35036"}],"curies":[{"name":"wp","href":"https:\/\/api.w.org\/{rel}","templated":true}]}}