{"id":35047,"date":"2019-05-18T15:14:20","date_gmt":"2019-05-18T19:14:20","guid":{"rendered":"https:\/\/linitiative.ca\/International\/international-man-city-de-bruyne-je-ne-me-sens-pas-desole-pour-liverpool\/"},"modified":"2019-05-18T15:14:20","modified_gmt":"2019-05-18T19:14:20","slug":"international-man-city-de-bruyne-je-ne-me-sens-pas-desole-pour-liverpool","status":"publish","type":"post","link":"https:\/\/linitiative.ca\/International\/international-man-city-de-bruyne-je-ne-me-sens-pas-desole-pour-liverpool\/","title":{"rendered":"International : Man City &#8211; De Bruyne : \u00ab\u00a0Je ne me sens pas d\u00e9sol\u00e9 pour Liverpool\u00a0\u00bb"},"content":{"rendered":"<div readability=\"32\">\n<p>Auteur : <span class=\"time\">samedi 18 mai 2019 12:07<\/span><\/p>\n<\/div>\n<div id=\"post_core\" readability=\"47\">\n<p>Pas de quoi attendrir Kevin De Bruyne (27 ans), champion avec Manchester City, et qui n\u2019\u00e9prouve pas la moindre compassion pour les Reds :<\/p>\n<p>\u00ab\u00a0Non. C&rsquo;est un effort remarquable, mais cela signifie juste que nous \u00e9tions meilleurs qu&rsquo;eux finalement, a estim\u00e9 le milieu belge. Je ne me sens pas d\u00e9sol\u00e9 pour eux, je ne pense pas qu&rsquo;ils l&rsquo;auraient \u00e9t\u00e9 pour nous. Je pense que personne ne s&rsquo;est senti d\u00e9sol\u00e9 apr\u00e8s la fa\u00e7on dont nous avons \u00e9t\u00e9 \u00e9limin\u00e9s en Ligue des Champions. Je sais ce qu&rsquo;ils ressentent, ils doivent \u00eatre d\u00e9\u00e7us. Cela a \u00e9t\u00e9 un super duel. Mais se sentir d\u00e9sol\u00e9 pour eux, ce serait peut-\u00eatre un peu trop.\u00a0\u00bb Des propos relay\u00e9s par Maxifoot.<\/p>\n<p><strong>Publi\u00e9 dans :<\/strong> <span>Manchester City<\/span><\/p>\n<\/div>\n<p>Auteur:<br \/>\n<a href=\"http:\/\/www.lebuteur.com\/article\/detail?titre=man-city-de-bruyne-je-ne-me-sens-pas-desole-pour-liverpool&#038;id=88908&#038;utm_source=feedburner&#038;utm_medium=feed&#038;utm_campaign=Feed%3A+GalerieFArtciles+%28Les+derniers+articles++-+lebuteur.com%29\">Cliquez ici pour lire l&rsquo;article depuis sa source.<\/a><\/p>\n","protected":false},"excerpt":{"rendered":"<p>Auteur : samedi 18 mai 2019 12:07 Pas de quoi attendrir Kevin De Bruyne (27 ans), champion avec Manchester City, et qui n\u2019\u00e9prouve pas la moindre compassion pour les Reds : \u00ab\u00a0Non. C&rsquo;est un effort remarquable, mais cela signifie juste que nous \u00e9tions meilleurs qu&rsquo;eux finalement, a estim\u00e9 le milieu belge. Je ne me sens [&hellip;]<\/p>\n","protected":false},"author":1738,"featured_media":35048,"comment_status":"closed","ping_status":"closed","sticky":false,"template":"","format":"standard","meta":{"fifu_image_url":"","fifu_image_alt":"","footnotes":""},"categories":[53,75],"tags":[],"class_list":["post-35047","post","type-post","status-publish","format-standard","has-post-thumbnail","hentry","category-algerie","category-sport"],"_links":{"self":[{"href":"https:\/\/linitiative.ca\/International\/wp-json\/wp\/v2\/posts\/35047","targetHints":{"allow":["GET"]}}],"collection":[{"href":"https:\/\/linitiative.ca\/International\/wp-json\/wp\/v2\/posts"}],"about":[{"href":"https:\/\/linitiative.ca\/International\/wp-json\/wp\/v2\/types\/post"}],"author":[{"embeddable":true,"href":"https:\/\/linitiative.ca\/International\/wp-json\/wp\/v2\/users\/1738"}],"replies":[{"embeddable":true,"href":"https:\/\/linitiative.ca\/International\/wp-json\/wp\/v2\/comments?post=35047"}],"version-history":[{"count":0,"href":"https:\/\/linitiative.ca\/International\/wp-json\/wp\/v2\/posts\/35047\/revisions"}],"wp:featuredmedia":[{"embeddable":true,"href":"https:\/\/linitiative.ca\/International\/wp-json\/"}],"wp:attachment":[{"href":"https:\/\/linitiative.ca\/International\/wp-json\/wp\/v2\/media?parent=35047"}],"wp:term":[{"taxonomy":"category","embeddable":true,"href":"https:\/\/linitiative.ca\/International\/wp-json\/wp\/v2\/categories?post=35047"},{"taxonomy":"post_tag","embeddable":true,"href":"https:\/\/linitiative.ca\/International\/wp-json\/wp\/v2\/tags?post=35047"}],"curies":[{"name":"wp","href":"https:\/\/api.w.org\/{rel}","templated":true}]}}