{"id":35049,"date":"2019-05-18T15:14:22","date_gmt":"2019-05-18T19:14:22","guid":{"rendered":"https:\/\/linitiative.ca\/International\/international-real-pjanic-eriksen-et-pogba-la-preference-de-zidane\/"},"modified":"2019-05-18T15:14:22","modified_gmt":"2019-05-18T19:14:22","slug":"international-real-pjanic-eriksen-et-pogba-la-preference-de-zidane","status":"publish","type":"post","link":"https:\/\/linitiative.ca\/International\/international-real-pjanic-eriksen-et-pogba-la-preference-de-zidane\/","title":{"rendered":"International : Real : Pjanic, Eriksen et Pogba. la pr\u00e9f\u00e9rence de Zidane"},"content":{"rendered":"<div readability=\"32\">\n<p>Auteur : <span class=\"time\">samedi 18 mai 2019 13:27<\/span><\/p>\n<\/div>\n<div id=\"post_core\" readability=\"58\">\n<p>Selon toutes vraisemblances, Luka Jovic et Eden Hazard seront les deux premiers renforts du Real Madrid cette intersaison. Les deux attaquants devraient \u00eatre annonc\u00e9s ces prochains jours. Le Real s\u2019est d\u00e9j\u00e0 renforc\u00e9 en d\u00e9fense avec l\u2019arriv\u00e9e d\u2019Eder Militao, le d\u00e9fenseur br\u00e9silien, transfuge du FC Porto, et la priorit\u00e9 est maintenant d\u2019enr\u00f4ler une grosse pointure au milieu du terrain comme le souligne Butfootballclub.<\/p>\n<p>Depuis quelques semaines, trois noms reviennent avec insistance, ceux de Miralem Pjanic (Juventus), de Christian Eriksen (Tottenham) et de Paul Pogba (Manchester United). Et d\u2019apr\u00e8s Mundo Deportivo,\u00a0ce samedi, Zidane privil\u00e9gierait la piste du champion du monde.<\/p>\n<p>\u00ab\u00a0Le Real acc\u00e9l\u00e8re pour Pogba \u00e0 la demande expresse de Zidane\u00a0\u00bb, r\u00e9v\u00e8le le quotidien catalan, selon lequel le cas Pogba ferait d\u00e9bat au sein de la Casa Blanca. \u00ab\u00a0Au club, on pr\u00e9f\u00e9rerait un profil comme Pjanic ou Eriksen, mais le coach continue d\u2019insister avec Pogba\u00a0\u00bb.<\/p>\n<p><strong>Publi\u00e9 dans :<\/strong> <span>real madrid<\/span><\/p>\n<\/div>\n<p>Auteur:<br \/>\n<a href=\"http:\/\/www.lebuteur.com\/article\/detail?titre=real-pjanic-eriksen-et-pogba-la-preference-de-zidane&#038;id=88909&#038;utm_source=feedburner&#038;utm_medium=feed&#038;utm_campaign=Feed%3A+GalerieFArtciles+%28Les+derniers+articles++-+lebuteur.com%29\">Cliquez ici pour lire l&rsquo;article depuis sa source.<\/a><\/p>\n","protected":false},"excerpt":{"rendered":"<p>Auteur : samedi 18 mai 2019 13:27 Selon toutes vraisemblances, Luka Jovic et Eden Hazard seront les deux premiers renforts du Real Madrid cette intersaison. Les deux attaquants devraient \u00eatre annonc\u00e9s ces prochains jours. Le Real s\u2019est d\u00e9j\u00e0 renforc\u00e9 en d\u00e9fense avec l\u2019arriv\u00e9e d\u2019Eder Militao, le d\u00e9fenseur br\u00e9silien, transfuge du FC Porto, et la priorit\u00e9 [&hellip;]<\/p>\n","protected":false},"author":1738,"featured_media":35050,"comment_status":"closed","ping_status":"closed","sticky":false,"template":"","format":"standard","meta":{"fifu_image_url":"","fifu_image_alt":"","footnotes":""},"categories":[53,75],"tags":[],"class_list":["post-35049","post","type-post","status-publish","format-standard","has-post-thumbnail","hentry","category-algerie","category-sport"],"_links":{"self":[{"href":"https:\/\/linitiative.ca\/International\/wp-json\/wp\/v2\/posts\/35049","targetHints":{"allow":["GET"]}}],"collection":[{"href":"https:\/\/linitiative.ca\/International\/wp-json\/wp\/v2\/posts"}],"about":[{"href":"https:\/\/linitiative.ca\/International\/wp-json\/wp\/v2\/types\/post"}],"author":[{"embeddable":true,"href":"https:\/\/linitiative.ca\/International\/wp-json\/wp\/v2\/users\/1738"}],"replies":[{"embeddable":true,"href":"https:\/\/linitiative.ca\/International\/wp-json\/wp\/v2\/comments?post=35049"}],"version-history":[{"count":0,"href":"https:\/\/linitiative.ca\/International\/wp-json\/wp\/v2\/posts\/35049\/revisions"}],"wp:featuredmedia":[{"embeddable":true,"href":"https:\/\/linitiative.ca\/International\/wp-json\/"}],"wp:attachment":[{"href":"https:\/\/linitiative.ca\/International\/wp-json\/wp\/v2\/media?parent=35049"}],"wp:term":[{"taxonomy":"category","embeddable":true,"href":"https:\/\/linitiative.ca\/International\/wp-json\/wp\/v2\/categories?post=35049"},{"taxonomy":"post_tag","embeddable":true,"href":"https:\/\/linitiative.ca\/International\/wp-json\/wp\/v2\/tags?post=35049"}],"curies":[{"name":"wp","href":"https:\/\/api.w.org\/{rel}","templated":true}]}}