{"id":35051,"date":"2019-05-18T15:14:23","date_gmt":"2019-05-18T19:14:23","guid":{"rendered":"https:\/\/linitiative.ca\/International\/pros-hoffenheim-belfodil-buteur-puis-sorti-sur-blessure-contre-mainz-video\/"},"modified":"2019-05-18T15:14:23","modified_gmt":"2019-05-18T19:14:23","slug":"pros-hoffenheim-belfodil-buteur-puis-sorti-sur-blessure-contre-mainz-video","status":"publish","type":"post","link":"https:\/\/linitiative.ca\/International\/pros-hoffenheim-belfodil-buteur-puis-sorti-sur-blessure-contre-mainz-video\/","title":{"rendered":"Pros : Hoffenheim: Belfodil buteur puis sorti sur blessure contre Mainz (Vid\u00e9o)"},"content":{"rendered":"<div readability=\"32\">\n<p>Auteur : <span class=\"time\">samedi 18 mai 2019 17:27<\/span><\/p>\n<\/div>\n<div id=\"post_core\" readability=\"41\">\n<p>Lors de l\u2019ultime journ\u00e9e de la Bundesliga, Ishak Belfodil a r\u00e9ussi \u00e0 signer aujourd\u2019hui son 16\u00e8me but de la saison. Alors que son team s\u2019est inclin\u00e9 sur le score de quatre buts \u00e0 deux chez Mainz, Belfodil a ouvert le score pour Hoffenheim \u00e0 la 12\u2019 de jeu. Cependant, Belfodil n\u2019a pas r\u00e9ussi \u00e0 aller au bout de ce match. Ayant senti des douleurs au genou, le joueur Alg\u00e9rien de Hoffenheim a c\u00e9d\u00e9 sa place \u00e0 Szalai peu apr\u00e8s la demi-heure de jeu.<\/p>\n<p><iframe loading=\"lazy\" allow=\"accelerometer; autoplay; encrypted-media; gyroscope; picture-in-picture\" allowfullscreen=\"\" frameborder=\"0\" height=\"315\" src=\"https:\/\/www.youtube.com\/embed\/NnRGhD_fb98\" width=\"560\">[embedded content]<\/iframe><\/p>\n<p><strong>Publi\u00e9 dans :<\/strong> <span>belfodil<\/span> <span>Mainz<\/span><\/p>\n<\/div>\n<p>Auteur:<br \/>\n<a href=\"http:\/\/www.lebuteur.com\/article\/detail?titre=hoffenheim-belfodil-buteur-puis-sorti-sur-blessure-contre-mainz-video&#038;id=88910&#038;utm_source=feedburner&#038;utm_medium=feed&#038;utm_campaign=Feed%3A+GalerieFArtciles+%28Les+derniers+articles++-+lebuteur.com%29\">Cliquez ici pour lire l&rsquo;article depuis sa source.<\/a><\/p>\n","protected":false},"excerpt":{"rendered":"<p>Auteur : samedi 18 mai 2019 17:27 Lors de l\u2019ultime journ\u00e9e de la Bundesliga, Ishak Belfodil a r\u00e9ussi \u00e0 signer aujourd\u2019hui son 16\u00e8me but de la saison. Alors que son team s\u2019est inclin\u00e9 sur le score de quatre buts \u00e0 deux chez Mainz, Belfodil a ouvert le score pour Hoffenheim \u00e0 la 12\u2019 de jeu. [&hellip;]<\/p>\n","protected":false},"author":1738,"featured_media":35052,"comment_status":"closed","ping_status":"closed","sticky":false,"template":"","format":"standard","meta":{"fifu_image_url":"","fifu_image_alt":"","footnotes":""},"categories":[53,75],"tags":[],"class_list":["post-35051","post","type-post","status-publish","format-standard","has-post-thumbnail","hentry","category-algerie","category-sport"],"_links":{"self":[{"href":"https:\/\/linitiative.ca\/International\/wp-json\/wp\/v2\/posts\/35051","targetHints":{"allow":["GET"]}}],"collection":[{"href":"https:\/\/linitiative.ca\/International\/wp-json\/wp\/v2\/posts"}],"about":[{"href":"https:\/\/linitiative.ca\/International\/wp-json\/wp\/v2\/types\/post"}],"author":[{"embeddable":true,"href":"https:\/\/linitiative.ca\/International\/wp-json\/wp\/v2\/users\/1738"}],"replies":[{"embeddable":true,"href":"https:\/\/linitiative.ca\/International\/wp-json\/wp\/v2\/comments?post=35051"}],"version-history":[{"count":0,"href":"https:\/\/linitiative.ca\/International\/wp-json\/wp\/v2\/posts\/35051\/revisions"}],"wp:featuredmedia":[{"embeddable":true,"href":"https:\/\/linitiative.ca\/International\/wp-json\/"}],"wp:attachment":[{"href":"https:\/\/linitiative.ca\/International\/wp-json\/wp\/v2\/media?parent=35051"}],"wp:term":[{"taxonomy":"category","embeddable":true,"href":"https:\/\/linitiative.ca\/International\/wp-json\/wp\/v2\/categories?post=35051"},{"taxonomy":"post_tag","embeddable":true,"href":"https:\/\/linitiative.ca\/International\/wp-json\/wp\/v2\/tags?post=35051"}],"curies":[{"name":"wp","href":"https:\/\/api.w.org\/{rel}","templated":true}]}}