{"id":35055,"date":"2019-05-18T15:14:25","date_gmt":"2019-05-18T19:14:25","guid":{"rendered":"https:\/\/linitiative.ca\/International\/international-real-madrid-zidane-brandit-la-menace-dun-depart\/"},"modified":"2019-05-18T15:14:25","modified_gmt":"2019-05-18T19:14:25","slug":"international-real-madrid-zidane-brandit-la-menace-dun-depart","status":"publish","type":"post","link":"https:\/\/linitiative.ca\/International\/international-real-madrid-zidane-brandit-la-menace-dun-depart\/","title":{"rendered":"International : Real Madrid: Zidane brandit la menace d\u2019un d\u00e9part"},"content":{"rendered":"<div readability=\"32\">\n<p>Auteur : <span class=\"time\">samedi 18 mai 2019 17:42<\/span><\/p>\n<\/div>\n<div id=\"post_core\" readability=\"58\">\n<p>Une derni\u00e8re conf\u00e9rence de presse en guise d&rsquo;avertissement. \u00c0 la veille du dernier match de la saison du Real Madrid, contre le Betis, Zinedine Zidane a fait savoir qu&rsquo;il n&rsquo;h\u00e9sitera pas \u00e0 partir s&rsquo;il ne dispose pas des pleins pouvoirs concernant la gestion de l&rsquo;\u00e9quipe et, plus particuli\u00e8rement, la hi\u00e9rarchie des gardiens. Une mise en garde \u00e0 l&rsquo;adresse de sa direction qui serait peu encline \u00e0 promouvoir son fils a\u00een\u00e9, Luca, en tant que doublure de Thibaut Courtois: \u00ab\u00a0Quand la saison d\u00e9butera, je dirai qui sera le num\u00e9ro un et le num\u00e9ro deux. C&rsquo;est ma d\u00e9cision. (&#8230;) C&rsquo;est clair comme de l&rsquo;eau de roche. Si je ne peux pas faire ce que je veux avec mon \u00e9quipe, je m&rsquo;en irai\u00a0\u00bb, a pr\u00e9venu le Fran\u00e7ais face aux journalistes. \u00ab\u00a0Apr\u00e8s, il y a des gens qui travaillent sur les signatures et nous les ferons ensemble. Mais pour le onze, le banc, ceux qui sont mis \u00e0 l&rsquo;\u00e9cart, c&rsquo;est moi seul avec mon staff\u00a0\u00bb, a-t-il ajout\u00e9. Alors que l&rsquo;avenir de Keylor Navas s&rsquo;inscrit en pointill\u00e9s, Zinedine Zidane a vant\u00e9 les qualit\u00e9s de son fils Luca face au traitement m\u00e9diatique dont il fait l&rsquo;objet: \u00ab\u00a0Je pense que ce n&rsquo;est pas juste, non pas parce que c&rsquo;est mon fils, mais par rapport \u00e0 un joueur qui a fait toutes ses classes ici. Cela fait 15-17 qu&rsquo;il joue. Il a d\u00e9montr\u00e9 que c&rsquo;\u00e9tait un gardien de haut niveau, point. Apr\u00e8s, je ne vais pas rentrer dans le truc de savoir si c&rsquo;est juste ou injuste\u00a0\u00bb. Enfin, le champion du monde 98 a assur\u00e9 qu&rsquo;il n&rsquo;avait pas encore fix\u00e9 son choix pour la hi\u00e9rarchie des gardiens et a donc ni\u00e9 avoir d&rsquo;ores et d\u00e9j\u00e0 impos\u00e9 Luca comme doublure: \u00ab\u00a0Je n\u2019ai rien demand\u00e9 au club. Pour que ce soit clair, je n\u2019ai pas dit que Luca sera le num\u00e9ro 2 l\u2019ann\u00e9e prochaine.\u00a0\u00bbrapporte rmcsport.bfmtv.com.<\/p>\n<p><strong>Publi\u00e9 dans :<\/strong> <span>Zidane<\/span> <span>real madrid<\/span><\/p>\n<\/div>\n<p>Auteur:<br \/>\n<a href=\"http:\/\/www.lebuteur.com\/article\/detail?titre=real-madrid-zidane-brandit-la-menace-dun-depart&#038;id=88912&#038;utm_source=feedburner&#038;utm_medium=feed&#038;utm_campaign=Feed%3A+GalerieFArtciles+%28Les+derniers+articles++-+lebuteur.com%29\">Cliquez ici pour lire l&rsquo;article depuis sa source.<\/a><\/p>\n","protected":false},"excerpt":{"rendered":"<p>Auteur : samedi 18 mai 2019 17:42 Une derni\u00e8re conf\u00e9rence de presse en guise d&rsquo;avertissement. \u00c0 la veille du dernier match de la saison du Real Madrid, contre le Betis, Zinedine Zidane a fait savoir qu&rsquo;il n&rsquo;h\u00e9sitera pas \u00e0 partir s&rsquo;il ne dispose pas des pleins pouvoirs concernant la gestion de l&rsquo;\u00e9quipe et, plus particuli\u00e8rement, [&hellip;]<\/p>\n","protected":false},"author":1738,"featured_media":35056,"comment_status":"closed","ping_status":"closed","sticky":false,"template":"","format":"standard","meta":{"fifu_image_url":"","fifu_image_alt":"","footnotes":""},"categories":[53,75],"tags":[],"class_list":["post-35055","post","type-post","status-publish","format-standard","has-post-thumbnail","hentry","category-algerie","category-sport"],"_links":{"self":[{"href":"https:\/\/linitiative.ca\/International\/wp-json\/wp\/v2\/posts\/35055","targetHints":{"allow":["GET"]}}],"collection":[{"href":"https:\/\/linitiative.ca\/International\/wp-json\/wp\/v2\/posts"}],"about":[{"href":"https:\/\/linitiative.ca\/International\/wp-json\/wp\/v2\/types\/post"}],"author":[{"embeddable":true,"href":"https:\/\/linitiative.ca\/International\/wp-json\/wp\/v2\/users\/1738"}],"replies":[{"embeddable":true,"href":"https:\/\/linitiative.ca\/International\/wp-json\/wp\/v2\/comments?post=35055"}],"version-history":[{"count":0,"href":"https:\/\/linitiative.ca\/International\/wp-json\/wp\/v2\/posts\/35055\/revisions"}],"wp:featuredmedia":[{"embeddable":true,"href":"https:\/\/linitiative.ca\/International\/wp-json\/"}],"wp:attachment":[{"href":"https:\/\/linitiative.ca\/International\/wp-json\/wp\/v2\/media?parent=35055"}],"wp:term":[{"taxonomy":"category","embeddable":true,"href":"https:\/\/linitiative.ca\/International\/wp-json\/wp\/v2\/categories?post=35055"},{"taxonomy":"post_tag","embeddable":true,"href":"https:\/\/linitiative.ca\/International\/wp-json\/wp\/v2\/tags?post=35055"}],"curies":[{"name":"wp","href":"https:\/\/api.w.org\/{rel}","templated":true}]}}