{"id":35059,"date":"2019-05-18T15:14:27","date_gmt":"2019-05-18T19:14:27","guid":{"rendered":"https:\/\/linitiative.ca\/International\/pros-belkebla-la-trouvaille-de-belmadi-pour-la-can\/"},"modified":"2019-05-18T15:14:27","modified_gmt":"2019-05-18T19:14:27","slug":"pros-belkebla-la-trouvaille-de-belmadi-pour-la-can","status":"publish","type":"post","link":"https:\/\/linitiative.ca\/International\/pros-belkebla-la-trouvaille-de-belmadi-pour-la-can\/","title":{"rendered":"Pros : Belkebla la trouvaille de Belmadi pour la CAN ?"},"content":{"rendered":"<div readability=\"32\">\n<p>Auteur : <span>Moumen A.<\/span> <span class=\"time\">samedi 18 mai 2019 19:06<\/span><\/p>\n<\/div>\n<div id=\"post_core\" readability=\"83\">\n<p>\u00a0Dans un registre o\u00f9 la concurrence n\u2019est pas au mieux apr\u00e8s la d\u00e9fection de Yassine Benzia sans comp\u00e9tition depuis le mois de d\u00e9cembre dernier, et un Nabil Bentaleb loin du niveau escompt\u00e9, l\u2019entraineur national Djamel Belmadi compte bien renforcer son milieu de terrain par la convocation d\u2019un joueur \u00e0 m\u00eame de ramener plus de concurrence dans une comp\u00e9tition comme la CAN. C\u2019est le soci\u00e9taire du Stade Brestois Haris Belkebla qui pourrait se pr\u00e9senter comme une solution fiable au milieu du terrain de l\u2019Equipe nationale<\/p>\n<p><strong>32 matchs jou\u00e9s, dont 31 comme titulaire<\/strong><\/p>\n<p>Apr\u00e8s deux saisons remarquables au FC Tours, Haris Belkebla a \u00e9t\u00e9 d\u00e9nich\u00e9 par l\u2019entraineur Jean-Marc Furlan qui est all\u00e9 le recruter en d\u00e9but de saison au Stade Brestois pour faire de lui l\u2019un des joueurs les plus influents de son \u00e9quipe et l\u2019un des pionniers de cette accession en Ligue 1 r\u00e9alis\u00e9e par le club breton, cette ann\u00e9e. Belkebla a sorti encore une saison pleine avec 32 matchs jou\u00e9s, dont 31 comme titulaire pour un but d\u00e9cisif marqu\u00e9 contre Grenoble. N\u2019ayant per\u00e7u le moindre carton rouge, Haris est aussi tr\u00e8s propres dans son jeu et pr\u00e9cis dans ses relances. Un joueur tr\u00e8s pr\u00e9cieux tactiquement comme son coach le qualifie en un mot.<\/p>\n<p><strong>Son int\u00e9gration ne causera aucun probl\u00e8me<\/strong><\/p>\n<p>Pour ceux qui ne le savent pas, le milieu e terrain polyvalent du Stade Brestois Haris Belkebla est un joueur binational qui a fait son choix tr\u00e8s jeune pour l\u2019Alg\u00e9rie. En effet, Belkebla avait r\u00e9pondu pr\u00e9sent \u00e0 la convocation de Schumann pour disputer les Jeux olympiques avec l\u2019\u00e9quipe nationale espoirs au JO 2016 \u00e0 Rio de Janeiro au Br\u00e9sil, avant d\u2019\u00eatre compl\u00e9tement marginalis\u00e9 par Leekens, Alcaraz et Madjer. Djamel Belmadi le gardait \u00e0 l\u2019\u0153il depuis un moment et ses performances peuvent lui permettre de postuler \u00e0 une place en s\u00e9lection, surtout que son int\u00e9gration ne devrait causer aucun probl\u00e8me, \u00e9tant donn\u00e9 que Belkebla connait pas mal de joueurs de l\u2019EN, \u00e0 l\u2019image de Tahrat, Oukidja, qu\u2019il a crois\u00e9 sur les terrains de Ligue 2, ou Bounedjah, Benlamri qu\u2019il avait connu en s\u00e9lection U23. Haris est aussi ami avec Bennacer qu\u2019il avait eu comme co\u00e9quipier au FC Tours, il y a deux saisons.<\/p>\n<p><strong>\u00a0Son gabarit, sa v\u00e9locit\u00e9 et sa technique ses principales qualit\u00e9s<\/strong><\/p>\n<p>\u00a0Le milieu d\u00e9fensif du Stade Brestois, Haris Belkebla, qui a particip\u00e9 grandement au retour du club breton en Ligue 1 affiche des statistiques qui font de lui un \u00e9l\u00e9ment potentiellement s\u00e9lectionnable. Nous apprenons par ailleurs que l\u2019un des membres du staff technique des Verts l\u2019aurait m\u00eame supervis\u00e9 le 19 avril pass\u00e9 au stade Francis Le Bl\u00e9 lors du match remport\u00e9 par Belkebla et ses camarades sur le score de trois buts \u00e0 un. Dot\u00e9 d\u2019un bon gabarit et d\u2019une technique remarquable, Belkebla pourrait bien \u00eatre la trouvaille de Belmadi. Une chose est s\u00fbre, le profil r\u00e9pond aux crit\u00e8res fix\u00e9s par le coach Belmadi dans ce poste mais pour l\u2019heure, Djamel serait toujours en r\u00e9flexion concernant quelques noms de joueurs capables d\u2019\u00e9voluer dans sa philosophie de jeu.<\/p>\n<p>Moumen A.<\/p>\n<p><strong>Publi\u00e9 dans :<\/strong> <span>haris belkebla<\/span><\/p>\n<\/div>\n<p>Auteur:<br \/>\n<a href=\"http:\/\/www.lebuteur.com\/article\/detail?titre=belkebla-la-trouvaille-de-belmadi-pour-la-can&#038;id=88913&#038;utm_source=feedburner&#038;utm_medium=feed&#038;utm_campaign=Feed%3A+GalerieFArtciles+%28Les+derniers+articles++-+lebuteur.com%29\">Cliquez ici pour lire l&rsquo;article depuis sa source.<\/a><\/p>\n","protected":false},"excerpt":{"rendered":"<p>Auteur : Moumen A. samedi 18 mai 2019 19:06 \u00a0Dans un registre o\u00f9 la concurrence n\u2019est pas au mieux apr\u00e8s la d\u00e9fection de Yassine Benzia sans comp\u00e9tition depuis le mois de d\u00e9cembre dernier, et un Nabil Bentaleb loin du niveau escompt\u00e9, l\u2019entraineur national Djamel Belmadi compte bien renforcer son milieu de terrain par la convocation [&hellip;]<\/p>\n","protected":false},"author":1738,"featured_media":35060,"comment_status":"closed","ping_status":"closed","sticky":false,"template":"","format":"standard","meta":{"fifu_image_url":"","fifu_image_alt":"","footnotes":""},"categories":[53,75],"tags":[],"class_list":["post-35059","post","type-post","status-publish","format-standard","has-post-thumbnail","hentry","category-algerie","category-sport"],"_links":{"self":[{"href":"https:\/\/linitiative.ca\/International\/wp-json\/wp\/v2\/posts\/35059","targetHints":{"allow":["GET"]}}],"collection":[{"href":"https:\/\/linitiative.ca\/International\/wp-json\/wp\/v2\/posts"}],"about":[{"href":"https:\/\/linitiative.ca\/International\/wp-json\/wp\/v2\/types\/post"}],"author":[{"embeddable":true,"href":"https:\/\/linitiative.ca\/International\/wp-json\/wp\/v2\/users\/1738"}],"replies":[{"embeddable":true,"href":"https:\/\/linitiative.ca\/International\/wp-json\/wp\/v2\/comments?post=35059"}],"version-history":[{"count":0,"href":"https:\/\/linitiative.ca\/International\/wp-json\/wp\/v2\/posts\/35059\/revisions"}],"wp:featuredmedia":[{"embeddable":true,"href":"https:\/\/linitiative.ca\/International\/wp-json\/"}],"wp:attachment":[{"href":"https:\/\/linitiative.ca\/International\/wp-json\/wp\/v2\/media?parent=35059"}],"wp:term":[{"taxonomy":"category","embeddable":true,"href":"https:\/\/linitiative.ca\/International\/wp-json\/wp\/v2\/categories?post=35059"},{"taxonomy":"post_tag","embeddable":true,"href":"https:\/\/linitiative.ca\/International\/wp-json\/wp\/v2\/tags?post=35059"}],"curies":[{"name":"wp","href":"https:\/\/api.w.org\/{rel}","templated":true}]}}