{"id":35061,"date":"2019-05-18T15:14:28","date_gmt":"2019-05-18T19:14:28","guid":{"rendered":"https:\/\/linitiative.ca\/International\/pros-metz-une-bonne-nouvelle-pour-farid-boulaya\/"},"modified":"2019-05-18T15:14:28","modified_gmt":"2019-05-18T19:14:28","slug":"pros-metz-une-bonne-nouvelle-pour-farid-boulaya","status":"publish","type":"post","link":"https:\/\/linitiative.ca\/International\/pros-metz-une-bonne-nouvelle-pour-farid-boulaya\/","title":{"rendered":"Pros : Metz : Une bonne nouvelle pour Farid Boulaya"},"content":{"rendered":"<div readability=\"32\">\n<p>Auteur : <span class=\"time\">samedi 18 mai 2019 19:31<\/span><\/p>\n<\/div>\n<div id=\"post_core\" readability=\"43\">\n<p>Auteur d&rsquo;une tr\u00e8s belle saison en Ligue 2 (37 matches, 7 buts et 5 passes d\u00e9cisives), termin\u00e9e par un titre de Champion, Farid Boulaya sera toujours un joueur du FC Metz la saison prochaine, en Ligue 1 fran\u00e7aise. Selon L&rsquo;Equipe que rapporte Madeinfoot, le milieu de terrain alg\u00e9rien (26 ans), auquel il restait encore un an de contrat, a prolong\u00e9 son engagement sous les couleurs des Grenats. L&rsquo;ancien joueur du Sporting Club de Bastia a sign\u00e9 un nouveau bail de trois saisons, portant jusqu&rsquo;au 30 juin 2022.<\/p>\n<p><strong>Publi\u00e9 dans :<\/strong> <span>Boulaya<\/span><\/p>\n<\/div>\n<p>Auteur:<br \/>\n<a href=\"http:\/\/www.lebuteur.com\/article\/detail?titre=metz-une-bonne-nouvelle-pour-farid-boulaya&#038;id=88923&#038;utm_source=feedburner&#038;utm_medium=feed&#038;utm_campaign=Feed%3A+GalerieFArtciles+%28Les+derniers+articles++-+lebuteur.com%29\">Cliquez ici pour lire l&rsquo;article depuis sa source.<\/a><\/p>\n","protected":false},"excerpt":{"rendered":"<p>Auteur : samedi 18 mai 2019 19:31 Auteur d&rsquo;une tr\u00e8s belle saison en Ligue 2 (37 matches, 7 buts et 5 passes d\u00e9cisives), termin\u00e9e par un titre de Champion, Farid Boulaya sera toujours un joueur du FC Metz la saison prochaine, en Ligue 1 fran\u00e7aise. Selon L&rsquo;Equipe que rapporte Madeinfoot, le milieu de terrain alg\u00e9rien [&hellip;]<\/p>\n","protected":false},"author":1738,"featured_media":35062,"comment_status":"closed","ping_status":"closed","sticky":false,"template":"","format":"standard","meta":{"fifu_image_url":"","fifu_image_alt":"","footnotes":""},"categories":[53,75],"tags":[],"class_list":["post-35061","post","type-post","status-publish","format-standard","has-post-thumbnail","hentry","category-algerie","category-sport"],"_links":{"self":[{"href":"https:\/\/linitiative.ca\/International\/wp-json\/wp\/v2\/posts\/35061","targetHints":{"allow":["GET"]}}],"collection":[{"href":"https:\/\/linitiative.ca\/International\/wp-json\/wp\/v2\/posts"}],"about":[{"href":"https:\/\/linitiative.ca\/International\/wp-json\/wp\/v2\/types\/post"}],"author":[{"embeddable":true,"href":"https:\/\/linitiative.ca\/International\/wp-json\/wp\/v2\/users\/1738"}],"replies":[{"embeddable":true,"href":"https:\/\/linitiative.ca\/International\/wp-json\/wp\/v2\/comments?post=35061"}],"version-history":[{"count":0,"href":"https:\/\/linitiative.ca\/International\/wp-json\/wp\/v2\/posts\/35061\/revisions"}],"wp:featuredmedia":[{"embeddable":true,"href":"https:\/\/linitiative.ca\/International\/wp-json\/"}],"wp:attachment":[{"href":"https:\/\/linitiative.ca\/International\/wp-json\/wp\/v2\/media?parent=35061"}],"wp:term":[{"taxonomy":"category","embeddable":true,"href":"https:\/\/linitiative.ca\/International\/wp-json\/wp\/v2\/categories?post=35061"},{"taxonomy":"post_tag","embeddable":true,"href":"https:\/\/linitiative.ca\/International\/wp-json\/wp\/v2\/tags?post=35061"}],"curies":[{"name":"wp","href":"https:\/\/api.w.org\/{rel}","templated":true}]}}