{"id":35068,"date":"2019-05-18T13:26:00","date_gmt":"2019-05-18T17:26:00","guid":{"rendered":"https:\/\/linitiative.ca\/International\/taleb-ibrahimi-yahia-abdennour-et-benyelles-sortent-de-leur-mutisme-proposition-dune-solution-de-compromis\/"},"modified":"2019-05-18T13:26:00","modified_gmt":"2019-05-18T17:26:00","slug":"taleb-ibrahimi-yahia-abdennour-et-benyelles-sortent-de-leur-mutisme-proposition-dune-solution-de-compromis","status":"publish","type":"post","link":"https:\/\/linitiative.ca\/International\/taleb-ibrahimi-yahia-abdennour-et-benyelles-sortent-de-leur-mutisme-proposition-dune-solution-de-compromis\/","title":{"rendered":"TALEB IBRAHIMI, YAHIA ABDENNOUR ET BENYELLES SORTENT DE LEUR MUTISME : Proposition d\u2019une \u2018\u2019 solution de compromis\u2019\u2019"},"content":{"rendered":"<p><br id=\"sep_para_1\" class=\"sep_para access\"\/><\/p>\n<div id=\"para_1\" class=\"para_31084078 resize\">\n<div class=\"texte access firstletter\">En effet, Ahmed Taleb Ibrahimi, Ali Yahia Abdennour et Rachid Benyelles\u00a0 en veulent pour preuve que les manifestations que connait le pays depuis 13 semaines ont \u00ab\u00e9bloui le monde, de par leurs caract\u00e8res pacifiques et leurs grandes mobilisations, nous ont redonn\u00e9 la fiert\u00e9 d\u2019appartenir \u00e0 cette grande nation qu\u2019est l\u2019Alg\u00e9rie\u00bb. Les trois signataires qui avaient d\u00e9j\u00e0 sign\u00e9 un appel en octobre 2017, pensent qu\u2019un Etat de droit bas\u00e9 sur des r\u00e8gles d\u00e9mocratiques peut d\u00e9sormais se construire en Alg\u00e9rie. Mais auparavant, ils \u00abproposent une courte p\u00e9riode de transition\u00bb qui sera men\u00e9e par des hommes et des femmes qui \u00abn\u2019\u00e9taient pas m\u00eal\u00e9s au r\u00e9gime corrompu des vingt derni\u00e8res ann\u00e9es\u00bb, lit-on dans l\u2019appel.\u00a0 Les trois personnalit\u00e9s estiment que cette p\u00e9riode de transition est \u00abindispensable pour prendre les mesures permettant au peuple, source de tout pouvoir, l\u2019expression libre et d\u00e9mocratique de son choix \u00e0 travers les urnes\u00bb. Ali Yahia Abdenour, Taleb Ibrahimi et Rachid Benyelles estiment en effet que les manifestations qui ont \u00abconsolid\u00e9 l\u2019unit\u00e9 nationale et le vivre ensemble malgr\u00e9 nos divergences politiques, nos sensibilit\u00e9s culturelles et cultuelles\u00bb.\u00a0 \u00abCe processus correspond parfaitement \u00e0 la marche de l\u2019histoire que rien ni personne ne pourra arr\u00eater\u00bb lit-on encore dans\u00a0 l\u2019appel des trois personnalit\u00e9s pour que \u00abl\u2019impasse actuelle qui est potentiellement dangereuse,\u00a0 conjugu\u00e9e \u00e0 la tension de notre environnement r\u00e9gional, r\u00e9sultat de l\u2019attachement \u00e0 la date du 4 juillet(la pr\u00e9sidentielle), ne peut que retarder la naissance in\u00e9vitable de la nouvelle r\u00e9publique\u00bb.\u00a0 Et \u00e0 Taleb, Ali Yahia et Benyelles de s\u2019interroger : \u00abcomment peut-on imaginer la tenue des \u00e9lections libres et honn\u00eates que l\u2019\u00e9crasante majorit\u00e9 du peuple rejette parce qu\u2019organis\u00e9es par des structures encore dirig\u00e9es par des forces incomp\u00e9tentes voire oppos\u00e9es au changement et la construction ?\u00a0\u00a0<\/div>\n<\/div>\n<p>Auteur: Ismain<br \/>\n<a href=\"https:\/\/www.reflexiondz.net\/TALEB-IBRAHIMI-YAHIA-ABDENNOUR-ET-BENYELLES-SORTENT-DE-LEUR-MUTISME-Proposition-d-une-solution-de-compromis_a55905.html\">Cliquez ici pour lire l&rsquo;article depuis sa source.<\/a><\/p>\n","protected":false},"excerpt":{"rendered":"<p>En effet, Ahmed Taleb Ibrahimi, Ali Yahia Abdennour et Rachid Benyelles\u00a0 en veulent pour preuve que les manifestations que connait le pays depuis 13 semaines ont \u00ab\u00e9bloui le monde, de par leurs caract\u00e8res pacifiques et leurs grandes mobilisations, nous ont redonn\u00e9 la fiert\u00e9 d\u2019appartenir \u00e0 cette grande nation qu\u2019est l\u2019Alg\u00e9rie\u00bb. Les trois signataires qui avaient [&hellip;]<\/p>\n","protected":false},"author":1740,"featured_media":0,"comment_status":"closed","ping_status":"closed","sticky":false,"template":"","format":"standard","meta":{"fifu_image_url":"","fifu_image_alt":"","footnotes":""},"categories":[53,76],"tags":[],"class_list":["post-35068","post","type-post","status-publish","format-standard","hentry","category-algerie","category-regions"],"_links":{"self":[{"href":"https:\/\/linitiative.ca\/International\/wp-json\/wp\/v2\/posts\/35068","targetHints":{"allow":["GET"]}}],"collection":[{"href":"https:\/\/linitiative.ca\/International\/wp-json\/wp\/v2\/posts"}],"about":[{"href":"https:\/\/linitiative.ca\/International\/wp-json\/wp\/v2\/types\/post"}],"author":[{"embeddable":true,"href":"https:\/\/linitiative.ca\/International\/wp-json\/wp\/v2\/users\/1740"}],"replies":[{"embeddable":true,"href":"https:\/\/linitiative.ca\/International\/wp-json\/wp\/v2\/comments?post=35068"}],"version-history":[{"count":0,"href":"https:\/\/linitiative.ca\/International\/wp-json\/wp\/v2\/posts\/35068\/revisions"}],"wp:attachment":[{"href":"https:\/\/linitiative.ca\/International\/wp-json\/wp\/v2\/media?parent=35068"}],"wp:term":[{"taxonomy":"category","embeddable":true,"href":"https:\/\/linitiative.ca\/International\/wp-json\/wp\/v2\/categories?post=35068"},{"taxonomy":"post_tag","embeddable":true,"href":"https:\/\/linitiative.ca\/International\/wp-json\/wp\/v2\/tags?post=35068"}],"curies":[{"name":"wp","href":"https:\/\/api.w.org\/{rel}","templated":true}]}}