{"id":35089,"date":"2019-05-18T05:00:49","date_gmt":"2019-05-18T09:00:49","guid":{"rendered":"https:\/\/linitiative.ca\/International\/usm-bel-abbes-el-khadra-quitte-la-zone-des-relegables\/"},"modified":"2019-05-18T05:00:49","modified_gmt":"2019-05-18T09:00:49","slug":"usm-bel-abbes-el-khadra-quitte-la-zone-des-relegables","status":"publish","type":"post","link":"https:\/\/linitiative.ca\/International\/usm-bel-abbes-el-khadra-quitte-la-zone-des-relegables\/","title":{"rendered":"USM Bel Abb\u00e8s :\u00a0El Khadra quitte la zone des rel\u00e9gables"},"content":{"rendered":"<h4 class=\"title-14\"\/>\n<p class=\"p4\"><span class=\"s3\"><strong>L<\/strong><\/span><span class=\"s4\">\u2019USMBA, qui tient \u00e0 sa survie au sein de l\u2019\u00e9lite, a remport\u00e9 jeudi soir une pr\u00e9cieuse victoire contre le Paradou AC, pouss\u00e9e il faut le mentionner par ses fid\u00e8les fans, qui firent le d\u00e9placement en plein mois de Ramadhan.<\/span><\/p>\n<p class=\"p4\"><span class=\"s4\">Jeudi soir, les prot\u00e9g\u00e9s de Slimani, men\u00e9s au score lors du premier half suite \u00e0 une r\u00e9alisation sign\u00e9e Loucif (17\u2019), se sont ressaisis lors de la seconde p\u00e9riode, parvenant \u00e0 \u00e9galiser par le biais de Souger, et ce, avant que le jeune du cru Belhocini n\u2019arrive \u00e0 tromper le gardien Moussaoui en inscrivant un second but victorieux.<\/span><\/p>\n<p class=\"p4\"><span class=\"s4\">Un avantage que tout le groupe align\u00e9 d\u00e9fendit devant le onze alg\u00e9rois du PAC, qui vise la course au sacre ou, \u00e0 la limite, une bonne place sur le podium. En somme, l\u2019USMBA semble d\u00e9termin\u00e9e \u00e0 garantir son maintien en Ligue 1, apr\u00e8s avoir quitt\u00e9 la place de lanterne rouge qu\u2019elle occupait depuis le d\u00e9but de la phase retour.<\/span><\/p>\n<p class=\"p4\"><span class=\"s4\">A noter que l\u2019USMBA vient d\u2019enregistrer sa quatri\u00e8me victoire cons\u00e9cutive depuis l\u2019arriv\u00e9e de Slimani \u00e0 la barre technique. Un parcours qui a permis \u00e0 l\u2019\u00e9quipe de se refaire une sant\u00e9 et \u00e0 tous les fans de Bel Abb\u00e8s de croire dur comme fer aux chances de maintien, dans cette derni\u00e8re ligne droite du championnat.<\/span><\/p>\n<p class=\"p4\"><span class=\"s4\">Les Belabb\u00e9siens n\u2019ont pas abdiqu\u00e9. Eux qui ont v\u00e9cu une saison tr\u00e8s difficile sur tous les plans, El Khadra, d\u00e9tentrice du troph\u00e9e de la coupe d\u2019Alg\u00e9rie et de la Super coupe en novembre dernier, a commenc\u00e9 sa descente aux enfers depuis le d\u00e9but de la phase retour.<\/span><\/p>\n<p class=\"p4\"><span class=\"s4\">Et gr\u00e2ce \u00e0 son sursaut d\u2019orgueil, la prestigieuse formation de l\u2019ouest du pays, qui vient de battre le dauphin, le Paradou AC, dans le cadre de cette 28<sup>e<\/sup> journ\u00e9e, tient bel et bien, comme on le voit, \u00e0 sa survie au sein de l\u2019\u00e9lite au grand bonheur des milliers de ses inconditionnels.<\/span><\/p>\n<div class=\"yuzo_related_post style-1\" data-version=\"5.12.88\">\n<p><h3>Related Post<\/h3>\n<\/p>\n<div class=\"yuzo_wraps\">\n<div class=\"relatedthumb relatedpost-553536 c11\"><a href=\"https:\/\/www.elwatan.com\/edition\/contributions\/le-retour-de-boudiaf-16-01-2019\"\/><\/p>\n<p><span class=\"yuzo__text--title c10\">Le retour de Boudiaf<\/span><\/div>\n<div class=\"relatedthumb relatedpost-553123 c11\"><a href=\"https:\/\/www.elwatan.com\/edition\/actualite\/le-collectif-des-retraites-de-sonatrach-organise-un-sit-in-le-ministre-du-travail-appele-a-la-rescousse-14-01-2019\"\/><\/p>\n<p><span class=\"yuzo__text--title c10\">Le collectif des retrait\u00e9s de Sonatrach organise u&#8230;<\/span><\/div>\n<div class=\"relatedthumb relatedpost-148008 c11\"><a href=\"https:\/\/www.elwatan.com\/edition\/actualite\/ouargla-un-rassemblement-pour-repondre-au-ministre-de-la-sante-07-09-2018\"\/><\/p>\n<p><span class=\"yuzo__text--title c10\">Ouargla : un rassemblement pour r\u00e9pondre au minist&#8230;<\/span><\/div>\n<div class=\"relatedthumb relatedpost-576354 c11\"><a href=\"https:\/\/www.elwatan.com\/edition\/international\/mali-18-civils-tues-dans-une-double-embuscade-04-05-2019\"\/><\/p>\n<p><span class=\"yuzo__text--title c10\">Mali : 18 civils tu\u00e9s dans une double embuscade<\/span><\/div>\n<\/div>\n<\/div>\n<p><span class=\"post-views-label\">Post Views:<\/span> <span class=\"post-views-count\">245<\/span><\/p>\n<p>Auteur: Anis Khecheba<br \/>\n<a href=\"https:\/\/www.elwatan.com\/edition\/sports\/usm-bel-abbes-el-khadra-quitte-la-zone-des-relegables-18-05-2019\">Cliquez ici pour lire l&rsquo;article depuis sa source.<\/a><\/p>\n","protected":false},"excerpt":{"rendered":"<p>L\u2019USMBA, qui tient \u00e0 sa survie au sein de l\u2019\u00e9lite, a remport\u00e9 jeudi soir une pr\u00e9cieuse victoire contre le Paradou AC, pouss\u00e9e il faut le mentionner par ses fid\u00e8les fans, qui firent le d\u00e9placement en plein mois de Ramadhan. Jeudi soir, les prot\u00e9g\u00e9s de Slimani, men\u00e9s au score lors du premier half suite \u00e0 une [&hellip;]<\/p>\n","protected":false},"author":1743,"featured_media":0,"comment_status":"closed","ping_status":"closed","sticky":false,"template":"","format":"standard","meta":{"fifu_image_url":"","fifu_image_alt":"","footnotes":""},"categories":[73,53],"tags":[],"class_list":["post-35089","post","type-post","status-publish","format-standard","hentry","category-actualite","category-algerie"],"_links":{"self":[{"href":"https:\/\/linitiative.ca\/International\/wp-json\/wp\/v2\/posts\/35089","targetHints":{"allow":["GET"]}}],"collection":[{"href":"https:\/\/linitiative.ca\/International\/wp-json\/wp\/v2\/posts"}],"about":[{"href":"https:\/\/linitiative.ca\/International\/wp-json\/wp\/v2\/types\/post"}],"author":[{"embeddable":true,"href":"https:\/\/linitiative.ca\/International\/wp-json\/wp\/v2\/users\/1743"}],"replies":[{"embeddable":true,"href":"https:\/\/linitiative.ca\/International\/wp-json\/wp\/v2\/comments?post=35089"}],"version-history":[{"count":0,"href":"https:\/\/linitiative.ca\/International\/wp-json\/wp\/v2\/posts\/35089\/revisions"}],"wp:attachment":[{"href":"https:\/\/linitiative.ca\/International\/wp-json\/wp\/v2\/media?parent=35089"}],"wp:term":[{"taxonomy":"category","embeddable":true,"href":"https:\/\/linitiative.ca\/International\/wp-json\/wp\/v2\/categories?post=35089"},{"taxonomy":"post_tag","embeddable":true,"href":"https:\/\/linitiative.ca\/International\/wp-json\/wp\/v2\/tags?post=35089"}],"curies":[{"name":"wp","href":"https:\/\/api.w.org\/{rel}","templated":true}]}}