{"id":35090,"date":"2019-05-18T05:00:51","date_gmt":"2019-05-18T09:00:51","guid":{"rendered":"https:\/\/linitiative.ca\/International\/lensemble-de-la-population-en-aurait-beneficie\/"},"modified":"2019-05-18T05:00:51","modified_gmt":"2019-05-18T09:00:51","slug":"lensemble-de-la-population-en-aurait-beneficie","status":"publish","type":"post","link":"https:\/\/linitiative.ca\/International\/lensemble-de-la-population-en-aurait-beneficie\/","title":{"rendered":"L\u2019ensemble de la population en aurait b\u00e9n\u00e9fici\u00e9"},"content":{"rendered":"<h4 class=\"title-14\">Distribution de logements \u00e0 El Tarf<\/h4>\n<p class=\"p4\"><span class=\"s3\"><strong>Ils seraient 280 000 habitants de cette wilaya \u00e0 \u00eatre relog\u00e9s en 20 ans, l\u2019\u00e9quivalent d\u2019un peu plus de la moiti\u00e9 de la population actuelle.<\/strong><\/span><\/p>\n<p class=\"p4\"><span class=\"s4\"><strong>P<\/strong><\/span><span class=\"s3\">as moins de 260 familles ont \u00e9t\u00e9 relog\u00e9es cette semaine \u00e0 Besb\u00e8s et \u00e0 El Tarf. On attend, non sans impatience, la distribution de 1 600 logements comme un peu partout dans les diff\u00e9rentes localit\u00e9s de la wilaya. Cela n\u2019en finit pas. Il y a une sorte de cercle vicieux qui s\u2019est install\u00e9 entre les pouvoirs publics et les populations : r\u00e9alisations et livraison avec protestations et \u00e9meutes suivies de distributions et remises en cause puis, de nouveaux programmes avec le m\u00eame cort\u00e8ge de protestations et ainsi de suite.<\/span><\/p>\n<p class=\"p4\"><span class=\"s3\">Un cercle vicieux sur lequel est venue se greffer une pr\u00e9bende pr\u00e9lev\u00e9e par un accord tacite entre les autorit\u00e9s centrales et locales, les entreprises de r\u00e9alisation et les charg\u00e9s de la distribution.<\/span><\/p>\n<p class=\"p4\"><span class=\"s3\">Et elle est insatiable. En effet, selon les chiffres officiels de la direction du logement, ce serait quelque 280 000 habitants de cette wilaya qui ont \u00e9t\u00e9 relog\u00e9s en 20 ans, l\u2019\u00e9quivalent d\u2019un peu plus de la moiti\u00e9, soit 56 %, de la population actuelle estim\u00e9e \u00e0 pr\u00e8s de 500 000 habitants, selon le recensement de 2008, mais 70 % de celle de 2009, un peu plus de 400 000 \u00e2mes.<\/span><\/p>\n<p class=\"p4\"><span class=\"s3\">Cela para\u00eet vraisemblable et \u00e7a l\u2019est. El Tarf n\u2019\u00e9tait pas un d\u00e9sert avant 1999. On a recens\u00e9 350 000 personnes en 1998, avant le lancement des programmes de logement toutes formules confondues. Ils totalisent \u00e0 ce jour 67 582 unit\u00e9s, dont 80 % ont \u00e9t\u00e9 livr\u00e9es et distribu\u00e9es. Ce n\u2019est quand m\u00eame pas toute la population de l\u2019\u00e9poque qui a \u00e9t\u00e9 relog\u00e9e en 20 ans ?<\/span><\/p>\n<p class=\"p4\"><span class=\"s3\">Il n\u2019y a pas de fourberie. Pas d\u2019erreur de calcul. Aucun doute sur les programmes et le nombre des logements r\u00e9alis\u00e9s. On peut les recompter un par un au besoin. Il n\u2019y a pas eu de mouvement massif vers la wilaya, qui est un territoire rest\u00e9 peu attractif sur le plan \u00e9conomique. Dans les ann\u00e9es 1990, il y a eu un flux, surtout estival, qui offrait relativement plus de s\u00e9curit\u00e9, mais il n\u2019est pas de l\u2019ampleur qu\u2019on voudrait lui donner.<\/span><\/p>\n<p class=\"p4\"><span class=\"s3\">Alors que s\u2019est-il pass\u00e9 ? Les logements distribu\u00e9s sont-ils r\u00e9ellement occup\u00e9s ? Impossible, cela doublerait carr\u00e9ment la population actuelle. Se serait-on tromp\u00e9 dans les recensements ? Impossible si on les compare \u00e0 la liste \u00e9lectorale d\u2019El Tarf qui compte 220 000 \u00e9lecteurs. Ou alors cette derni\u00e8re est consid\u00e9rablement gonfl\u00e9e !<\/span><\/p>\n<p class=\"p4\"><span class=\"s3\">Pas de r\u00e9ponse. Nul n\u2019a \u00e9t\u00e9 en mesure d\u2019apporter une r\u00e9ponse sans faire allusion \u00e0 la pr\u00e9dation, \u00e0 la corruption, au favoritisme, \u00e0 l\u2019\u00e9lectoralisme et au client\u00e9lisme qui \u00e9manent des responsables locaux et centraux, des agents de l\u2019administration et des membres des commissions d\u2019attribution, des organismes de gestion du patrimoine immobilier comme l\u2019OPGI ou l\u2019ENPI bien que cette derni\u00e8re soit faiblement repr\u00e9sent\u00e9e dans le quota d\u2019El Tarf.<\/span><\/p>\n<p class=\"p4\"><span class=\"s3\">Des centaines de logements qui ont \u00e9t\u00e9 d\u00e9tourn\u00e9s par les services de l\u2019\u00c9tat et leurs partenaires, auxquels il faut ajouter les pratiques informelles dans les transactions immobili\u00e8res. Les manifestants qui coupent les routes apr\u00e8s chaque affichage de liste ne s\u2019y sont pas tromp\u00e9s. Sur les 67 582 unit\u00e9s d\u2019El Tarf, il y a, \u00e0 ce jour, 30 050 unit\u00e9s. C\u2019est avec 27 770 de la formule \u00abhabitat rural\u00bb, soit la moiti\u00e9 de l\u2019ensemble des formules.<\/span><\/p>\n<p class=\"p4\"><span class=\"s3\">Ce qui donne le relogement de 120 000 personnes soit 25 % de la population actuelle. C\u2019est incompr\u00e9hensible lorsque les statistiques montrent qu\u2019en 20 ans la population urbaine d\u2019El Tarf est pass\u00e9e de 35% \u00e0 plus de 50 % aujourd\u2019hui. C\u2019est-\u00e0-dire qu\u2019elle a baiss\u00e9 de 15 % et qu\u2019il y a aujourd\u2019hui autant d\u2019habitants dans les villes qu\u2019\u00e0 la campagne dans la wilaya d\u2019El Tarf. Il faut croire que le client\u00e9lisme a fait de<span class=\"Apple-converted-space\">\u00a0<\/span> l\u2019habitat rural\u00bb des r\u00e9sidences secondaires.<\/span><\/p>\n<div class=\"yuzo_related_post style-1\" data-version=\"5.12.88\">\n<p><h3>Related Post<\/h3>\n<\/p>\n<div class=\"yuzo_wraps\">\n<div class=\"relatedthumb relatedpost-564783 c11\"><a href=\"https:\/\/www.elwatan.com\/regions\/kabylie\/boumerdes\/zones-touristiques-les-constructions-illicites-se-multiplient-19-03-2019\"\/><\/p>\n<p><span class=\"yuzo__text--title c10\">Zones touristiques :\u00a0Les constructions illicites s&#8230;<\/span><\/div>\n<div class=\"relatedthumb relatedpost-558836 c11\"><a href=\"https:\/\/www.elwatan.com\/regions\/ouest\/actu-ouest\/fenoughil-adrar-les-habitants-reclament-limplantation-dune-unite-de-la-protection-civile-18-02-2019\"\/><\/p>\n<p><span class=\"yuzo__text--title c10\">Fenoughil (Adrar) :\u00a0Les habitants r\u00e9clament l\u2019impl&#8230;<\/span><\/div>\n<div class=\"relatedthumb relatedpost-574039 c11\"><a href=\"https:\/\/www.elwatan.com\/edition\/sports\/can-2019-u23-les-verts-en-stage-a-sidi-moussa-27-04-2019\"\/><\/p>\n<p><span class=\"yuzo__text--title c10\">CAN-2019 (U23) :\u00a0Les Verts en stage \u00e0 Sidi Moussa\u00a0&#8230;<\/span><\/div>\n<div class=\"relatedthumb relatedpost-479547 c11\"><a href=\"https:\/\/www.elwatan.com\/edition\/actualite\/bordj-omar-driss-promue-au-rang-de-daira-le-developpement-multisectoriel-defi-des-autorites-04-01-2019\"\/><\/p>\n<p><span class=\"yuzo__text--title c10\">Bordj Omar Driss promue au rang de da\u00efra : Le d\u00e9ve&#8230;<\/span><\/div>\n<\/div>\n<\/div>\n<p><span class=\"post-views-label\">Post Views:<\/span> <span class=\"post-views-count\">135<\/span><\/p>\n<p>Auteur: Anis Khecheba<br \/>\n<a href=\"https:\/\/www.elwatan.com\/regions\/est\/actu-est\/lensemble-de-la-population-en-aurait-beneficie-18-05-2019\">Cliquez ici pour lire l&rsquo;article depuis sa source.<\/a><\/p>\n","protected":false},"excerpt":{"rendered":"<p>Distribution de logements \u00e0 El Tarf Ils seraient 280 000 habitants de cette wilaya \u00e0 \u00eatre relog\u00e9s en 20 ans, l\u2019\u00e9quivalent d\u2019un peu plus de la moiti\u00e9 de la population actuelle. Pas moins de 260 familles ont \u00e9t\u00e9 relog\u00e9es cette semaine \u00e0 Besb\u00e8s et \u00e0 El Tarf. On attend, non sans impatience, la distribution de [&hellip;]<\/p>\n","protected":false},"author":1743,"featured_media":0,"comment_status":"closed","ping_status":"closed","sticky":false,"template":"","format":"standard","meta":{"fifu_image_url":"","fifu_image_alt":"","footnotes":""},"categories":[73,53],"tags":[],"class_list":["post-35090","post","type-post","status-publish","format-standard","hentry","category-actualite","category-algerie"],"_links":{"self":[{"href":"https:\/\/linitiative.ca\/International\/wp-json\/wp\/v2\/posts\/35090","targetHints":{"allow":["GET"]}}],"collection":[{"href":"https:\/\/linitiative.ca\/International\/wp-json\/wp\/v2\/posts"}],"about":[{"href":"https:\/\/linitiative.ca\/International\/wp-json\/wp\/v2\/types\/post"}],"author":[{"embeddable":true,"href":"https:\/\/linitiative.ca\/International\/wp-json\/wp\/v2\/users\/1743"}],"replies":[{"embeddable":true,"href":"https:\/\/linitiative.ca\/International\/wp-json\/wp\/v2\/comments?post=35090"}],"version-history":[{"count":0,"href":"https:\/\/linitiative.ca\/International\/wp-json\/wp\/v2\/posts\/35090\/revisions"}],"wp:attachment":[{"href":"https:\/\/linitiative.ca\/International\/wp-json\/wp\/v2\/media?parent=35090"}],"wp:term":[{"taxonomy":"category","embeddable":true,"href":"https:\/\/linitiative.ca\/International\/wp-json\/wp\/v2\/categories?post=35090"},{"taxonomy":"post_tag","embeddable":true,"href":"https:\/\/linitiative.ca\/International\/wp-json\/wp\/v2\/tags?post=35090"}],"curies":[{"name":"wp","href":"https:\/\/api.w.org\/{rel}","templated":true}]}}