{"id":35091,"date":"2019-05-18T05:00:57","date_gmt":"2019-05-18T09:00:57","guid":{"rendered":"https:\/\/linitiative.ca\/International\/aeroport-de-setif-des-professionnels-crient-au-sabotage\/"},"modified":"2019-05-18T05:00:57","modified_gmt":"2019-05-18T09:00:57","slug":"aeroport-de-setif-des-professionnels-crient-au-sabotage","status":"publish","type":"post","link":"https:\/\/linitiative.ca\/International\/aeroport-de-setif-des-professionnels-crient-au-sabotage\/","title":{"rendered":"A\u00e9roport\u00a0 de S\u00e9tif\u00a0 : Des professionnels crient au sabotage"},"content":{"rendered":"<h4 class=\"title-14\"\/>\n<p class=\"p3\"><span class=\"s3\"><strong>L<\/strong><\/span><span class=\"s4\">\u2019a\u00e9roport 8 Mai 1945 de S\u00e9tif, l\u2019une des plus rentables infrastructures a\u00e9roportuaires du pays, est en d\u00e9clin. La mani\u00e8re forte des responsables d\u2019\u00aben haut\u00bb en est la cause.<\/span><\/p>\n<p class=\"p3\"><span class=\"s4\">Faute d\u2019un coup de pouce, les nouvelles lignes promises par aussi bien l\u2019ex-ministre des Transports et des Travaux publics, Abdelghani Za\u00e2lane, que les responsables d\u2019Air Alg\u00e9rie, se font encore d\u00e9sirer.\u00a0<\/span><span class=\"s4\">Mieux encore, le plan de charge de l\u2019infrastructure se r\u00e9tr\u00e9cit comme une peau de chagrin. Et ce, suite \u00e0 la fermeture des<span class=\"Apple-converted-space\">\u00a0<\/span> deux vols hebdomadaires, pourtant rentables,<span class=\"Apple-converted-space\">\u00a0<\/span> S\u00e9tif-Oran, \u00e0 la charge de Tassili Airlines, filiale de la compagnie p\u00e9troli\u00e8re Sonatrach.<\/span><\/p>\n<p class=\"p3\"><span class=\"s4\">En lieu et place de nouvelles destinations, telles Istanbul, Duba\u00ef, Tunis, demand\u00e9es par les op\u00e9rateurs \u00e9conomiques et les voyageurs d\u2019un bassin de plus de 6 millions d\u2019habitants, on freine l\u2019infrastructure, au grand d\u00e9sappointement de certains professionnels criant au sabotage : <em>\u00abL\u2019a\u00e9roport de S\u00e9tif est l\u2019exemple parfait du sabotage \u00e9conomique.<\/em><\/span><\/p>\n<p class=\"p3\"><span class=\"s4\"><em>D\u2019une part,<span class=\"Apple-converted-space\">\u00a0<\/span> on engage des milliards de dinars pour l\u2019installation d\u2019un ILS, l\u2019extension du parking avion, l\u2019\u00e9largissement de la bande de piste, la r\u00e9alisation d\u2019un<span class=\"Apple-converted-space\">\u00a0<\/span> taxi way et l\u2019agrandissement de l\u2019a\u00e9rogare,<span class=\"Apple-converted-space\">\u00a0<\/span> et pour amortir et rentabiliser ces investissements, on baisse, d\u2019autre part, les rideaux. Pour illustrer ce sabotage s\u2019apparentant \u00e0 un v\u00e9ritable crime \u00e9conomique, le vendredi et le mercredi sont<\/em> <em>des journ\u00e9es ch\u00f4m\u00e9es et pay\u00e9s \u00e0 l\u2019a\u00e9roport, n\u2019enregistrant qu\u2019une seule rotation d\u2019Aigle Azur.<\/em><\/span><\/p>\n<p class=\"p3\"><span class=\"s4\"><em>La compagnie nationale est inscrite aux abonn\u00e9s absents, alors que la demande sur Paris et Lyon est tr\u00e8s forte, \u00e9t\u00e9 comme hiver. Nous interpellons les pouvoirs publics pour qu\u2019ils<span class=\"Apple-converted-space\">\u00a0<\/span> mettent un terme \u00e0 un tel g\u00e2chis\u00bb<\/em> r\u00e9v\u00e8lent \u00e0 <em>El Watan<\/em> sous le sceau de l\u2019anonymat des professionnels de l\u2019espace. Rentabilit\u00e9 oblige,<span class=\"Apple-converted-space\">\u00a0<\/span> Aigle Azur a entam\u00e9 son programme d\u2019\u00e9t\u00e9 depuis mars dernier et multipli\u00e9 presque par deux ses rotations vers Paris, Lyon, Marseille et Mulhouse.<\/span><\/p>\n<p class=\"p3\"><span class=\"s4\">La compagnie nationale attend juin prochain pour le faire. Lanc\u00e9 en grande pompe, l\u2019am\u00e9nagement de l\u2019a\u00e9rogare s\u2019av\u00e8re en fin de compte un flop.<span class=\"Apple-converted-space\">\u00a0<\/span> Il ne reste de la belle maquette pr\u00e9sent\u00e9e aux autorit\u00e9s, en d\u00e9but d\u2019ann\u00e9e 2018, que les croquis, puisque les fa\u00e7ades nord et sud, qui devraient avoir la forme d\u2019une aile d\u2019avion, sont format\u00e9es, tout comme le<span class=\"Apple-converted-space\">\u00a0<\/span> niveau r\u00e9serv\u00e9 initialement<span class=\"Apple-converted-space\">\u00a0<\/span> \u00e0 des boutiques et autres.<\/span><\/p>\n<p class=\"p3\"><span class=\"s4\">Pour maquiller un \u00abzapping\u00bb de mauvais aloi, l\u2019Entreprise de gestion des structures a\u00e9roportuaires (l\u2019EGSA) brandit, nous dit-on, la mauvaise qualit\u00e9 du b\u00e9ton de la b\u00e2tisse. A cause<span class=\"Apple-converted-space\">\u00a0<\/span> de petits<span class=\"Apple-converted-space\">\u00a0<\/span> calculs d\u2019\u00e9piciers, l\u2019agrandissement de l\u2019a\u00e9rogare perdra en fin de course pr\u00e8s de 900 m<sup>2<\/sup> et pas moins de 150 millions de dinars \u2026<\/span><\/p>\n<div class=\"yuzo_related_post style-1\" data-version=\"5.12.88\">\n<p><h3>Related Post<\/h3>\n<\/p>\n<div class=\"yuzo_wraps\">\n<div class=\"relatedthumb relatedpost-555561 c11\"><a href=\"https:\/\/www.elwatan.com\/regions\/est\/actu-est\/les-citoyens-denoncent-la-degradation-du-cw-44-29-01-2019\"\/><\/p>\n<p><span class=\"yuzo__text--title c10\">Les citoyens d\u00e9noncent\u00a0la d\u00e9gradation du CW 44<\/span><\/div>\n<div class=\"relatedthumb relatedpost-556579 c11\"><a href=\"https:\/\/www.elwatan.com\/edition\/sports\/commission-de-lethique-alleg-nouveau-president-04-02-2019\"\/><\/p>\n<p><span class=\"yuzo__text--title c10\">Commission de l\u2019\u00e9thique : Alleg, nouveau pr\u00e9sident&#8230;<\/span><\/div>\n<div class=\"relatedthumb relatedpost-577571 c11\"><a href=\"https:\/\/www.elwatan.com\/regions\/kabylie\/tizi-ouzou\/ain-el-hammam-faible-recolte-de-cerises-en-perspective-09-05-2019\"\/><\/p>\n<p><span class=\"yuzo__text--title c10\">A\u00efn El Hammam : Faible r\u00e9colte de cerises en persp&#8230;<\/span><\/div>\n<div class=\"relatedthumb relatedpost-330092 c11\"><a href=\"https:\/\/www.elwatan.com\/edition\/sports\/infantino-dit-avoir-le-soutien-dune-majorite-de-federations-pour-un-mondial-2022-a-48-14-12-2018\"\/><\/p>\n<p><span class=\"yuzo__text--title c10\">Infantino dit avoir le soutien d\u2019une \u00abmajorit\u00e9\u00bb de&#8230;<\/span><\/div>\n<\/div>\n<\/div>\n<p><span class=\"post-views-label\">Post Views:<\/span> <span class=\"post-views-count\">1\u00a0408<\/span><\/p>\n<p>Auteur: Anis Khecheba<br \/>\n<a href=\"https:\/\/www.elwatan.com\/regions\/est\/setif\/aeroport-de-setif-des-professionnels-crient-au-sabotage-18-05-2019\">Cliquez ici pour lire l&rsquo;article depuis sa source.<\/a><\/p>\n","protected":false},"excerpt":{"rendered":"<p>L\u2019a\u00e9roport 8 Mai 1945 de S\u00e9tif, l\u2019une des plus rentables infrastructures a\u00e9roportuaires du pays, est en d\u00e9clin. La mani\u00e8re forte des responsables d\u2019\u00aben haut\u00bb en est la cause. Faute d\u2019un coup de pouce, les nouvelles lignes promises par aussi bien l\u2019ex-ministre des Transports et des Travaux publics, Abdelghani Za\u00e2lane, que les responsables d\u2019Air Alg\u00e9rie, se [&hellip;]<\/p>\n","protected":false},"author":1743,"featured_media":0,"comment_status":"closed","ping_status":"closed","sticky":false,"template":"","format":"standard","meta":{"fifu_image_url":"","fifu_image_alt":"","footnotes":""},"categories":[73,53],"tags":[],"class_list":["post-35091","post","type-post","status-publish","format-standard","hentry","category-actualite","category-algerie"],"_links":{"self":[{"href":"https:\/\/linitiative.ca\/International\/wp-json\/wp\/v2\/posts\/35091","targetHints":{"allow":["GET"]}}],"collection":[{"href":"https:\/\/linitiative.ca\/International\/wp-json\/wp\/v2\/posts"}],"about":[{"href":"https:\/\/linitiative.ca\/International\/wp-json\/wp\/v2\/types\/post"}],"author":[{"embeddable":true,"href":"https:\/\/linitiative.ca\/International\/wp-json\/wp\/v2\/users\/1743"}],"replies":[{"embeddable":true,"href":"https:\/\/linitiative.ca\/International\/wp-json\/wp\/v2\/comments?post=35091"}],"version-history":[{"count":0,"href":"https:\/\/linitiative.ca\/International\/wp-json\/wp\/v2\/posts\/35091\/revisions"}],"wp:attachment":[{"href":"https:\/\/linitiative.ca\/International\/wp-json\/wp\/v2\/media?parent=35091"}],"wp:term":[{"taxonomy":"category","embeddable":true,"href":"https:\/\/linitiative.ca\/International\/wp-json\/wp\/v2\/categories?post=35091"},{"taxonomy":"post_tag","embeddable":true,"href":"https:\/\/linitiative.ca\/International\/wp-json\/wp\/v2\/tags?post=35091"}],"curies":[{"name":"wp","href":"https:\/\/api.w.org\/{rel}","templated":true}]}}