{"id":35093,"date":"2019-05-18T05:25:40","date_gmt":"2019-05-18T09:25:40","guid":{"rendered":"https:\/\/linitiative.ca\/International\/la-bataille-de-la-grande-poste\/"},"modified":"2019-05-18T05:25:40","modified_gmt":"2019-05-18T09:25:40","slug":"la-bataille-de-la-grande-poste","status":"publish","type":"post","link":"https:\/\/linitiative.ca\/International\/la-bataille-de-la-grande-poste\/","title":{"rendered":"La \u00abbataille\u00bb de la Grande-Poste"},"content":{"rendered":"<h4 class=\"title-14\"\/>\n<div class=\"featured_image\"><img width=\"800\" height=\"493\" data-cfsrc=\"https:\/\/www.elwatan.com\/wp-content\/uploads\/2019\/05\/blocage-col-sami-e1558136512150.jpg\" class=\"attachment-post-thumbnail size-post-thumbnail wp-post-image c1\" alt=\"\"\/><noscript><\/p>\n<p><img loading=\"lazy\" decoding=\"async\" width=\"800\" height=\"493\" src=\"https:\/\/www.elwatan.com\/wp-content\/uploads\/2019\/05\/blocage-col-sami-e1558136512150.jpg\" class=\"attachment-post-thumbnail size-post-thumbnail wp-post-image\" alt=\"\"\/><\/p>\n<p><\/noscript> <span class=\"featured-image-caption\">Les services de s\u00e9curit\u00e9 ont renforc\u00e9 leur pr\u00e9sence contrairement au dernier vendredi (photo Sami K)<\/span><\/div>\n<p>Le syst\u00e8me est tent\u00e9 par la r\u00e9pression. Si les vendredis derniers, les services de s\u00e9curit\u00e9 ont \u00e9vit\u00e9 tout accrochage avec les manifestants, hier, ils s\u2019\u00e9taient red\u00e9ploy\u00e9s en force au centre- ville d\u2019Alger pour emp\u00eacher tout rassemblement \u00e0 la Grande-Poste.<\/p>\n<p>Des fourgons des forces anti-\u00e9meute sont dispos\u00e9s de telle sorte \u00e0 emp\u00eacher l\u2019acc\u00e8s au parvis de la Grande-Poste, une des places fortes de la contestation populaire. Des CRS, \u00e9quip\u00e9s de fusils lance-grenades s\u2019\u00e9taient \u00e9galement d\u00e9ploy\u00e9s autour de l\u2019\u00e9difice.<\/p>\n<p>Les policiers ont d\u2019abord commenc\u00e9 par interpeller des manifestants, parmi lesquels il y aurait l\u2019avocat Me Salah Dabouz. Malgr\u00e9 cette r\u00e9action muscl\u00e9e, des manifestants, d\u00e9termin\u00e9s, continuaient \u00e0 affluer sur la place. Les jeunes, qui faisaient face aux policiers, scandaient les slogans hostiles aux figures du r\u00e9gime.<\/p>\n<p>Le chef-d\u2019\u00e9tat major, Ahmed Ga\u00efd Salah, en aura eu pour son grade. \u00abGa\u00efd Salah d\u00e9gage !\u00bb r\u00e9p\u00e9taient \u00e0 gorge d\u00e9ploy\u00e9e les manifestants, le drapeau national flottant au-dessus des t\u00eates.<\/p>\n<p>Les policiers avaient utilis\u00e9 les sprays (gaz en a\u00e9rosol) pour repousser des jeunes qui voulaient forcer le dispositif s\u00e9curitaire. Une grenade d\u00e9tonante est m\u00eame jet\u00e9e dans la foule. Des bless\u00e9s sont enregistr\u00e9s, parmi lesquels Drifa Ben M\u2019hidi, la s\u0153ur du h\u00e9ros de la Bataille d\u2019Alger, indispos\u00e9e par les gaz lacrymog\u00e8nes.<\/p>\n<p>La wilaya d\u2019Alger s\u2019\u00e9tait empress\u00e9e de justifier l\u2019interdiction de l\u2019acc\u00e8s \u00e0 la Grande-Poste. Une expertise du CTC \u00e0 l\u2019appui, les services expliquent que des fissures auraient \u00e9t\u00e9 constat\u00e9es sur les escaliers du b\u00e2timent n\u00e9o-mauresque, en raison du surpoids qu\u2019ils supportent. Argument maladroit.<\/p>\n<p>Jeudi, la police a agi autrement avec les radi\u00e9s de l\u2019arm\u00e9e. Les policiers, plac\u00e9s l\u00e0, plus t\u00f4t que d\u2019habitude, s\u2019\u00e9taient tranquillement mis \u00e0 l\u2019\u00e9cart pour laisser les militaires se d\u00e9ployer sur les escaliers et scander leur slogan pro-Ga\u00efd. Hier, le long face-\u00e0-face manifestants-policiers s\u2019est poursuivi une partie de la matin\u00e9e et le d\u00e9but d\u2019apr\u00e8s-midi.<\/p>\n<p>Pour repousser les manifestants toujours aussi tr\u00e8s d\u00e9termin\u00e9s, un policier monte sur le fourgon de la police et asperge \u00e0 volont\u00e9 la foule. Les jeunes, dont certains s\u2019\u00e9taient agripp\u00e9s au v\u00e9hicule, r\u00e9pondent par le jet de projectiles.<\/p>\n<p>Prenant leur courage \u00e0 deux mains, deux jeunes montent sur le fourgon et pousse le policier. Des cris de joie parcourent alors la foule : \u00abPoliciers, d\u00e9gagez\u00bb, \u00abBlad bladna, ouandirou rayna\u00bb (Ce pays est le n\u00f4tre, et nous ferons ce que nous voulons)\u2026 14h50. Ne pouvant pas tenir face aux flux des marcheurs qui arrivent plus nombreux, les policiers ont fini par c\u00e9der. Une mar\u00e9e humaine s\u2019est alors dirig\u00e9e vers le parvis, les policiers se retirant \u00e0 mesure que s\u2019engagent les marcheurs en direction de l\u2019\u00e9difice. Des banderoles sont d\u00e9ploy\u00e9es aussit\u00f4t : \u00abPrimaut\u00e9 du civil sur le militaire\u00bb, \u00abUn r\u00e9gime qui ferme les routes vers Alger ne peut pas ouvrir la voie de la d\u00e9mocratie\u00bb\u2026<\/p>\n<p>Les services de s\u00e9curit\u00e9 ont effectivement renforc\u00e9 leur pr\u00e9sence contrairement au dernier vendredi. De nombreux barrages filtrants sont install\u00e9s aux entr\u00e9es de la capitale. A Regha\u00efa, des gendarmes ont gard\u00e9 une seul voie, une procession de v\u00e9hicules s\u2019\u00e9tait form\u00e9e sur plusieurs kilom\u00e8tres.<\/p>\n<p>Le barrage install\u00e9 sous le pont de Bab Ezzouar, sur l\u2019autoroute de l\u2019Est, a \u00e9t\u00e9 \u00e9galement renforc\u00e9. Les v\u00e9hicules immatricul\u00e9s hors Alger \u00e9taient somm\u00e9s de prendre la bretelle de Bab Ezzouar.<\/p>\n<p>En dehors d\u2019Alger, les gendarmes s\u2019\u00e9taient red\u00e9ploy\u00e9s en force sur les grands axes routiers. A Bordj Bou Arr\u00e9ridj, le m\u00eame dispositif est install\u00e9 pour emp\u00eacher l\u2019afflux des manifestants dans cette ville devenue, selon les mots en usage \u00ab3ssimat el hirak\u00bb, la \u00abcapitale du mouvement\u00bb, un tifo g\u00e9ant y est d\u00e9ploy\u00e9 chaque vendredi sur une place remplie comme un \u0153uf.<\/p>\n<div class=\"yuzo_related_post style-1\" data-version=\"5.12.88\">\n<p><h3>Related Post<\/h3>\n<\/p>\n<div class=\"yuzo_wraps\">\n<div class=\"relatedthumb relatedpost-414223 c11\"><a href=\"https:\/\/www.elwatan.com\/regions\/centre\/alger\/plus-de-100-000-familles-en-ont-beneficie-depuis-2014-30-12-2018\"\/><\/p>\n<p><span class=\"yuzo__text--title c10\">Plus de 100 000 familles en ont b\u00e9n\u00e9fici\u00e9 depuis 2&#8230;<\/span><\/div>\n<div class=\"relatedthumb relatedpost-570783 c11\"><a href=\"https:\/\/www.elwatan.com\/regions\/kabylie\/bouira\/nouveau-pole-urbain-de-bouira-les-chantiers-a-larret-20-04-2019\"\/><\/p>\n<p><span class=\"yuzo__text--title c10\">Nouveau p\u00f4le urbain de Bouira : Les chantiers \u00e0 l\u2019&#8230;<\/span><\/div>\n<div class=\"relatedthumb relatedpost-557251 c11\"><a href=\"https:\/\/www.elwatan.com\/edition\/actualite\/noureddine-melikechi-un-algerien-sur-la-planete-mars-lalgerie-se-doit-detre-un-centre-gravitationnel-et-non-pas-un-trou-noir-09-02-2019\"\/><\/p>\n<p><span class=\"yuzo__text--title c10\">Noureddine Melikechi, un Alg\u00e9rien sur la plan\u00e8te\u2026 &#8230;<\/span><\/div>\n<div class=\"relatedthumb relatedpost-159145 c11\"><a href=\"https:\/\/www.elwatan.com\/edition\/actualite\/les-images-de-bouteflika-et-limage-de-lalgerie-insoutenable-05-11-2018\"\/><\/p>\n<p><span class=\"yuzo__text--title c10\">Les images de Bouteflika et l\u2019image de l\u2019Alg&#8230;<\/span><\/div>\n<\/div>\n<\/div>\n<p><span class=\"post-views-label\">Post Views:<\/span> <span class=\"post-views-count\">5\u00a0176<\/span><\/p>\n<p>Auteur: Hicham Chouadria<br \/>\n<a href=\"https:\/\/www.elwatan.com\/edition\/actualite\/la-bataille-de-la-grande-poste-18-05-2019\">Cliquez ici pour lire l&rsquo;article depuis sa source.<\/a><\/p>\n","protected":false},"excerpt":{"rendered":"<p>Les services de s\u00e9curit\u00e9 ont renforc\u00e9 leur pr\u00e9sence contrairement au dernier vendredi (photo Sami K) Le syst\u00e8me est tent\u00e9 par la r\u00e9pression. Si les vendredis derniers, les services de s\u00e9curit\u00e9 ont \u00e9vit\u00e9 tout accrochage avec les manifestants, hier, ils s\u2019\u00e9taient red\u00e9ploy\u00e9s en force au centre- ville d\u2019Alger pour emp\u00eacher tout rassemblement \u00e0 la Grande-Poste. Des [&hellip;]<\/p>\n","protected":false},"author":1743,"featured_media":35094,"comment_status":"closed","ping_status":"closed","sticky":false,"template":"","format":"standard","meta":{"fifu_image_url":"","fifu_image_alt":"","footnotes":""},"categories":[73,53],"tags":[],"class_list":["post-35093","post","type-post","status-publish","format-standard","has-post-thumbnail","hentry","category-actualite","category-algerie"],"_links":{"self":[{"href":"https:\/\/linitiative.ca\/International\/wp-json\/wp\/v2\/posts\/35093","targetHints":{"allow":["GET"]}}],"collection":[{"href":"https:\/\/linitiative.ca\/International\/wp-json\/wp\/v2\/posts"}],"about":[{"href":"https:\/\/linitiative.ca\/International\/wp-json\/wp\/v2\/types\/post"}],"author":[{"embeddable":true,"href":"https:\/\/linitiative.ca\/International\/wp-json\/wp\/v2\/users\/1743"}],"replies":[{"embeddable":true,"href":"https:\/\/linitiative.ca\/International\/wp-json\/wp\/v2\/comments?post=35093"}],"version-history":[{"count":0,"href":"https:\/\/linitiative.ca\/International\/wp-json\/wp\/v2\/posts\/35093\/revisions"}],"wp:featuredmedia":[{"embeddable":true,"href":"https:\/\/linitiative.ca\/International\/wp-json\/"}],"wp:attachment":[{"href":"https:\/\/linitiative.ca\/International\/wp-json\/wp\/v2\/media?parent=35093"}],"wp:term":[{"taxonomy":"category","embeddable":true,"href":"https:\/\/linitiative.ca\/International\/wp-json\/wp\/v2\/categories?post=35093"},{"taxonomy":"post_tag","embeddable":true,"href":"https:\/\/linitiative.ca\/International\/wp-json\/wp\/v2\/tags?post=35093"}],"curies":[{"name":"wp","href":"https:\/\/api.w.org\/{rel}","templated":true}]}}