{"id":35095,"date":"2019-05-18T05:30:43","date_gmt":"2019-05-18T09:30:43","guid":{"rendered":"https:\/\/linitiative.ca\/International\/13e-vendredi-de-protestation-populaire-resistance-et-determination\/"},"modified":"2019-05-18T05:30:43","modified_gmt":"2019-05-18T09:30:43","slug":"13e-vendredi-de-protestation-populaire-resistance-et-determination","status":"publish","type":"post","link":"https:\/\/linitiative.ca\/International\/13e-vendredi-de-protestation-populaire-resistance-et-determination\/","title":{"rendered":"13e vendredi de protestation populaire : R\u00e9sistance et d\u00e9termination"},"content":{"rendered":"<h4 class=\"title-14\"\/>\n<div class=\"featured_image\"><img width=\"741\" height=\"1143\" data-cfsrc=\"https:\/\/www.elwatan.com\/wp-content\/uploads\/2019\/05\/manif-bon-e1558137120583.jpg\" class=\"attachment-post-thumbnail size-post-thumbnail wp-post-image c1\" alt=\"\" srcset=\"https:\/\/www.elwatan.com\/wp-content\/uploads\/2019\/05\/manif-bon-e1558137120583.jpg 741w, https:\/\/www.elwatan.com\/wp-content\/uploads\/2019\/05\/manif-bon-e1558137120583-194x300.jpg 194w, https:\/\/www.elwatan.com\/wp-content\/uploads\/2019\/05\/manif-bon-e1558137120583-664x1024.jpg 664w\" sizes=\"(max-width: 741px) 100vw, 741px\"\/><noscript><\/p>\n<p><img loading=\"lazy\" decoding=\"async\" width=\"741\" height=\"1143\" src=\"https:\/\/www.elwatan.com\/wp-content\/uploads\/2019\/05\/manif-bon-e1558137120583.jpg\" class=\"attachment-post-thumbnail size-post-thumbnail wp-post-image\" alt=\"\" srcset=\"https:\/\/www.elwatan.com\/wp-content\/uploads\/2019\/05\/manif-bon-e1558137120583.jpg 741w, https:\/\/www.elwatan.com\/wp-content\/uploads\/2019\/05\/manif-bon-e1558137120583-194x300.jpg 194w, https:\/\/www.elwatan.com\/wp-content\/uploads\/2019\/05\/manif-bon-e1558137120583-664x1024.jpg 664w\" sizes=\"auto, (max-width: 741px) 100vw, 741px\"\/><\/p>\n<p><\/noscript> <span class=\"featured-image-caption\">Mobilisation hier dans les rues alg\u00e9roises Photo : B. Souhil)<\/span><\/div>\n<p>La mobilisation n\u2019a pas faibli. Hier encore, un nombre impressionnant de citoyens, femmes, hommes et enfants, est sorti battre le pav\u00e9, dans la capitale, pour r\u00e9clamer le \u00abd\u00e9part du syst\u00e8me\u00bb.<\/p>\n<p>C\u2019est le deuxi\u00e8me vendredi du mois de Ramadhan, au cours duquel les Alg\u00e9riens ont r\u00e9it\u00e9r\u00e9 leurs mots d\u2019ordre habituels s\u2019articulant, entre autres, autour du rejet de l\u2019\u00e9lection pr\u00e9sidentielle du 4 juillet prochain. Le je\u00fbne, en ces temps de chaleur, n\u2019a finalement pas dissuad\u00e9 les citoyens d\u2019occuper la rue.<\/p>\n<p>Mais, hier, contrairement aux vendredis pr\u00e9c\u00e9dents, du moins les plus r\u00e9cents, la situation \u00e9tait particuli\u00e8rement tendue, notamment \u00e0 la Grande-Poste, occup\u00e9e cette fois-ci, d\u00e8s la matin\u00e9e, par des policiers anti\u00e9meute qui en ont interdit l\u2019acc\u00e8s aux manifestants.<\/p>\n<p>En effet, arriv\u00e9s tr\u00e8s t\u00f4t le matin, les protestataires n\u2019ont pu acc\u00e9der au parvis de ce lieu hautement symbolique depuis le d\u00e9but du hirak, le 22 f\u00e9vrier. Des vid\u00e9os avaient circul\u00e9 la veille d\u00e9j\u00e0, montrant des barri\u00e8res pos\u00e9es sur place par des policiers, comme pour monter que la Grande-Poste ne sera pas occup\u00e9e par les manifestants ce vendredi.<\/p>\n<p>La wilaya d\u2019Alger a tent\u00e9 de justifier cette interdiction par un probl\u00e8me de conformit\u00e9 de la construction. Des manifestants \u00e9taient rest\u00e9s longtemps sur place face \u00e0 une \u00abceinture\u00bb constitu\u00e9e de plusieurs camions de la police et des dizaines de policiers. Ces derniers ont d\u2019ailleurs us\u00e9 de gaz lacrymog\u00e8ne \u00e0 plusieurs reprises pour disperser la foule qui exer\u00e7ait de plus en plus une pression sur eux afin de lib\u00e9rer le passage.<\/p>\n<p>Quelques femmes ont pu se faufiler et monter sur le parvis \u00abinterdit\u00bb. Les secouristes b\u00e9n\u00e9voles ont d\u00fb intervenir \u00e0 maintes reprises pour aider les personnes incommod\u00e9es par les gaz, d\u2019autant plus que c\u2019est un jour de car\u00eame. Plusieurs bless\u00e9s ont \u00e9t\u00e9 d\u00e9nombr\u00e9s. Mais au fur et \u00e0 mesure que les rangs des manifestants grossissaient, surtout apr\u00e8s la fin de la pri\u00e8re du vendredi, les policiers se montraient de plus en plus d\u00e9pass\u00e9s.<\/p>\n<p>Finalement, \u00e0 14h50, les manifestants ont r\u00e9ussi \u00e0 forcer le passage et occuper le parvis de la Grande-Poste. Des cris de joie se faisaient entendre de tr\u00e8s loin. Ce lieu symbolique venait d\u2019\u00eatre r\u00e9cup\u00e9r\u00e9.<\/p>\n<p><strong>Rejet de l\u2019\u00e9lection pr\u00e9sidentielle<\/strong><\/p>\n<p>Bien \u00e9videmment, si quelques centaines de manifestants sont arriv\u00e9s sur les lieux d\u00e8s la matin\u00e9e, le plus gros a rejoint la marche apr\u00e8s la pri\u00e8re. La mobilisation est rest\u00e9e donc intacte, m\u00eame si durant le Ramadhan, ce n\u2019est que vers 15h que la pr\u00e9sence des manifestants devient plus importante.<\/p>\n<p>Toute la place jouxtant la Grande-Poste et les rues adjacentes, Larbi Ben M\u2019hidi, en allant vers la place des Martyrs, la place Audin, Didouche Mourad et Amirouche \u00e9taient noires de monde.<\/p>\n<p>Les manifestants ont repris les slogans habituels de rejet de la pr\u00e9sidentielle du 4 juillet\u00a0: \u00abMakanch intikhabat, ya issabat\u00bb (pas d\u2019\u00e9lections, bandits) ou contre l\u2019Etat militaire \u00abDawla madania, machi askaria\u00bb, (Etat civil et non militaire). Le chef d\u2019\u00e9tat-major de l\u2019ANP, Ahmed Ga\u00efd Salah a \u00e9t\u00e9 \u00e9galement cibl\u00e9 par les manifestants qui r\u00e9clamaient son d\u00e9part. Quelques rares manifestants pro-Ga\u00efd se sont incrust\u00e9s. Ils ont \u00e9t\u00e9 vite \u00abd\u00e9gag\u00e9s\u00bb pour certains ou ignor\u00e9s pour d\u2019autres.<\/p>\n<p>Des banderoles r\u00e9clamant un Etat civil ont \u00e9t\u00e9 \u00e9galement brandies par des manifestants. \u00abNon, \u00e0 la gestion de la R\u00e9publique depuis les casernes\u00bb, lit-on sur l\u2019une d\u2019elles. Face \u00e0 la Grande-Poste, un slogan de d\u00e9nonciation du comportement des policiers post\u00e9s sur place a \u00e9t\u00e9 scand\u00e9 par les manifestants, lorsqu\u2019ils se faisaient tabasser ou asperger de gaz lacrymog\u00e8nes.<\/p>\n<p>En somme, c\u00f4t\u00e9 slogans, il semble que le rejet de la prochaine \u00e9lection pr\u00e9sidentielle conduite par des symboles du r\u00e9gime, en l\u2019occurrence le chef de l\u2019Etat par int\u00e9rim, Abdelkader Bensalah, et le Premier ministre, Nourredine Bedoui, fait l\u2019unanimit\u00e9 au sein des manifestants.<\/p>\n<p>Et pas que. Des dizaines d\u2019\u00e9lus locaux de quelques wilayas du centre du pays, telles qu\u2019Alger, Bouira, Boumerd\u00e8s et Tizi Ouzou, du Front des forces socialistes (FFS), notamment, portant leurs \u00e9charpes en bandouli\u00e8re ont pris part \u00e0 la marche. Ils ont tenu, sur place, \u00e0 r\u00e9affirmer leur rejet total de l\u2019organisation de cette \u00e9lection.<\/p>\n<p>La veille, tous les \u00e9lus de la wilaya de Tizi Ouzou et B\u00e9ja\u00efa, de tous bords politiques donc, ont r\u00e9-exprim\u00e9 leurs positions dans des communiqu\u00e9s communs.<\/p>\n<p>Des P\/APC d\u2019autres wilayas ont pris aussi la d\u00e9cision de ne pas organiser la pr\u00e9sidentielle du 4 juillet. Un climat de d\u00e9saffection populaire qui met \u00e0 mal d\u2019embl\u00e9e ce rendez-vous \u00e9lectoral.<\/p>\n<p>Vendredi prochain, le 14e, interviendra au lendemain de la fin du d\u00e9lai de d\u00e9p\u00f4t de candidature. Qu\u2019en sera-t-il d\u2019ici l\u00e0\u00a0? Les jours \u00e0 venir nous le diront\u2026<\/p>\n<div class=\"yuzo_related_post style-1\" data-version=\"5.12.88\">\n<p><h3>Related Post<\/h3>\n<\/p>\n<div class=\"yuzo_wraps\">\n<div class=\"relatedthumb relatedpost-570133 c11\"><a href=\"https:\/\/www.elwatan.com\/regions\/ouest\/chlef\/chlef-le-projet-dun-complexe-suscite-la-polemique-16-04-2019\"\/><\/p>\n<p><span class=\"yuzo__text--title c10\">Chlef :\u00a0Le projet d\u2019un complexe suscite la pol\u00e9miq&#8230;<\/span><\/div>\n<div class=\"relatedthumb relatedpost-565392 c11\"><a href=\"https:\/\/www.elwatan.com\/edition\/actualite\/marches-et-manifestations-a-lest-du-pays-23-03-2019\"\/><\/p>\n<p><span class=\"yuzo__text--title c10\">Marches et manifestations \u00e0 l\u2019est du pays<\/span><\/div>\n<div class=\"relatedthumb relatedpost-293094 c11\"><a href=\"https:\/\/www.elwatan.com\/edition\/international\/somalie-amputation-publique-par-les-shebeb-26-06-2009\"\/><\/p>\n<p><span class=\"yuzo__text--title c10\">Somalie : amputation publique par les shebeb<\/span><\/div>\n<div class=\"relatedthumb relatedpost-412712 c11\"><a href=\"https:\/\/www.elwatan.com\/regions\/ouest\/actu-ouest\/rcr-une-dose-denergie-pour-le-rapid-30-12-2018\"\/><\/p>\n<p><span class=\"yuzo__text--title c10\">RCR : Une dose d\u2019\u00e9nergie pour le Rapid<\/span><\/div>\n<\/div>\n<\/div>\n<p><span class=\"post-views-label\">Post Views:<\/span> <span class=\"post-views-count\">1\u00a0540<\/span><\/p>\n<p>Auteur: Hicham Chouadria<br \/>\n<a href=\"https:\/\/www.elwatan.com\/a-la-une\/13e-vendredi-de-protestation-populaire-resistance-et-determination-18-05-2019\">Cliquez ici pour lire l&rsquo;article depuis sa source.<\/a><\/p>\n","protected":false},"excerpt":{"rendered":"<p>Mobilisation hier dans les rues alg\u00e9roises Photo : B. Souhil) La mobilisation n\u2019a pas faibli. Hier encore, un nombre impressionnant de citoyens, femmes, hommes et enfants, est sorti battre le pav\u00e9, dans la capitale, pour r\u00e9clamer le \u00abd\u00e9part du syst\u00e8me\u00bb. C\u2019est le deuxi\u00e8me vendredi du mois de Ramadhan, au cours duquel les Alg\u00e9riens ont r\u00e9it\u00e9r\u00e9 [&hellip;]<\/p>\n","protected":false},"author":1743,"featured_media":35096,"comment_status":"closed","ping_status":"closed","sticky":false,"template":"","format":"standard","meta":{"fifu_image_url":"","fifu_image_alt":"","footnotes":""},"categories":[73,53],"tags":[],"class_list":["post-35095","post","type-post","status-publish","format-standard","has-post-thumbnail","hentry","category-actualite","category-algerie"],"_links":{"self":[{"href":"https:\/\/linitiative.ca\/International\/wp-json\/wp\/v2\/posts\/35095","targetHints":{"allow":["GET"]}}],"collection":[{"href":"https:\/\/linitiative.ca\/International\/wp-json\/wp\/v2\/posts"}],"about":[{"href":"https:\/\/linitiative.ca\/International\/wp-json\/wp\/v2\/types\/post"}],"author":[{"embeddable":true,"href":"https:\/\/linitiative.ca\/International\/wp-json\/wp\/v2\/users\/1743"}],"replies":[{"embeddable":true,"href":"https:\/\/linitiative.ca\/International\/wp-json\/wp\/v2\/comments?post=35095"}],"version-history":[{"count":0,"href":"https:\/\/linitiative.ca\/International\/wp-json\/wp\/v2\/posts\/35095\/revisions"}],"wp:featuredmedia":[{"embeddable":true,"href":"https:\/\/linitiative.ca\/International\/wp-json\/"}],"wp:attachment":[{"href":"https:\/\/linitiative.ca\/International\/wp-json\/wp\/v2\/media?parent=35095"}],"wp:term":[{"taxonomy":"category","embeddable":true,"href":"https:\/\/linitiative.ca\/International\/wp-json\/wp\/v2\/categories?post=35095"},{"taxonomy":"post_tag","embeddable":true,"href":"https:\/\/linitiative.ca\/International\/wp-json\/wp\/v2\/tags?post=35095"}],"curies":[{"name":"wp","href":"https:\/\/api.w.org\/{rel}","templated":true}]}}