{"id":35098,"date":"2019-05-18T07:46:28","date_gmt":"2019-05-18T11:46:28","guid":{"rendered":"https:\/\/linitiative.ca\/International\/ali-yahia-abdennour-ahmed-taleb-ibrahimi-et-rachid-benyelles-lancent-un-appel-pour-une-solution-consensuelle\/"},"modified":"2019-05-18T07:46:28","modified_gmt":"2019-05-18T11:46:28","slug":"ali-yahia-abdennour-ahmed-taleb-ibrahimi-et-rachid-benyelles-lancent-un-appel-pour-une-solution-consensuelle","status":"publish","type":"post","link":"https:\/\/linitiative.ca\/International\/ali-yahia-abdennour-ahmed-taleb-ibrahimi-et-rachid-benyelles-lancent-un-appel-pour-une-solution-consensuelle\/","title":{"rendered":"Ali Yahia Abdennour, Ahmed Taleb-Ibrahimi et Rachid Benyelles lancent un appel pour une solution consensuelle"},"content":{"rendered":"<h4 class=\"title-14\"\/>\n<p><strong>\u00a0<\/strong><\/p>\n<p><strong>Ali Yahia Abdennour, Ahmed Taleb-Ibrahimi et Rachid Benyelles\u00a0demandent au commandement de l\u2019ANP de \u201d nouer un dialogue franc et honn\u00eate avec des figures repr\u00e9sentatives du mouvement citoyen\u201d. Voici le texte int\u00e9gral de l\u2019appel rendu public samedi par les trois personnalit\u00e9s\u00a0:<\/strong><\/p>\n<p>\u00ab\u00a0Appel pour une solution consensuelle<\/p>\n<p>Le 22 f\u00e9vrier 2019, des millions d\u2019Alg\u00e9riens, toutes classes sociales et tous \u00e2ges confondus, sont sortis dans les rues de l\u2019ensemble des grandes villes du pays pour manifester pacifiquement, crier leur col\u00e8re et refuser l\u2019humiliation qu\u2019un pouvoir arrogant et s\u00fbr de lui, voulait encore leur faire subir en annon\u00e7ant la candidature pour un cinqui\u00e8me mandat, d\u2019un homme qui vit \u00e0 l\u2019\u00e9tat v\u00e9g\u00e9tatif depuis cinq ans. Par leur caract\u00e8re massif et strictement pacifique, les manifestations grandioses de ces treize derni\u00e8res semaines ont forc\u00e9 l\u2019admiration du monde entier et nous ont rendu notre dignit\u00e9 trop longtemps bafou\u00e9e, comme elles nous ont permis de recouvrer notre fiert\u00e9 d\u2019appartenir \u00e0 une grande nation.<\/p>\n<p>Elles auront \u00e9galement fortement contribu\u00e9 \u00e0 renforcer l\u2019unit\u00e9 nationale et la volont\u00e9 du vivre ensemble, quelles que soient nos diff\u00e9rences politiques, et nos sensibilit\u00e9s culturelles ou doctrinaires. Apr\u00e8s avoir obtenu la d\u00e9mission forc\u00e9e du pr\u00e9sident candidat moribond, les manifestants dont le nombre a atteint des sommets historiques, exigent maintenant l\u2019instauration d\u2019un Etat de droit et d\u2019une v\u00e9ritable d\u00e9mocratie, en passant pr\u00e9alablement par une p\u00e9riode de transition de courte dur\u00e9e, conduite par des hommes et des femmes n\u2019ayant jamais appartenu au syst\u00e8me profond\u00e9ment corrompu des vingt derni\u00e8res ann\u00e9es.<\/p>\n<p>Cette p\u00e9riode est n\u00e9cessaire pour mettre en place les m\u00e9canismes et dispositions permettant au peuple souverain d\u2019exprimer librement et d\u00e9mocratiquement son choix \u00e0 travers les urnes, \u2013 un processus qui va dans le sens de l\u2019histoire, et que rien, ni personne ne saurait arr\u00eater. Porteuse de graves dangers dans une situation r\u00e9gionale tendue, la situation de blocage \u00e0 laquelle nous assistons par le maintien de la date du 4 juillet ne pourra que retarder l\u2019av\u00e8nement in\u00e9luctable d\u2019une nouvelle R\u00e9publique. Car comment peut-on imaginer des \u00e9lections libres et honn\u00eates alors qu\u2019elles sont d\u2019ores et d\u00e9j\u00e0 rejet\u00e9es par l\u2019immense majorit\u00e9 de la population parce qu\u2019organis\u00e9es par des institutions encore aux mains de forces disqualifi\u00e9es, oppos\u00e9es \u00e0 tout changement salutaire ?<\/p>\n<p>C\u2019est pourquoi, nous, signataires de la d\u00e9claration du 7 octobre 2017 ainsi que du pr\u00e9sent appel, demandons instamment au commandement de l\u2019ANP de nouer un dialogue franc et honn\u00eate avec des figures repr\u00e9sentatives du mouvement citoyen ( harak ), des partis et des forces politiques et sociales qui le soutiennent, afin de trouver au plus vite, une solution politique consensuelle en mesure de r\u00e9pondre aux aspirations populaires l\u00e9gitimes qui s\u2019expriment quotidiennement depuis bient\u00f4t trois mois\u00a0\u00bb.<\/p>\n<p>Alger le 18 mai 2019 Abdennour Ali Yahia Ahmed Taleb Ibrahimi Rachid Benyelles.<\/p>\n<div class=\"yuzo_related_post style-1\" data-version=\"5.12.88\">\n<p><h3>Related Post<\/h3>\n<\/p>\n<div class=\"yuzo_wraps\">\n<div class=\"relatedthumb relatedpost-566602 c11\"><a href=\"https:\/\/www.elwatan.com\/edition\/actualite\/gigantesque-manifestation-a-alger-nous-sommes-lavenir-vous-etes-le-passe-29-03-2019\"\/><\/p>\n<p><span class=\"yuzo__text--title c10\">Gigantesque manifestation \u00e0 Alger : \u00ab Nous sommes &#8230;<\/span><\/div>\n<div class=\"relatedthumb relatedpost-566832 c11\"><a href=\"https:\/\/www.elwatan.com\/edition\/actualite\/gaid-salah-insiste-sur-lactivation-de-larticle-102-de-la-constitution-et-accuse-30-03-2019\"\/><\/p>\n<p><span class=\"yuzo__text--title c10\">Ga\u00efd Salah insiste sur l\u2019activation des articles 1&#8230;<\/span><\/div>\n<div class=\"relatedthumb relatedpost-573973 c11\"><a href=\"https:\/\/www.elwatan.com\/regions\/est\/actu-est\/fete-de-bouhezza-a-oum-el-bouaghi-un-fromage-en-quete-de-labellisation-27-04-2019\"\/><\/p>\n<p><span class=\"yuzo__text--title c10\">F\u00eate de Bouhezza \u00e0 Oum el Bouaghi : Un fromage en &#8230;<\/span><\/div>\n<div class=\"relatedthumb relatedpost-560092 c11\"><a href=\"https:\/\/www.elwatan.com\/edition\/international\/crise-politique-au-venezuela-heurts-a-la-frontiere-avec-la-colombie-24-02-2019\"\/><\/p>\n<p><span class=\"yuzo__text--title c10\">Crise politique au Venezuela : Heurts \u00e0 la fronti\u00e8&#8230;<\/span><\/div>\n<\/div>\n<\/div>\n<p><span class=\"post-views-label\">Post Views:<\/span> <span class=\"post-views-count\">4\u00a0528<\/span><\/p>\n<p>Auteur: Farouk Djouadi<br \/>\n<a href=\"https:\/\/www.elwatan.com\/edition\/actualite\/ali-yahia-abdennour-ahmed-taleb-ibrahimi-et-rachid-benyelles-lance-un-appel-pour-une-solution-consensuelle-18-05-2019\">Cliquez ici pour lire l&rsquo;article depuis sa source.<\/a><\/p>\n","protected":false},"excerpt":{"rendered":"<p>\u00a0 Ali Yahia Abdennour, Ahmed Taleb-Ibrahimi et Rachid Benyelles\u00a0demandent au commandement de l\u2019ANP de \u201d nouer un dialogue franc et honn\u00eate avec des figures repr\u00e9sentatives du mouvement citoyen\u201d. Voici le texte int\u00e9gral de l\u2019appel rendu public samedi par les trois personnalit\u00e9s\u00a0: \u00ab\u00a0Appel pour une solution consensuelle Le 22 f\u00e9vrier 2019, des millions d\u2019Alg\u00e9riens, toutes classes [&hellip;]<\/p>\n","protected":false},"author":1743,"featured_media":0,"comment_status":"closed","ping_status":"closed","sticky":false,"template":"","format":"standard","meta":{"fifu_image_url":"","fifu_image_alt":"","footnotes":""},"categories":[73,53],"tags":[],"class_list":["post-35098","post","type-post","status-publish","format-standard","hentry","category-actualite","category-algerie"],"_links":{"self":[{"href":"https:\/\/linitiative.ca\/International\/wp-json\/wp\/v2\/posts\/35098","targetHints":{"allow":["GET"]}}],"collection":[{"href":"https:\/\/linitiative.ca\/International\/wp-json\/wp\/v2\/posts"}],"about":[{"href":"https:\/\/linitiative.ca\/International\/wp-json\/wp\/v2\/types\/post"}],"author":[{"embeddable":true,"href":"https:\/\/linitiative.ca\/International\/wp-json\/wp\/v2\/users\/1743"}],"replies":[{"embeddable":true,"href":"https:\/\/linitiative.ca\/International\/wp-json\/wp\/v2\/comments?post=35098"}],"version-history":[{"count":0,"href":"https:\/\/linitiative.ca\/International\/wp-json\/wp\/v2\/posts\/35098\/revisions"}],"wp:attachment":[{"href":"https:\/\/linitiative.ca\/International\/wp-json\/wp\/v2\/media?parent=35098"}],"wp:term":[{"taxonomy":"category","embeddable":true,"href":"https:\/\/linitiative.ca\/International\/wp-json\/wp\/v2\/categories?post=35098"},{"taxonomy":"post_tag","embeddable":true,"href":"https:\/\/linitiative.ca\/International\/wp-json\/wp\/v2\/tags?post=35098"}],"curies":[{"name":"wp","href":"https:\/\/api.w.org\/{rel}","templated":true}]}}