{"id":35100,"date":"2019-05-18T14:22:23","date_gmt":"2019-05-18T18:22:23","guid":{"rendered":"https:\/\/linitiative.ca\/International\/neuf-blesses-dans-leffondrement-dune-maison-a-sidi-bel-abbes\/"},"modified":"2019-05-18T14:22:23","modified_gmt":"2019-05-18T18:22:23","slug":"neuf-blesses-dans-leffondrement-dune-maison-a-sidi-bel-abbes","status":"publish","type":"post","link":"https:\/\/linitiative.ca\/International\/neuf-blesses-dans-leffondrement-dune-maison-a-sidi-bel-abbes\/","title":{"rendered":"Neuf bless\u00e9s dans l\u2019effondrement d\u2019une maison \u00e0 Sidi Bel Abb\u00e8s"},"content":{"rendered":"<h4 class=\"title-14\"\/>\n<p class=\"gmail-MsoNoSpacing\">Neuf membres d\u2019une m\u00eame famille ont \u00e9t\u00e9 bless\u00e9s dans l\u2019affaissement du plancher d\u2019une maison, survenu vendredi tard dans la soir\u00e9e \u00e0 Sidi Bel Abb\u00e8s, indique un communiqu\u00e9 rendu public, ce samedi 18 mai 2019, par la protection civile.<\/p>\n<p class=\"gmail-MsoNoSpacing\">Le sinistre s\u2019est produit au lieudit domaine \u00ab\u00a0Kheredine\u00a0\u00bb, \u00e0 la p\u00e9riph\u00e9rie de la ville de Sidi Bel Abb\u00e8s. Les bless\u00e9s, dont la tranche d\u2019\u00e2ge est comprise entre 10 mois et 41 ans, font \u00a0partie de la m\u00eame famille. Ils ont \u00e9t\u00e9 tous \u00e9vacu\u00e9s vers les urgences m\u00e9dico-chirurgicales du CHU de Sidi Bel Abb\u00e8s. L\u2019intervention des sapeurs-pommiers, vers 23 h, a permis \u00e9galement l\u2019\u00e9vacuation, par mesure de pr\u00e9caution, des occupants d\u2019une maison mitoyenne.<\/p>\n<p class=\"gmail-MsoNoSpacing\">Pour venir en aide aux bless\u00e9s, la protection civile a, selon son charg\u00e9 de la communication, d\u00e9ploy\u00e9 sur le terrain trois ambulances, deux engins de secours et une trentaine de secouristes.<\/p>\n<div class=\"yuzo_related_post style-1\" data-version=\"5.12.88\">\n<p><h3>Related Post<\/h3>\n<\/p>\n<div class=\"yuzo_wraps\">\n<div class=\"relatedthumb relatedpost-153872 c11\"><a href=\"https:\/\/www.elwatan.com\/regions\/ouest\/bel-abes\/reouverture-de-lagence-societe-generale-algerie-de-sidi-bel-abbes-06-10-2018\"\/><\/p>\n<p><span class=\"yuzo__text--title c10\">R\u00e9ouverture de l\u2019agence Soci\u00e9t\u00e9 G\u00e9n\u00e9rale Alg\u00e9rie d&#8230;<\/span><\/div>\n<div class=\"relatedthumb relatedpost-575926 c11\"><a href=\"https:\/\/www.elwatan.com\/regions\/ouest\/bel-abes\/la-cite-ahmed-zabana-sidi-bel-abbes-accueille-la-manifestation-lart-est-public-30-04-2019\"\/><\/p>\n<p><span class=\"yuzo__text--title c10\">La cit\u00e9 Ahmed Zabana (Sidi Bel Abb\u00e8s) accueille la&#8230;<\/span><\/div>\n<div class=\"relatedthumb relatedpost-559859 c11\"><a href=\"https:\/\/www.elwatan.com\/edition\/actualite\/chaab-la-yourid-bouteflika-wa-said-scandent-des-centaines-de-manifestants-a-sidi-bel-abbes-22-02-2019\"\/><\/p>\n<p><span class=\"yuzo__text--title c10\">\u00ab Chaab la yourid Bouteflika wa Said \u00bb, scandent d&#8230;<\/span><\/div>\n<div class=\"relatedthumb relatedpost-145505 c11\"><a href=\"https:\/\/www.elwatan.com\/edition\/sports\/usmba-un-effectif-sous-pression-25-08-2018\"\/><\/p>\n<p><span class=\"yuzo__text--title c10\">USMBA : Un effectif sous pression<\/span><\/div>\n<\/div>\n<\/div>\n<p><span class=\"post-views-label\">Post Views:<\/span> <span class=\"post-views-count\">106<\/span><\/p>\n<p>Auteur: Farouk Djouadi<br \/>\n<a href=\"https:\/\/www.elwatan.com\/regions\/ouest\/bel-abes\/neuf-blesses-dans-leffondrement-dune-maison-a-sidi-bel-abbes-18-05-2019\">Cliquez ici pour lire l&rsquo;article depuis sa source.<\/a><\/p>\n","protected":false},"excerpt":{"rendered":"<p>Neuf membres d\u2019une m\u00eame famille ont \u00e9t\u00e9 bless\u00e9s dans l\u2019affaissement du plancher d\u2019une maison, survenu vendredi tard dans la soir\u00e9e \u00e0 Sidi Bel Abb\u00e8s, indique un communiqu\u00e9 rendu public, ce samedi 18 mai 2019, par la protection civile. Le sinistre s\u2019est produit au lieudit domaine \u00ab\u00a0Kheredine\u00a0\u00bb, \u00e0 la p\u00e9riph\u00e9rie de la ville de Sidi Bel [&hellip;]<\/p>\n","protected":false},"author":1743,"featured_media":0,"comment_status":"closed","ping_status":"closed","sticky":false,"template":"","format":"standard","meta":{"fifu_image_url":"","fifu_image_alt":"","footnotes":""},"categories":[73,53],"tags":[],"class_list":["post-35100","post","type-post","status-publish","format-standard","hentry","category-actualite","category-algerie"],"_links":{"self":[{"href":"https:\/\/linitiative.ca\/International\/wp-json\/wp\/v2\/posts\/35100","targetHints":{"allow":["GET"]}}],"collection":[{"href":"https:\/\/linitiative.ca\/International\/wp-json\/wp\/v2\/posts"}],"about":[{"href":"https:\/\/linitiative.ca\/International\/wp-json\/wp\/v2\/types\/post"}],"author":[{"embeddable":true,"href":"https:\/\/linitiative.ca\/International\/wp-json\/wp\/v2\/users\/1743"}],"replies":[{"embeddable":true,"href":"https:\/\/linitiative.ca\/International\/wp-json\/wp\/v2\/comments?post=35100"}],"version-history":[{"count":0,"href":"https:\/\/linitiative.ca\/International\/wp-json\/wp\/v2\/posts\/35100\/revisions"}],"wp:attachment":[{"href":"https:\/\/linitiative.ca\/International\/wp-json\/wp\/v2\/media?parent=35100"}],"wp:term":[{"taxonomy":"category","embeddable":true,"href":"https:\/\/linitiative.ca\/International\/wp-json\/wp\/v2\/categories?post=35100"},{"taxonomy":"post_tag","embeddable":true,"href":"https:\/\/linitiative.ca\/International\/wp-json\/wp\/v2\/tags?post=35100"}],"curies":[{"name":"wp","href":"https:\/\/api.w.org\/{rel}","templated":true}]}}