{"id":35103,"date":"2019-05-18T06:00:00","date_gmt":"2019-05-18T10:00:00","guid":{"rendered":"https:\/\/linitiative.ca\/International\/prochain-accord-sur-la-restauration-de-la-casbah-dalger\/"},"modified":"2019-05-18T06:00:00","modified_gmt":"2019-05-18T10:00:00","slug":"prochain-accord-sur-la-restauration-de-la-casbah-dalger","status":"publish","type":"post","link":"https:\/\/linitiative.ca\/International\/prochain-accord-sur-la-restauration-de-la-casbah-dalger\/","title":{"rendered":"Prochain accord sur la restauration de la Casbah d&rsquo;Alger"},"content":{"rendered":"<p>La ministre de la Culture, Meriem Merdaci, et l&rsquo;ambassadrice de Cuba \u00e0 Alger, Clara Margarita Pulido Escodell, ont convenu,\u00a0 mardi \u00e0 Alger, de la mise \u00e0 profit de l&rsquo;exp\u00e9rience cubaine dans la\u00a0 restauration de la Casbah d&rsquo;Alger, indique un communiqu\u00e9 du minist\u00e8re de la Culture.\u00a0<br \/>Examinant les voies et moyens de renforcer la coop\u00e9ration bilat\u00e9rale dans le domaine culturel, les deux parties ont convenu de conclure \u00abdans les\u00a0 semaines \u00e0 venir\u00bb un accord portant sur la restauration de La Casbah d&rsquo;Alger.\u00a0<br \/>A cette occasion, la ministre de la Culture a salu\u00e9 l&rsquo;association de la soci\u00e9t\u00e9 civile aux diff\u00e9rentes actions de restauration men\u00e9es \u00e0 Cuba, au niveau des quartiers s\u00e9culaires de La Havane. L&rsquo;exp\u00e9rience de Cuba est pionni\u00e8re en mati\u00e8re de restauration du patrimoine, notamment dans La Habana Vieja (la Vieille Havane).\u00a0<br \/>Pour l&rsquo;Unesco, La Habana Vieja est l&rsquo;exemple m\u00eame de la ville antique \u00e0 avoir pr\u00e9serv\u00e9 sa coh\u00e9rence urbaine, sa coh\u00e9sion sociale et son cachet culturel gr\u00e2ce \u00e0 un int\u00e9r\u00eat direct de l&rsquo;Etat et une implication de la\u00a0 population dans le d\u00e9veloppement socioculturel ; s&rsquo;\u00e9tendant sur une superficie de 200 hectares, la Vieille Havane compte\u00a0 plus de 3000 immeubles, \u00abdont la majorit\u00e9 en bon \u00e9tat\u00bb et quelque 100 000\u00a0 habitants sur les 2 millions de Havanais.\u00a0 Depuis quelques ann\u00e9es d\u00e9j\u00e0 et gr\u00e2ce \u00e0 l&rsquo;int\u00e9r\u00eat qui lui est accord\u00e9 par l&rsquo;Etat et la population, La Habana Vieja s&rsquo;est \u00e9rig\u00e9e en destination touristique mondiale attirant, \u00e0 elle seule, environ 2 millions de\u00a0 touristes sur les 4 millions qui visitent Cuba chaque ann\u00e9e. Le secteur du tourisme constitue la deuxi\u00e8me principale source de revenus du pays.\u00a0<\/p>\n<p>Auteur:<br \/>\n<a href=\"https:\/\/www.lesoirdalgerie.com\/culture\/prochain-accord-sur-la-restauration-de-la-casbah-dalger-24000\">Cliquez ici pour lire l&rsquo;article depuis sa source.<\/a><\/p>\n","protected":false},"excerpt":{"rendered":"<p>La ministre de la Culture, Meriem Merdaci, et l&rsquo;ambassadrice de Cuba \u00e0 Alger, Clara Margarita Pulido Escodell, ont convenu,\u00a0 mardi \u00e0 Alger, de la mise \u00e0 profit de l&rsquo;exp\u00e9rience cubaine dans la\u00a0 restauration de la Casbah d&rsquo;Alger, indique un communiqu\u00e9 du minist\u00e8re de la Culture.\u00a0Examinant les voies et moyens de renforcer la coop\u00e9ration bilat\u00e9rale dans [&hellip;]<\/p>\n","protected":false},"author":1741,"featured_media":0,"comment_status":"closed","ping_status":"closed","sticky":false,"template":"","format":"standard","meta":{"fifu_image_url":"","fifu_image_alt":"","footnotes":""},"categories":[73,53],"tags":[],"class_list":["post-35103","post","type-post","status-publish","format-standard","hentry","category-actualite","category-algerie"],"_links":{"self":[{"href":"https:\/\/linitiative.ca\/International\/wp-json\/wp\/v2\/posts\/35103","targetHints":{"allow":["GET"]}}],"collection":[{"href":"https:\/\/linitiative.ca\/International\/wp-json\/wp\/v2\/posts"}],"about":[{"href":"https:\/\/linitiative.ca\/International\/wp-json\/wp\/v2\/types\/post"}],"author":[{"embeddable":true,"href":"https:\/\/linitiative.ca\/International\/wp-json\/wp\/v2\/users\/1741"}],"replies":[{"embeddable":true,"href":"https:\/\/linitiative.ca\/International\/wp-json\/wp\/v2\/comments?post=35103"}],"version-history":[{"count":0,"href":"https:\/\/linitiative.ca\/International\/wp-json\/wp\/v2\/posts\/35103\/revisions"}],"wp:attachment":[{"href":"https:\/\/linitiative.ca\/International\/wp-json\/wp\/v2\/media?parent=35103"}],"wp:term":[{"taxonomy":"category","embeddable":true,"href":"https:\/\/linitiative.ca\/International\/wp-json\/wp\/v2\/categories?post=35103"},{"taxonomy":"post_tag","embeddable":true,"href":"https:\/\/linitiative.ca\/International\/wp-json\/wp\/v2\/tags?post=35103"}],"curies":[{"name":"wp","href":"https:\/\/api.w.org\/{rel}","templated":true}]}}