{"id":35104,"date":"2019-05-18T06:00:00","date_gmt":"2019-05-18T10:00:00","guid":{"rendered":"https:\/\/linitiative.ca\/International\/la-confection-damendil-ressuscitee-au-mzab\/"},"modified":"2019-05-18T06:00:00","modified_gmt":"2019-05-18T10:00:00","slug":"la-confection-damendil-ressuscitee-au-mzab","status":"publish","type":"post","link":"https:\/\/linitiative.ca\/International\/la-confection-damendil-ressuscitee-au-mzab\/","title":{"rendered":"La confection d\u2019\u00abamendil\u00bb ressuscit\u00e9e au M\u2019zab"},"content":{"rendered":"<p>La confection d\u2019amendil, une nappe traditionnelle propre \u00e0 la r\u00e9gion du M\u2019zab, fait l\u2019objet d\u2019un int\u00e9r\u00eat de l\u2019association f\u00e9minine Tarselt Oughlane de B\u00e9ni-Isguen (Gharda\u00efa) pour la revivification et la pr\u00e9servation du patrimoine du M\u2019zab, \u00e0 travers des initiatives concr\u00e8tes visant \u00e0 ressusciter l\u2019art ancestral, selon la pr\u00e9sidente de l\u2019association.\u00a0<br \/>Ce patrimoine mat\u00e9riel amendil constitue, au m\u00eame titre que le tapis de B\u00e9ni-Isguen, une richesse culturelle et artistique, un mode d\u2019expression et le support d\u2019un art s\u00e9culaire transmis de g\u00e9n\u00e9ration en g\u00e9n\u00e9ration, a pr\u00e9cis\u00e9 \u00e0 l\u2019APS Mme Nadia Ammi Moussa, soulignant l\u2019importance de valoriser cet h\u00e9ritage. Amendil est une nappe, un tissu de pure laine de diff\u00e9rents formats, tiss\u00e9 \u00e0 la main avec des motifs color\u00e9s et des peintures sublimes qui marient bien authenticit\u00e9 et modernit\u00e9 et constitue un signe d\u2019expression culturelle et de coh\u00e9sion sociale. La fabrication d\u2019amendil, v\u00e9ritable \u0153uvre d\u2019art qui illustre le v\u00e9cu des femmes tisseuses, passe par plusieurs \u00e9tapes, notamment le tissage de l\u2019\u00e9toffe, sa teinture \u00e0 base de mati\u00e8res v\u00e9g\u00e9tales et autres composants naturels ainsi que sa d\u00e9coration de diff\u00e9rents motifs minutieusement \u00e9tudi\u00e9s, explique-t-elle. Confectionn\u00e9e directement sur le m\u00e9tier \u00e0 tisser, selon une technique de trame discontinue, cette \u0153uvre indispensable dans chaque maison du M\u2019zab se transmet uniquement par le biais de l\u2019apprentissage informel et constitue avant tout une activit\u00e9 familiale, indique-t-on. L\u2019utilisation de cette nappe amendil dans la plupart des foyers du M\u2019zab a permis d\u2019assurer sa viabilit\u00e9. \u00abUtilis\u00e9e comme d\u00e9cor de table ou mural, elle sert \u00e9galement \u00e0 couvrir les grandes assiettes de couscous et autres g\u00e2teaux, ainsi qu\u2019\u00e0 emballer des produits.\u00a0<br \/>Pour cela, notre association, Tarselt Oughlane, appelle \u00e0 la sauvegarde et la pr\u00e9servation de ce patrimoine ancestral par l\u2019organisation de cycles de formation au profit des femmes du M\u2019zab\u00bb, selon la pr\u00e9sidente de l\u2019association. \u00abPas moins de 75 femmes ont \u00e9t\u00e9 form\u00e9es depuis 2018 au tissage et \u00e0 la teinture naturelle de cette nappe par l\u2019association, en collaboration avec l\u2019Office de la protection et la pr\u00e9servation de la vall\u00e9e du M\u2019zab (OPVM)\u00bb, a r\u00e9v\u00e9l\u00e9 fi\u00e8rement Mme Ammi Moussa pour qui \u00abla transmission des coutumes et des traditions est un gage de survie des joyaux patrimoniaux\u00bb. L\u2019importance de mettre en valeur cet h\u00e9ritage et ce pan de la culture locale a \u00e9t\u00e9 soulign\u00e9e aussi par les responsables de l\u2019OPVM, lors d\u2019une session de formation de quatre jours organis\u00e9e \u00e0 l\u2019occasion du Mois du patrimoine.\u00a0<br \/>La valorisation et la promotion de ce patrimoine immat\u00e9riel constituent une valeur ajout\u00e9 et une plus-value pour l\u2019\u00e9conomie locale et consolident l&rsquo;attractivit\u00e9 touristique de la r\u00e9gion en perp\u00e9tuant les traditions culturelles locales.<\/p>\n<p>Auteur:<br \/>\n<a href=\"https:\/\/www.lesoirdalgerie.com\/culture\/la-confection-d-amendil-ressuscitee-au-mzab-23999\">Cliquez ici pour lire l&rsquo;article depuis sa source.<\/a><\/p>\n","protected":false},"excerpt":{"rendered":"<p>La confection d\u2019amendil, une nappe traditionnelle propre \u00e0 la r\u00e9gion du M\u2019zab, fait l\u2019objet d\u2019un int\u00e9r\u00eat de l\u2019association f\u00e9minine Tarselt Oughlane de B\u00e9ni-Isguen (Gharda\u00efa) pour la revivification et la pr\u00e9servation du patrimoine du M\u2019zab, \u00e0 travers des initiatives concr\u00e8tes visant \u00e0 ressusciter l\u2019art ancestral, selon la pr\u00e9sidente de l\u2019association.\u00a0Ce patrimoine mat\u00e9riel amendil constitue, au m\u00eame [&hellip;]<\/p>\n","protected":false},"author":1741,"featured_media":0,"comment_status":"closed","ping_status":"closed","sticky":false,"template":"","format":"standard","meta":{"fifu_image_url":"","fifu_image_alt":"","footnotes":""},"categories":[73,53],"tags":[],"class_list":["post-35104","post","type-post","status-publish","format-standard","hentry","category-actualite","category-algerie"],"_links":{"self":[{"href":"https:\/\/linitiative.ca\/International\/wp-json\/wp\/v2\/posts\/35104","targetHints":{"allow":["GET"]}}],"collection":[{"href":"https:\/\/linitiative.ca\/International\/wp-json\/wp\/v2\/posts"}],"about":[{"href":"https:\/\/linitiative.ca\/International\/wp-json\/wp\/v2\/types\/post"}],"author":[{"embeddable":true,"href":"https:\/\/linitiative.ca\/International\/wp-json\/wp\/v2\/users\/1741"}],"replies":[{"embeddable":true,"href":"https:\/\/linitiative.ca\/International\/wp-json\/wp\/v2\/comments?post=35104"}],"version-history":[{"count":0,"href":"https:\/\/linitiative.ca\/International\/wp-json\/wp\/v2\/posts\/35104\/revisions"}],"wp:attachment":[{"href":"https:\/\/linitiative.ca\/International\/wp-json\/wp\/v2\/media?parent=35104"}],"wp:term":[{"taxonomy":"category","embeddable":true,"href":"https:\/\/linitiative.ca\/International\/wp-json\/wp\/v2\/categories?post=35104"},{"taxonomy":"post_tag","embeddable":true,"href":"https:\/\/linitiative.ca\/International\/wp-json\/wp\/v2\/tags?post=35104"}],"curies":[{"name":"wp","href":"https:\/\/api.w.org\/{rel}","templated":true}]}}