{"id":35105,"date":"2019-05-18T06:00:00","date_gmt":"2019-05-18T10:00:00","guid":{"rendered":"https:\/\/linitiative.ca\/International\/farah-rigal-rendra-hommage-a-fayrouz-en-algerie\/"},"modified":"2019-05-18T06:00:00","modified_gmt":"2019-05-18T10:00:00","slug":"farah-rigal-rendra-hommage-a-fayrouz-en-algerie","status":"publish","type":"post","link":"https:\/\/linitiative.ca\/International\/farah-rigal-rendra-hommage-a-fayrouz-en-algerie\/","title":{"rendered":"Farah Rigal rendra hommage \u00e0 Fayrouz en Alg\u00e9rie"},"content":{"rendered":"<p>Farah Rigal r\u00e9galera les m\u00e9lomanes alg\u00e9riens avec les belles m\u00e9lodies de Fayrouz, une des plus grandes divas de la chanson arabe avec l\u2019\u00e9gyptienne Oum Kalthoum. La chanteuse franco-marocaine se d\u00e9placera en automne prochain en Alg\u00e9rie pour une tourn\u00e9e \u00e0 travers plusieurs villes.<br \/>\u00abFarah Rigal donnera des concerts dans dix villes alg\u00e9riennes, dont deux \u00e0 Alger et pr\u00e9sentera un concept exceptionnel et unique en hommage \u00e0 la grande chanteuse libanaise Fayrouz\u00bb, a pr\u00e9cis\u00e9 Bernard Nicolet, dit Jacques Labalme, patron de la bo\u00eete Labalme Music France. Rigal se d\u00e9placera, en outre, \u00abtr\u00e8s prochainement\u00bb en Alg\u00e9rie pour une op\u00e9ration m\u00e9dias de son concert qui porte l&rsquo;ambition de faire revivre les belles ann\u00e9es du rayonnement culturel musical du Liban sur le monde arabe.\u00a0<br \/>Le concept du concert \u00abHommage \u00e0 la diva Fayrouz\u00bb d\u2019une dur\u00e9e de 1h40, explique le producteur, est compos\u00e9 d&rsquo;un collectif d&rsquo;artistes, dont une partie a \u00e9t\u00e9\u00a0 berc\u00e9e et initi\u00e9e au r\u00e9pertoire de Fayrouz et l&rsquo;autre n&rsquo;a connu l\u2019\u0153uvre de l\u2019artiste libanaise que \u00abbien plus tard\u00bb. Farah Rigal revisite les chansons de fayrouz dans un\u00a0 style Funky, a ajout\u00e9 Bernard Nicolet. Elle chante ainsi Fayrouz, en version moderne, \u00abavec une proposition musicale originale et exigeante\u00bb.\u00a0<br \/>Farah Rigal est une jeune artiste qui enrichit, depuis une dizaine d&rsquo;ann\u00e9es, une exp\u00e9rience de sc\u00e8ne et studio dans des registres multiples : pop-rock, soul\/funk, folk, world et jazz. Entour\u00e9e de musiciens de divers horizons, elle a aussi d\u00e9cid\u00e9 en 2019 de revenir aux sources de sa culture d&rsquo;origine pour pr\u00eater sa voix en hommage \u00e0 la\u00a0 diva libanaise et mettre la culture arabe \u00e0 l&rsquo;honneur.<br \/>N\u00e9e le 20 novembre 1934 dans un village de la Montagne du Liban, Fayrouz, de son vrai nom, Nouhad Haddad, est une des plus grandes interpr\u00e8tes de la chanson arabe. Elle se distingue, notamment par sa voix douce et limpide. Elle est avec\u00a0 Oum Kalthoum, l\u2019artiste qui a vendu le plus de disques dans l&rsquo;histoire de la musique arabe.\u00a0<br \/>Pr\u00e9sentatrice vedette de \u00abLa Mini-Cha\u00eene\u00bb une \u00e9mission pour enfants sur les ondes de la RTM (Radio et T\u00e9l\u00e9vision marocaine), de 8 \u00e0 13 ans,\u00a0 Farah Rigal a pass\u00e9 une partie de son enfance sous les projecteurs. Plus tard, elle se d\u00e9couvre une passion pour le chant et l\u2019\u00e9criture des textes et des m\u00e9lodies. Dans sa musique, se m\u00ealent des influences folk et rock, \u00e0 ses racines orientales et andalouses.\u00a0<br \/>Apr\u00e8s quelques albums auto-produits, elle s&rsquo;associe \u00e0 Labalme Productions pour un album pop-\u00e9lectro et collabore avec Patrick Liotard pour les arrangements.<br \/>Kader B.\u00a0<\/p>\n<p>Auteur:<br \/>\n<a href=\"https:\/\/www.lesoirdalgerie.com\/culture\/farah-rigal-rendra-hommage-a-fayrouz-en-algerie-23998\">Cliquez ici pour lire l&rsquo;article depuis sa source.<\/a><\/p>\n","protected":false},"excerpt":{"rendered":"<p>Farah Rigal r\u00e9galera les m\u00e9lomanes alg\u00e9riens avec les belles m\u00e9lodies de Fayrouz, une des plus grandes divas de la chanson arabe avec l\u2019\u00e9gyptienne Oum Kalthoum. La chanteuse franco-marocaine se d\u00e9placera en automne prochain en Alg\u00e9rie pour une tourn\u00e9e \u00e0 travers plusieurs villes.\u00abFarah Rigal donnera des concerts dans dix villes alg\u00e9riennes, dont deux \u00e0 Alger et [&hellip;]<\/p>\n","protected":false},"author":1741,"featured_media":0,"comment_status":"closed","ping_status":"closed","sticky":false,"template":"","format":"standard","meta":{"fifu_image_url":"","fifu_image_alt":"","footnotes":""},"categories":[73,53],"tags":[],"class_list":["post-35105","post","type-post","status-publish","format-standard","hentry","category-actualite","category-algerie"],"_links":{"self":[{"href":"https:\/\/linitiative.ca\/International\/wp-json\/wp\/v2\/posts\/35105","targetHints":{"allow":["GET"]}}],"collection":[{"href":"https:\/\/linitiative.ca\/International\/wp-json\/wp\/v2\/posts"}],"about":[{"href":"https:\/\/linitiative.ca\/International\/wp-json\/wp\/v2\/types\/post"}],"author":[{"embeddable":true,"href":"https:\/\/linitiative.ca\/International\/wp-json\/wp\/v2\/users\/1741"}],"replies":[{"embeddable":true,"href":"https:\/\/linitiative.ca\/International\/wp-json\/wp\/v2\/comments?post=35105"}],"version-history":[{"count":0,"href":"https:\/\/linitiative.ca\/International\/wp-json\/wp\/v2\/posts\/35105\/revisions"}],"wp:attachment":[{"href":"https:\/\/linitiative.ca\/International\/wp-json\/wp\/v2\/media?parent=35105"}],"wp:term":[{"taxonomy":"category","embeddable":true,"href":"https:\/\/linitiative.ca\/International\/wp-json\/wp\/v2\/categories?post=35105"},{"taxonomy":"post_tag","embeddable":true,"href":"https:\/\/linitiative.ca\/International\/wp-json\/wp\/v2\/tags?post=35105"}],"curies":[{"name":"wp","href":"https:\/\/api.w.org\/{rel}","templated":true}]}}