{"id":35106,"date":"2019-05-18T06:00:00","date_gmt":"2019-05-18T10:00:00","guid":{"rendered":"https:\/\/linitiative.ca\/International\/ca-se-fera-sans-moi\/"},"modified":"2019-05-18T06:00:00","modified_gmt":"2019-05-18T10:00:00","slug":"ca-se-fera-sans-moi","status":"publish","type":"post","link":"https:\/\/linitiative.ca\/International\/ca-se-fera-sans-moi\/","title":{"rendered":"\u00c7a se fera sans moi !"},"content":{"rendered":"<p class=\"c3\">&#8211; Le Conseil des ministres se tient dans quelle salle ?<br \/>&#8211; La cellule 23, au bout du Mirador, Fa\u00e7ade Est !<br \/>&#8211; ???<\/p>\n<p class=\"c3\">Bouteflika, l\u2019a\u00een\u00e9 nous \u00e9crivait. Tout le temps. Ensuite, c\u2019est Bouteflika, le Cadet de mes soucis, qui s\u2019est mis \u00e0 nous \u00e9crire en signant Abdelaziz, le vilain ! Ensuite, c\u2019est Ga\u00efd Salah qui s\u2019est mis \u00e0 nous lire ses \u00e9crits \u00e0 partir des casernes, hebdomadairement, au son du clairon. Et l\u00e0, on me dit que c\u2019est Ahmed Taleb-Ibrahimi qui nous envoie une cht\u2019ite bafouille ce samedi. Nous sommes d\u00e9cid\u00e9ment \u00e9pistolairement tr\u00e8s sollicit\u00e9s ! Et un brin fatigu\u00e9s, je dois bien l\u2019avouer. Diantre ! Il faut que je perde cette mauvaise habitude de dire \u00ab nous \u00bb \u00e0 la place de \u00ab je \u00bb. Je ne suis ni ne pr\u00e9tends \u00eatre le porte-parole d\u2019aucun groupe de \u00ab nous \u00bb. Donc, je ! Je suis un chouia fatigu\u00e9 de tous ces Fr\u00e8res du Palais saison Une et Deux qui nous envoient des lettres ou lisent celles r\u00e9dig\u00e9es pour eux par d\u2019autres. Mais celle de Taleb, si l\u2019information se confirme, je ne la lirai pas ! Je refuse de la lire ! J\u2019ai d\u00e9j\u00e0 lu ce bonhomme-l\u00e0 il y a fort longtemps ! Lu en large et en travers. Et franchement en travers ! J\u2019ai lu et subi sa culture. J\u2019ai lu et subi son \u00e9cole. J\u2019ai lu et subi sa t\u00e9l\u00e9. Je l\u2019ai subi. Le subir \u00e0 nouveau voudrait dire que je suis un sacr\u00e9 masochiste ! Au bout de son histoire, de mon histoire, de nos histoires h\u00e9las crois\u00e9es, je suis ext\u00e9nu\u00e9 de constater qu\u2019en 2019, on aille chercher ce p\u00e9digr\u00e9e-l\u00e0 pr\u00e9cis\u00e9ment, ce C.V, ce casier politique et id\u00e9ologique pour nous embarquer en train de transition rapide. En train d\u2019enfer, plut\u00f4t. Tout \u00e7a pour \u00e7a ? Pour l\u2019islamisme en emballage light, mais \u00e0 la composition tellement plus mortif\u00e8re que l\u2019int\u00e9grisme nichen-direct ? Alors, je \u2013 et j\u2019insiste sur ce je \u2014 ne pourrais pas aller au-del\u00e0 de cette exp\u00e9rience imagin\u00e9e dans un quelconque cerveau d\u00e9rang\u00e9 de quelque laborantin se d\u00e9couvrant m\u00e9decin-chef, sans pourvoir exhiber quelque dipl\u00f4me attestant de ce minist\u00e8re savant ! Non ! Taleb, m\u00eame en transition express, c\u2019est trop pour mon transit, le peu de neurones qui vagissent encore dans ma caboche et les restes d\u2019une humanit\u00e9 que je croyais ressuscit\u00e9e le 22 f\u00e9vrier dernier. Non ! Sans fa\u00e7ons ! Taleb, \u00e7a sera sans moi ! Surtout pas en mon nom. Not in my name ! Je fume du th\u00e9 et je reste \u00e9veill\u00e9, le cauchemar continue.<br \/><em><strong>H. L.<\/strong><\/em><\/p>\n<p>Auteur:<br \/>\n<a href=\"https:\/\/www.lesoirdalgerie.com\/pousse-avec-eux\/ca-se-fera-sans-moi-23997\">Cliquez ici pour lire l&rsquo;article depuis sa source.<\/a><\/p>\n","protected":false},"excerpt":{"rendered":"<p>&#8211; Le Conseil des ministres se tient dans quelle salle ?&#8211; La cellule 23, au bout du Mirador, Fa\u00e7ade Est !&#8211; ??? Bouteflika, l\u2019a\u00een\u00e9 nous \u00e9crivait. Tout le temps. Ensuite, c\u2019est Bouteflika, le Cadet de mes soucis, qui s\u2019est mis \u00e0 nous \u00e9crire en signant Abdelaziz, le vilain ! Ensuite, c\u2019est Ga\u00efd Salah qui s\u2019est [&hellip;]<\/p>\n","protected":false},"author":1741,"featured_media":0,"comment_status":"closed","ping_status":"closed","sticky":false,"template":"","format":"standard","meta":{"fifu_image_url":"","fifu_image_alt":"","footnotes":""},"categories":[73,53],"tags":[],"class_list":["post-35106","post","type-post","status-publish","format-standard","hentry","category-actualite","category-algerie"],"_links":{"self":[{"href":"https:\/\/linitiative.ca\/International\/wp-json\/wp\/v2\/posts\/35106","targetHints":{"allow":["GET"]}}],"collection":[{"href":"https:\/\/linitiative.ca\/International\/wp-json\/wp\/v2\/posts"}],"about":[{"href":"https:\/\/linitiative.ca\/International\/wp-json\/wp\/v2\/types\/post"}],"author":[{"embeddable":true,"href":"https:\/\/linitiative.ca\/International\/wp-json\/wp\/v2\/users\/1741"}],"replies":[{"embeddable":true,"href":"https:\/\/linitiative.ca\/International\/wp-json\/wp\/v2\/comments?post=35106"}],"version-history":[{"count":0,"href":"https:\/\/linitiative.ca\/International\/wp-json\/wp\/v2\/posts\/35106\/revisions"}],"wp:attachment":[{"href":"https:\/\/linitiative.ca\/International\/wp-json\/wp\/v2\/media?parent=35106"}],"wp:term":[{"taxonomy":"category","embeddable":true,"href":"https:\/\/linitiative.ca\/International\/wp-json\/wp\/v2\/categories?post=35106"},{"taxonomy":"post_tag","embeddable":true,"href":"https:\/\/linitiative.ca\/International\/wp-json\/wp\/v2\/tags?post=35106"}],"curies":[{"name":"wp","href":"https:\/\/api.w.org\/{rel}","templated":true}]}}