{"id":35107,"date":"2019-05-18T06:00:00","date_gmt":"2019-05-18T10:00:00","guid":{"rendered":"https:\/\/linitiative.ca\/International\/la-saison-des-aveux-et-le-cas-nezzar\/"},"modified":"2019-05-18T06:00:00","modified_gmt":"2019-05-18T10:00:00","slug":"la-saison-des-aveux-et-le-cas-nezzar","status":"publish","type":"post","link":"https:\/\/linitiative.ca\/International\/la-saison-des-aveux-et-le-cas-nezzar\/","title":{"rendered":"La saison des aveux et le cas Nezzar"},"content":{"rendered":"<p class=\"c3\">Il ne fait pas de doute que le syndrome Hanoune est bel et bien \u00e0 l\u2019origine de la panique g\u00e9n\u00e9rale en train de pousser certaines personnalit\u00e9s politiques \u00e0 d\u00e9voiler publiquement la nature de leurs r\u00e9centes activit\u00e9s. Voire m\u00eame \u00e0 s\u2019en expliquer et \u00e0 se justifier afin d\u2019\u00e9carter les soup\u00e7ons judiciaires qui risquent de les cibler. En somme le pays assiste, ces derniers jours, \u00e0 un feuilleton d\u2019aveux in\u00e9dit. Alors que la pol\u00e9mique enflait justement au sein de la n\u00e9buleuse islamiste au sujet des compromissions de leurs leaders et que l\u2019on s\u2019attendait \u00e0 ce que la machine judiciaire convoque le plus impliqu\u00e9 d\u2019entre Makri et Djaballah, c\u2019est \u00e9tonnamment un g\u00e9n\u00e9ral \u00e0 la retraite, sorti de nulle part, qui a accept\u00e9 d\u2019aller, la semaine derni\u00e8re seulement, \u00e0 Canossa dans l\u2019unique but de se blanchir des rapprochements qui furent les siens le mois pr\u00e9c\u00e9dent.\u00a0<br \/>Au-del\u00e0 donc du fait qu\u2019il ait pris les devants avant d\u2019\u00eatre humili\u00e9 par une interpellation judiciaire, le g\u00e9n\u00e9ral Nezzar a pr\u00e9f\u00e9r\u00e9 prendre \u00e0 t\u00e9moin l\u2019opinion en diffusant \u00ab un rapport circonstanci\u00e9 \u00bb relatif aux \u00e9changes qu\u2019il eut avec Sa\u00efd Bouteflika. Choisissant de s\u2019exprimer dans le d\u00e9tail, il ne l\u00e9sinera ni sur les propos qu\u2019il tint \u00e0 l\u2019homme du palais ni sur le sc\u00e9nario catastrophe que celui-ci envisageait de mettre en route. Prolixe comme il l\u2019a toujours \u00e9t\u00e9, il semblait donner des gages bien avant qu\u2019on le lui demande. Il est vrai qu\u2019en ce qui le concerne il a, de tout temps, \u00e9t\u00e9 un soldat atypique. Premier parmi ses pairs de l\u2019\u00e9tat-major tout au long de la d\u00e9cennie 1980 \u00e0 1990, il n\u2019a jamais observ\u00e9 le mutisme que l\u2019on attribue g\u00e9n\u00e9ralement \u00e0 la contrainte r\u00e9publicaine des casernes.\u00a0<br \/>Tout \u00e0 fait \u00e0 son aise dans le d\u00e9bat public, ne s\u2019\u00e9tait-il pas souvent livr\u00e9 \u00e0 l\u2019exercice de la critique au point de m\u00e9riter le qualificatif d\u2019agitateur avec la double connotation que ce vocable inspire ? C\u2019est qu\u2019en plus de ses \u00e9tats de services, il poss\u00e9dait d\u2019ind\u00e9niables aptitudes de d\u00e9batteur, ce qui allait lui valoir de solides inimiti\u00e9s. Voil\u00e0 pourquoi entre le d\u00e9sir de l\u2019interpeller sur le mode du \u00ab taisez-vous Nezzar \u00bb ou, au contraire, sur celui de \u00ab parlez mon g\u00e9n\u00e9ral \u00bb, il n\u2019existe qu\u2019une fine nuance pour s\u00e9parer l\u2019injonction de la pri\u00e8re. Car dans les deux cas, celles-ci s\u2019adressent \u00e0 une personnalit\u00e9 haute en couleur.\u00a0<br \/>Cet ing\u00e9rable soldat qui ne craignait m\u00eame plus de se contredire a fait, cette fois-ci, preuve de clart\u00e9 quant \u00e0 cette relation qu\u2019il eut avec le palais au moment o\u00f9 la tension \u00e9tait \u00e0 son comble. Paradoxalement, il s\u2019en sort indemne en tant que t\u00e9moin du fait que son pass\u00e9 prestigieux plaidait pour lui. Car pour peu que l\u2019on se rappelle que le bouteflikisme et ceux qui le repr\u00e9sentent n\u2019ont jamais \u00e9t\u00e9 en bonne intelligence avec ce soldat, l\u2019on devine qu\u2019il ne pouvait \u00eatre soup\u00e7onn\u00e9 de malveillance \u00e0 l\u2019\u00e9gard de l\u2019arm\u00e9e. Est-ce \u00e0 dire qu\u2019il n\u2019\u00e9tait qu\u2019un agitateur politique \u00e0 ses heures perdues et parfois m\u00eame au profit de quelques causes\u2026 \u00e9galement perdues ? Probablement. Il suffit d\u2019imaginer qu\u2019il aurait souhait\u00e9 \u00eatre d\u00e9sign\u00e9 sous le qualificatif \u00ab d\u2019\u00e9lectron libre \u00bb capable de butiner dans les terreaux de la politique.\u00a0\u00a0<br \/>En clair, il est demeur\u00e9 cet officier en rupture avec toutes les castrations que stipule l\u2019obligation de r\u00e9serve. Avec la casquette prot\u00e9iforme qui lui convient si bien, il poursuit \u00e0 ce jour une autre carri\u00e8re en allant au chevet de tous les scandales politico-affairistes afin d\u2019\u00e9tablir son propre diagnostic. Une constance qui fit de lui un personnage anticonformiste ne s\u2019exprimant qu\u2019\u00e0 la marge du malheur national apr\u00e8s avoir \u00e9t\u00e9 un acteur du pouvoir et un dignitaire influent. Gr\u00e2ce \u00e0 l\u2019heureuse mue qu\u2019il op\u00e9ra dans sa seconde existence publique, il s\u2019\u00e9tait forg\u00e9 une solide r\u00e9putation de coq du \u00ab village Alg\u00e9rie \u00bb prenant un malin plaisir \u00e0 \u00e9pingler la basse-cour du pouvoir en s\u2019exprimant souvent sur des supports m\u00e9dias bien choisis.\u00a0<br \/>S\u2019octroyant le droit de donner un avis sur tout, il a souvent pr\u00e9tendu ne d\u00e9fendre que ses convictions et n\u2019\u00eatre au service d\u2019aucune chapelle. Seulement, dans cette R\u00e9publique gangren\u00e9e et dont la totalit\u00e9 de ses institutions se sont d\u00e9j\u00e0 effondr\u00e9es, il lui avait sembl\u00e9 tout \u00e0 fait \u00ab normal \u00bb qu\u2019il pr\u00eate d\u2019abord l\u2019oreille aux plaintes du r\u00e9gime quand le pic de la rupture avec celui-ci allait d\u00e9boucher sur un clash qui risquait de \u00ab disloquer l\u2019arm\u00e9e \u00bb (sic). Un tournant d\u00e9cisif lequel, incompr\u00e9hensiblement, ne l\u2019aurait pouss\u00e9 qu\u2019\u00e0 l\u2019expectative en gardant par-devers lui la confidentialit\u00e9 sur les intentions des gens du palais mais ignor\u00e9es par les Tagarins ! D\u2019o\u00f9 cette faute v\u00e9nielle qui, en tout \u00e9tat de cause, ne pouvait l\u2019absoudre que s\u2019il allait vers les aveux. Or, si Nezzar avait mis plus de deux semaines avant de rebondir face aux soup\u00e7ons qui pesaient sur lui, c\u2019est qu\u2019il n\u2019avait pas su prendre la v\u00e9ritable mesure de son silence. Pour une fois que l\u2019imp\u00e9nitent discoureur a d\u00e9cid\u00e9 de respecter le pacte militaire de l\u2019omerta, il le fit, \u00e9trangement, au d\u00e9triment de l\u2019\u00e9tat-major. Et c\u2019est cette longue \u00ab h\u00e9sitation \u00bb qu\u2019il semblait difficile \u00e0 justifier a posteriori mais que le magistrat instructeur sut ne pas retenir en tant qu\u2019\u00e9cart du justiciable, lui conc\u00e9dant, apr\u00e8s son audition, sa qualit\u00e9 de simple t\u00e9moin.\u00a0<br \/>Au moment o\u00f9 les juristes nous enseignent que \u00ab la bienveillance \u00bb de la justice n\u2019est qu\u2019une variable dans l\u2019appr\u00e9ciation des faits retenus, l\u2019on se demande pourquoi pour des accusations presque similaires Hanoune et Nezzar prirent des destinations oppos\u00e9es. L\u2019une fut orient\u00e9e vers les ge\u00f4les quand l\u2019autre a retrouv\u00e9 les siens comme si de rien n\u2019\u00e9tait.\u00a0<br \/>C\u2019est justement ce singulier distinguo qui taraude le moral des dirigeants islamistes lesquels ne cessent de scruter les signaux du parquet. Makri et Djaballah dont les agitations politiques des derniers mois n\u2019\u00e9taient pas nettes, ont-ils r\u00e9ellement tremp\u00e9 dans la complotite \u00e9vent\u00e9e et auraient-ils tenu un r\u00f4le central aux c\u00f4t\u00e9s des gens du palais ?\u00a0 \u00a0 \u00a0 \u00a0 \u00a0 \u00a0 \u00a0 La r\u00e9ponse importe peu sauf qu\u2019eux-m\u00eames n\u2019h\u00e9sit\u00e8rent pas \u00e0 s\u2019accuser r\u00e9ciproquement de ce genre de d\u00e9lit. A travers le cr\u00eapage des barbiches qu\u2019ils viennent de s\u2019\u00e9changer, ces dirigeants islamistes fournissent \u00e0 leurs d\u00e9pens la preuve qu\u2019ils n\u2019ont jamais accr\u00e9dit\u00e9 la r\u00e9volution populaire s\u2019exprimant tous les vendredis. Or, leurs cort\u00e8ges sont plus visibles depuis quelque temps, ce qui veut dire qu\u2019ils ont chang\u00e9 de fusil d\u2019\u00e9paule et d\u00e9cid\u00e9 de faire de l\u2019entrisme \u00e0 l\u2019envers en s\u2019investissant dans le mouvement du 22 f\u00e9vrier afin de r\u00e9cup\u00e9rer une assise sociale laiss\u00e9e en jach\u00e8re.\u00a0<br \/>Loin de n\u2019\u00eatre qu\u2019une hypoth\u00e8se, leur pernicieux travail de r\u00e9cup\u00e9ration \u00e9tait de plus en plus perceptible au cours des quatre derniers vendredis (les 9 et 10 avril et les 3 et 10 mai). Comme un hasard qui n\u2019en est pas un en v\u00e9rit\u00e9, leur adh\u00e9sion tardive au mouvement populaire n\u2019a eu lieu qu\u2019apr\u00e8s le renoncement de Bouteflika puis de sa d\u00e9position ! C\u2019est tout dire et tout expliquer\u2026<br \/><em><strong>B. H.<\/strong><\/em><\/p>\n<p>Auteur:<br \/>\n<a href=\"https:\/\/www.lesoirdalgerie.com\/lettre-de-province\/la-saison-des-aveux-et-le-cas-nezzar-23996\">Cliquez ici pour lire l&rsquo;article depuis sa source.<\/a><\/p>\n","protected":false},"excerpt":{"rendered":"<p>Il ne fait pas de doute que le syndrome Hanoune est bel et bien \u00e0 l\u2019origine de la panique g\u00e9n\u00e9rale en train de pousser certaines personnalit\u00e9s politiques \u00e0 d\u00e9voiler publiquement la nature de leurs r\u00e9centes activit\u00e9s. Voire m\u00eame \u00e0 s\u2019en expliquer et \u00e0 se justifier afin d\u2019\u00e9carter les soup\u00e7ons judiciaires qui risquent de les cibler. [&hellip;]<\/p>\n","protected":false},"author":1741,"featured_media":0,"comment_status":"closed","ping_status":"closed","sticky":false,"template":"","format":"standard","meta":{"fifu_image_url":"","fifu_image_alt":"","footnotes":""},"categories":[73,53],"tags":[],"class_list":["post-35107","post","type-post","status-publish","format-standard","hentry","category-actualite","category-algerie"],"_links":{"self":[{"href":"https:\/\/linitiative.ca\/International\/wp-json\/wp\/v2\/posts\/35107","targetHints":{"allow":["GET"]}}],"collection":[{"href":"https:\/\/linitiative.ca\/International\/wp-json\/wp\/v2\/posts"}],"about":[{"href":"https:\/\/linitiative.ca\/International\/wp-json\/wp\/v2\/types\/post"}],"author":[{"embeddable":true,"href":"https:\/\/linitiative.ca\/International\/wp-json\/wp\/v2\/users\/1741"}],"replies":[{"embeddable":true,"href":"https:\/\/linitiative.ca\/International\/wp-json\/wp\/v2\/comments?post=35107"}],"version-history":[{"count":0,"href":"https:\/\/linitiative.ca\/International\/wp-json\/wp\/v2\/posts\/35107\/revisions"}],"wp:attachment":[{"href":"https:\/\/linitiative.ca\/International\/wp-json\/wp\/v2\/media?parent=35107"}],"wp:term":[{"taxonomy":"category","embeddable":true,"href":"https:\/\/linitiative.ca\/International\/wp-json\/wp\/v2\/categories?post=35107"},{"taxonomy":"post_tag","embeddable":true,"href":"https:\/\/linitiative.ca\/International\/wp-json\/wp\/v2\/tags?post=35107"}],"curies":[{"name":"wp","href":"https:\/\/api.w.org\/{rel}","templated":true}]}}