{"id":35112,"date":"2019-05-18T06:00:00","date_gmt":"2019-05-18T10:00:00","guid":{"rendered":"https:\/\/linitiative.ca\/International\/ramadhan-et-principes-dhygiene-toute-une-histoire\/"},"modified":"2019-05-18T06:00:00","modified_gmt":"2019-05-18T10:00:00","slug":"ramadhan-et-principes-dhygiene-toute-une-histoire","status":"publish","type":"post","link":"https:\/\/linitiative.ca\/International\/ramadhan-et-principes-dhygiene-toute-une-histoire\/","title":{"rendered":"Ramadhan et principes d\u2019hygi\u00e8ne, toute une histoire !&#8230;"},"content":{"rendered":"<p>Se brosser les dents, utiliser un d\u00e9odorant, aller chez le dentiste pendant le Ramadhan est-ce une mission impossible ? Alors que des je\u00fbneurs maintiennent une hygi\u00e8ne irr\u00e9prochable pendant ce mois sacr\u00e9, d\u2019autres imposent \u00e0 leurs interlocuteurs une haleine de furet mort et une transpiration \u00e9pic\u00e9e, sous pr\u00e9texte que l\u2019utilisation de produits d\u2019hygi\u00e8ne est proscrite durant la journ\u00e9e. Le Ramadhan et les principes d\u2019hygi\u00e8ne, toute une histoire !\u00a0 Tour d\u2019horizon avec les avis des uns et des autres.\u00a0<\/p>\n<p><strong>Fa\u00efza, 39 ans<\/strong><br \/>\u00abCe qui m\u2019insupporte durant le Ramadhan,\u00a0 c\u2019est de rencontrer des gens qui se laissent compl\u00e8tement aller. Dans les transports en commun, c\u2019est quasi impossible de se tenir pr\u00e8s d\u2019eux tellement ils sentent mauvais : haleine forte, odeur de transpiration&#8230; Ce n\u2019est pas parce qu\u2019on je\u00fbne qu\u2019on doit se f\u00e2cher avec le d\u00e9odorant, le dentifrice ou le parfum. En quoi le respect des principes d\u2019hygi\u00e8ne les plus \u00e9l\u00e9mentaires serait en contradiction avec l\u2019esprit du je\u00fbne ? L\u2019hygi\u00e8ne corporelle est primordiale. Personnellement, je ne d\u00e9roge pas aux r\u00e8gles habituelles : je me brosse les dents, me maquille et utilise un d\u00e9odorant. Cela n\u2019affecte en rien mon \u00e9tat d\u2019esprit. Comme dit le hadith Allah jamil oua youhibou el jamel (Dieu est beau et il aime ce qui est beau).\u00bb<\/p>\n<p><strong>Isma\u00efl, 29 ans<\/strong><br \/>Imposer une repoussante haleine de furet aux autres durant le Ramadhan est inadmissible. H\u00e9las, c\u2019est tr\u00e8s courant dans notre soci\u00e9t\u00e9.\u00a0 L\u2019Islam implique une hygi\u00e8ne irr\u00e9prochable aux musulmans et je ne vois pas pourquoi on ferait l\u2019impasse sur des gestes basiques comme se brosser les dents et utiliser un d\u00e9odorant. En quoi cela annulerait le je\u00fbne ? Ce sont de fausses id\u00e9es largement diffus\u00e9es dans la soci\u00e9t\u00e9. Il suffit de faire attention \u00e0 ne pas avaler d\u2019eau en se brossant les dents, c\u2019est tout. Le respect des autres, c\u2019est aussi d\u2019\u00e9viter de les asphyxier avec une haleine charg\u00e9e.\u00bb<\/p>\n<p><strong>Zineb, 55 ans<\/strong><br \/>\u00abJe suis dentiste. Chaque ann\u00e9e, c\u2019est le m\u00eame topo. Un mois environ avant le d\u00e9but du Ramadhan, tous mes patients me pressent de leur terminer les soins dentaires. Cette ann\u00e9e encore, les journ\u00e9es qui ont pr\u00e9c\u00e9d\u00e9 le d\u00e9but du Ramadhan ont \u00e9t\u00e9 laborieuses. J\u2019ai travaill\u00e9 de 9h \u00e0 19h non-stop. Depuis le 6 mai, qui correspond au premier jour du je\u00fbne, mon cabinet tourne au ralenti. Je ne re\u00e7ois que des urgences. Des gens qui ont une rage de dent par exemple. C\u2019est connu, les Alg\u00e9riens ne fr\u00e9quentent pas les cabinets dentaires\u00a0 durant le mois de Ramadhan.\u00bb<\/p>\n<p><strong>Habib, 38 ans<\/strong><br \/>\u00abIl y a une id\u00e9e fausse qui circule : le dentifrice est proscrit durant le car\u00eame. Je ne comprends pas comment pareilles inepties peuvent se r\u00e9pandre. Je\u00fbner est d\u2019abord un \u00e9tat d\u2019esprit. On se prive de nourriture et on purifie son \u00e2me. Mais cela passe \u00e9galement par la purification du corps. Etouffer les autres par des odeurs corporelles naus\u00e9abondes est inacceptable. Se brosser les dents, prendre un douche, mettre des v\u00eatements propres, se raser&#8230; ce sont des gestes \u00e0 pr\u00e9server tout au long de l\u2019ann\u00e9e, y compris pendant le Ramadhan. Et qu\u2019on arr\u00eate de dire que le dentifrice ou l\u2019eau de toilette sont contraires \u00e0 l\u2019esprit du je\u00fbne ! Certains se sentent aussi oblig\u00e9s de faire une t\u00eate d\u2019enterrement et d\u2019afficher leur mauvaise humeur sous pr\u00e9texte que\u00a0 \u2018\u2018rahoum saymine\u2019\u2019. C\u2019est quoi ce d\u00e9lire ? D\u2019autres accusent les femmes de les exciter parce qu\u2019elles portent un jeans ! Il est temps d\u2019arr\u00eater ces b\u00eatises !\u00bb<\/p>\n<p><strong>Nadia, 27 ans<\/strong><br \/>\u00abJ\u2019ai pour habitude de ne pas me brosser les dents la journ\u00e9e pendant le Ramadhan. Je ne me parfume pas non plus. Je crains que mon car\u00eame ne soit pas valide si j\u2019avale du dentifrice. Alors je me contente de me rincer la bouche avec de l\u2019eau. Je suis consciente que mon haleine est charg\u00e9e. D\u2019ailleurs, j\u2019ai le r\u00e9flexe de mettre ma main sur la bouche lorsque je parle avec quelqu\u2019un afin de ne pas l\u2019incommoder.\u00bb\u00a0<\/p>\n<p><strong>Farida, 34 ans<\/strong><br \/>\u00abCertains de mes coll\u00e8gues ont une haleine qui pue durant le Ramadhan. Impossible d&rsquo;\u00e9changer avec eux deux minutes sans \u00eatre au bord de l\u2019apoplexie. On a juste envie de leur offrir un dentifrice. Les restes alimentaires coinc\u00e9s entre les dents, les aur\u00e9oles de transpiration acide, l\u2019attitude d\u00e9braill\u00e9e nous \u00e9loignent des pr\u00e9ceptes de l\u2019Islam, qu\u2019on se le dise une bonne fois pour toutes.\u00bb\u00a0 La question des principes de l\u2019hygi\u00e8ne durant le Ramadhan divise. Une chose est s\u00fbre, l\u2019utilisation de dentifrice et de d\u00e9odorant semble indispensable lorsqu\u2019on vit en soci\u00e9t\u00e9. Et cela n\u2019annule en rien l\u2019action du je\u00fbne.\u00a0 A bon entendeur&#8230;\u00a0<\/p>\n<p>Auteur:<br \/>\n<a href=\"https:\/\/www.lesoirdalgerie.com\/le-soirmagazine\/ramadhan-et-principes-dhygiene-toute-une-histoire-23991\">Cliquez ici pour lire l&rsquo;article depuis sa source.<\/a><\/p>\n","protected":false},"excerpt":{"rendered":"<p>Se brosser les dents, utiliser un d\u00e9odorant, aller chez le dentiste pendant le Ramadhan est-ce une mission impossible ? Alors que des je\u00fbneurs maintiennent une hygi\u00e8ne irr\u00e9prochable pendant ce mois sacr\u00e9, d\u2019autres imposent \u00e0 leurs interlocuteurs une haleine de furet mort et une transpiration \u00e9pic\u00e9e, sous pr\u00e9texte que l\u2019utilisation de produits d\u2019hygi\u00e8ne est proscrite durant [&hellip;]<\/p>\n","protected":false},"author":1741,"featured_media":0,"comment_status":"closed","ping_status":"closed","sticky":false,"template":"","format":"standard","meta":{"fifu_image_url":"","fifu_image_alt":"","footnotes":""},"categories":[73,53],"tags":[],"class_list":["post-35112","post","type-post","status-publish","format-standard","hentry","category-actualite","category-algerie"],"_links":{"self":[{"href":"https:\/\/linitiative.ca\/International\/wp-json\/wp\/v2\/posts\/35112","targetHints":{"allow":["GET"]}}],"collection":[{"href":"https:\/\/linitiative.ca\/International\/wp-json\/wp\/v2\/posts"}],"about":[{"href":"https:\/\/linitiative.ca\/International\/wp-json\/wp\/v2\/types\/post"}],"author":[{"embeddable":true,"href":"https:\/\/linitiative.ca\/International\/wp-json\/wp\/v2\/users\/1741"}],"replies":[{"embeddable":true,"href":"https:\/\/linitiative.ca\/International\/wp-json\/wp\/v2\/comments?post=35112"}],"version-history":[{"count":0,"href":"https:\/\/linitiative.ca\/International\/wp-json\/wp\/v2\/posts\/35112\/revisions"}],"wp:attachment":[{"href":"https:\/\/linitiative.ca\/International\/wp-json\/wp\/v2\/media?parent=35112"}],"wp:term":[{"taxonomy":"category","embeddable":true,"href":"https:\/\/linitiative.ca\/International\/wp-json\/wp\/v2\/categories?post=35112"},{"taxonomy":"post_tag","embeddable":true,"href":"https:\/\/linitiative.ca\/International\/wp-json\/wp\/v2\/tags?post=35112"}],"curies":[{"name":"wp","href":"https:\/\/api.w.org\/{rel}","templated":true}]}}