{"id":35113,"date":"2019-05-18T09:41:49","date_gmt":"2019-05-18T13:41:49","guid":{"rendered":"https:\/\/linitiative.ca\/International\/dr-abbadi-se-demande-quel-islam-pour-le-maroc-du-xxieme-siecle\/"},"modified":"2019-05-18T09:41:49","modified_gmt":"2019-05-18T13:41:49","slug":"dr-abbadi-se-demande-quel-islam-pour-le-maroc-du-xxieme-siecle","status":"publish","type":"post","link":"https:\/\/linitiative.ca\/International\/dr-abbadi-se-demande-quel-islam-pour-le-maroc-du-xxieme-siecle\/","title":{"rendered":"Dr Abbadi se demande \u00ab quel Islam pour le Maroc du XXI\u00e8me si\u00e8cle \u00bb"},"content":{"rendered":"<p>\u00c0 l\u2019invitation du Croissant Rouge Marocain, le secr\u00e9taire g\u00e9n\u00e9ral de la Rabitta Mohammadia des Oul\u00e9mas a anim\u00e9 une conf\u00e9rence-d\u00e9bat sur le th\u00e8me de l\u2019\u00a0\u00ab\u00a0islam et <strong>modernit\u00e9\u00a0<\/strong>\u00bb.<\/p>\n<div class=\"c6\"\/>\n<p>D<sup>r<\/sup> Ahmed Abbadi \u00a0a ainsi donn\u00e9, dans le cadre des \u00ab\u00a0Rencontres du Vendredi\u00a0\u00bb organis\u00e9es par le Salon litt\u00e9raire du Croissant Rouge Marocain, ce vendredi 17 mai 2019, des clarifications sur cette th\u00e9matique complexe. \u00ab\u00a0Il s\u2019agit d\u2019un amalgame de concepts, l\u2019islam d\u2019une part, la modernit\u00e9 de l\u2019autre. Aussi, quels choix en mati\u00e8re d\u2019islam pour le Royaume du <strong>Maroc<\/strong> au XXI\u00e8me si\u00e8cle ? Tout d\u2019abord, il faut d\u00e9construire les concepts\u00a0: qu\u2019est-ce qu\u2019on entend par modernit\u00e9\u00a0? Qu\u2019est-ce qu\u2019on entend par islam\u00a0? Et puis qu\u2019est-ce qu\u2019on entend par islam au Maroc au XXI\u00e8me si\u00e8cle\u00a0\u00bb, explique le secr\u00e9taire g\u00e9n\u00e9ral.<\/p>\n<p>Durant son expos\u00e9, devant un parterre de personnalit\u00e9s qui ont attentivement suivi la conf\u00e9rence-d\u00e9bat, notamment la militante des droits humains A\u00efcha Chenna, D<sup>r<\/sup> Ahmed Abbadi a fait un \u00e9tat des lieux des raisons ayant conduit \u00e0 penser que l\u2019<strong>islam<\/strong> n\u2019est pas compatible avec la modernit\u00e9. Ces raisons sont, selon lui, la principale explication de l\u2019extension de l\u2019\u00c9tat islamique. \u00ab\u00a0Le meilleur cadeau qui a \u00e9t\u00e9 fait \u00e0 l\u2019EI est le fait de l\u2019avoir appel\u00e9 Organisation de l\u2019\u00c9tat islamique. Cela a largement particip\u00e9 \u00e0 confondre les croyants qui ont pens\u00e9 que l\u2019EI est l\u2019incarnation de l\u2019islam. Pensez \u00e0 une jeune fille, qui, \u00e0 01 heure du matin regarde sur son Smartphone les vid\u00e9os propagandes de l\u2019EI. Pensez aussi au jeune gar\u00e7on \u00e0 qui on promet une jeune femme et un fonction importante\u00a0\u00bb, explique D<sup>r<\/sup> Ahmed Abbadi.<\/p>\n<p>L\u2019\u00e9rudit n\u2019a cependant pas pr\u00e9tendu avoir la science infuse. Selon lui, le but de cette conf\u00e9rence-d\u00e9bat est de d\u00e9gager les \u00ab\u00a0questions majeures \u00e0 instruire pour laisser les voies de r\u00e9flexion et de cogitation ouvertes afin qu\u2019on puisse se compl\u00e9ter, car il s\u2019agit d\u2019une large probl\u00e9matique. L\u2019effort d\u2019une ou plusieurs personnes n\u2019est pas suffisant pour la cadrer. On entend donc laisser la voie ouverte pour qu\u2019il y ait une compl\u00e9mentarit\u00e9 et aboutir ainsi \u00e0 une vision plus claire sue le sujet dans notre pays \u00a0\u00bb.<\/p>\n<p>Comme conclusion \u00e0 cette conf\u00e9rence-d\u00e9bat, <strong>D<sup>r<\/sup> Ahmed Abbadi<\/strong> a rappel\u00e9 que SM le roi Mohammed VI a command\u00e9 au ministre de l\u2019\u00c9ducation nationale, en plus de la saisine adress\u00e9e au Conseil Sup\u00e9rieur de l\u2019\u00c9ducation, de revoir les manuels scolaires. \u00ab\u00a0C\u2019est avec cet esprit-l\u00e0 que nous sommes en train de les r\u00e9former. Deuxi\u00e8me bonne nouvelle, le lancement d\u2019un programme au sein des \u00e9coles visant \u00e0 lutter contre les comportements \u00e0 risque, de mani\u00e8re efficiente, en faisant appel \u00e0 l\u2019\u00e9ducation parentale, \u00e0 la ludification et au th\u00e9\u00e2tre interactif. Cela a donn\u00e9 naissance \u00e0 une approche qui fait usage des bandes-dessin\u00e9es, des dessins anim\u00e9s et des jeux-vid\u00e9os pour justement r\u00e9pandre le discours alternatif \u00a0au sein de 200 \u00e9coles cette ann\u00e9e, 600 \u00e9coles l\u2019ann\u00e9e prochaine et 1\u00a0200 l\u2019ann\u00e9e d\u2019apr\u00e8s. Troisi\u00e8me et derni\u00e8re bonne nouvelle, notre soci\u00e9t\u00e9 prend aujourd\u2019hui de plus en plus conscience de l\u2019importance de la spiritualit\u00e9. Cette spiritualit\u00e9 est la quintessence de toute religiosit\u00e9. On oublie la spiritualit\u00e9. On oublie la transcendance. On oublie le regain de cette capacit\u00e9 d\u2019aimer et on devient une soci\u00e9t\u00e9 solide. Il y a 7 lettres royales dans ce sens-l\u00e0\u00a0: un ravivement des voix souffies et des arts du Sam\u0101\u2018 via la cr\u00e9ation de plusieurs institutions dans les r\u00e8gles de l\u2019art. Nous devons nous serrer les coudes parce qu\u2019il s\u2019agit d\u2019un probl\u00e8me r\u00e9sultant d\u2019un cumul de quelques si\u00e8cles et qui ne peut pas \u00eatre \u00e9vacu\u00e9 en l\u2019espace de quelques mois\u00a0\u00bb, pr\u00e9conise le membre du Bureau du Conseil Sup\u00e9rieur de l\u2019\u00c9ducation, de la Formation et de la Recherche Scientifique.<\/p>\n<div class=\"c13\">\n<fieldset class=\"c12\">\n<legend><strong><span class=\"c7\">Challenge<\/span><span class=\"c8\">news<\/span><\/strong><\/legend>\n<div class=\"c11\">Le meilleur de la r\u00e9daction s\u00e9lectionn\u00e9 par Challenge :<\/p>\n<\/div>\n<\/fieldset>\n<\/div>\n<p>Auteur: Karim Handaoui<br \/>\n<a href=\"https:\/\/www.challenge.ma\/dr-abbadi-se-demande-quel-islam-pour-le-maroc-du-xxieme-siecle-109290\/\">Cliquez ici pour lire l&rsquo;article depuis sa source.<\/a><\/p>\n","protected":false},"excerpt":{"rendered":"<p>\u00c0 l\u2019invitation du Croissant Rouge Marocain, le secr\u00e9taire g\u00e9n\u00e9ral de la Rabitta Mohammadia des Oul\u00e9mas a anim\u00e9 une conf\u00e9rence-d\u00e9bat sur le th\u00e8me de l\u2019\u00a0\u00ab\u00a0islam et modernit\u00e9\u00a0\u00bb. Dr Ahmed Abbadi \u00a0a ainsi donn\u00e9, dans le cadre des \u00ab\u00a0Rencontres du Vendredi\u00a0\u00bb organis\u00e9es par le Salon litt\u00e9raire du Croissant Rouge Marocain, ce vendredi 17 mai 2019, des clarifications [&hellip;]<\/p>\n","protected":false},"author":1787,"featured_media":0,"comment_status":"closed","ping_status":"closed","sticky":false,"template":"","format":"standard","meta":{"fifu_image_url":"","fifu_image_alt":"","footnotes":""},"categories":[78,54],"tags":[],"class_list":["post-35113","post","type-post","status-publish","format-standard","hentry","category-economie","category-maroc"],"_links":{"self":[{"href":"https:\/\/linitiative.ca\/International\/wp-json\/wp\/v2\/posts\/35113","targetHints":{"allow":["GET"]}}],"collection":[{"href":"https:\/\/linitiative.ca\/International\/wp-json\/wp\/v2\/posts"}],"about":[{"href":"https:\/\/linitiative.ca\/International\/wp-json\/wp\/v2\/types\/post"}],"author":[{"embeddable":true,"href":"https:\/\/linitiative.ca\/International\/wp-json\/wp\/v2\/users\/1787"}],"replies":[{"embeddable":true,"href":"https:\/\/linitiative.ca\/International\/wp-json\/wp\/v2\/comments?post=35113"}],"version-history":[{"count":0,"href":"https:\/\/linitiative.ca\/International\/wp-json\/wp\/v2\/posts\/35113\/revisions"}],"wp:attachment":[{"href":"https:\/\/linitiative.ca\/International\/wp-json\/wp\/v2\/media?parent=35113"}],"wp:term":[{"taxonomy":"category","embeddable":true,"href":"https:\/\/linitiative.ca\/International\/wp-json\/wp\/v2\/categories?post=35113"},{"taxonomy":"post_tag","embeddable":true,"href":"https:\/\/linitiative.ca\/International\/wp-json\/wp\/v2\/tags?post=35113"}],"curies":[{"name":"wp","href":"https:\/\/api.w.org\/{rel}","templated":true}]}}