{"id":35114,"date":"2019-05-18T10:03:36","date_gmt":"2019-05-18T14:03:36","guid":{"rendered":"https:\/\/linitiative.ca\/International\/fca-morocco-et-la-continentale-font-chemin-ensemble\/"},"modified":"2019-05-18T10:03:36","modified_gmt":"2019-05-18T14:03:36","slug":"fca-morocco-et-la-continentale-font-chemin-ensemble","status":"publish","type":"post","link":"https:\/\/linitiative.ca\/International\/fca-morocco-et-la-continentale-font-chemin-ensemble\/","title":{"rendered":"FCA Morocco et la Continentale font chemin ensemble"},"content":{"rendered":"<p>La collaboration entre <strong>Fiat Chrysler Automobiles Morocco<\/strong> (FCA Morocco) et la Continentale a \u00e9t\u00e9 lanc\u00e9e le jeudi 9 mai.<\/p>\n<div class=\"c10\"\/>\n<p>L\u2019ambiance \u00e9tait \u00e0 la f\u00eate pour valoriser les marques qui seront d\u00e9sormais commercialis\u00e9es par la Continentale, \u00e0 savoir les voitures urbaines Fiat et Abarth, les belles italiennes Alfa Romeo, les aventuri\u00e8res Jeep \u00ae sans oublier les utilitaires Fiat Professional.<\/p>\n<p>C\u2019est un retour en force de la <strong>Continentale<\/strong> dans la ville de Casablanca : ce sp\u00e9cialiste de l\u2019automobile, dont le si\u00e8ge historique est bas\u00e9 Rue Soumaya reprend \u00e9galement le showroom du Ma\u00e2rif, un bel espace o\u00f9 toutes les marques du Groupe sont mises en vedette. Gr\u00e2ce \u00e0 cette alliance, FCA Morocco d\u00e9ploie une strat\u00e9gie commerciale de proximit\u00e9 et propose une solution de service au c\u0153ur de la ville. Une belle occasion de d\u00e9couvrir et red\u00e9couvrir l\u2019ensemble des mod\u00e8les des marques FCA, et plus particuli\u00e8rement la nouvelle gamme Alfa Romeo, un moteur qui vrombit dans un corps sportif de r\u00eave.<\/p>\n<p><span class=\"c11\">Focus sur la nouvelle gamme Alfa Romeo<\/span><\/p>\n<p>Avec ses mod\u00e8les phares, Stelvio et Giulia, <strong>Alfa Romeo<\/strong> exprime avec brio la sportivit\u00e9, la performance et l\u2019esth\u00e9tisme si chers \u00e0 la marque. Stelvio, en r\u00e9f\u00e9rence au nom du col de montagne le plus haut d\u2019Italie, \u00e9voque des sensations extraordinaires li\u00e9es au plaisir de conduite d\u2019une Alfa Romeo, qui surprennent m\u00eame les conducteurs les plus exigeants et exp\u00e9riment\u00e9s. C\u2019est le premier SUV de l\u2019histoire plus que s\u00e9culaire de la marque italienne. Quant \u00e0 l\u2019Alfa Romeo Giulia, c\u2019est la vedette incontestable de la marque du Biscione. Elle remporte 106 r\u00e9compenses \u00e0 travers le monde et ce, depuis le premier jour de son lancement. Et sa performance va au-del\u00e0 puisqu\u2019elle obtient les prestigieuses 5 \u00e9toiles Euro NCAP avec un r\u00e9sultat de 98% pour la protection des adultes, score le plus \u00e9lev\u00e9 jamais atteint par une voiture, bien que le syst\u00e8me d\u2019\u00e9valuation ait \u00e9t\u00e9 rendu encore plus s\u00e9v\u00e8re depuis 2015. Ce r\u00e9sultat exceptionnel a \u00e9t\u00e9 obtenu gr\u00e2ce \u00e0 l\u2019adoption de nombreux dispositifs de s\u00e9curit\u00e9 innovants et \u00e0 l\u2019efficacit\u00e9 de la coque, rigide et r\u00e9sistante tout en restant l\u00e9g\u00e8re.<\/p>\n<p>Aujourd\u2019hui, la marque sportive l\u00e9gendaire renforce sa gamme avec de nouvelles motorisations \u00e9quip\u00e9es du syst\u00e8me SRC (R\u00e9duction Catalytique S\u00e9lective) avec adjonction d\u2019AdBlue visant \u00e0 pi\u00e9ger les Nox pour r\u00e9pondre \u00e0 la norme Euro6D. \u00c0 noter que les versions Diesel 150 et 180 ch gagnent 10 ch suppl\u00e9mentaires, passant \u00e0 160 et 190 ch, alors que la motorisation 136 ch (Giulia uniquement) reste disponible en bo\u00eete automatique AT8 d\u00e8s le premier niveau de finition. \u00a0En effet, les moteurs 150 CV et 180 CV deviennent respectivement 160 CV et 190CV, gagnant plus de puissance et exprimant naturellement la sportivit\u00e9 de la marque du Biscione.<\/p>\n<p>Le niveau d\u2019\u00e9quipements s\u2019enrichit \u00e9galement sur la plupart des versions, \u00e0 l\u2019exemple du syst\u00e8me Apple Car Play\/Android Auto d\u00e9sormais de s\u00e9rie sur toutes les finitions Giulia et Stelvio.<\/p>\n<div class=\"c18\">\n<fieldset class=\"c17\">\n<legend><strong><span class=\"c12\">Challenge<\/span><span class=\"c13\">news<\/span><\/strong><\/legend>\n<div class=\"c16\">Le meilleur de la r\u00e9daction s\u00e9lectionn\u00e9 par Challenge :<\/p>\n<\/div>\n<\/fieldset>\n<\/div>\n<p>Auteur: Karim Handaoui<br \/>\n<a href=\"https:\/\/www.challenge.ma\/fca-morocco-et-la-continentale-font-chemin-ensemble-109293\/\">Cliquez ici pour lire l&rsquo;article depuis sa source.<\/a><\/p>\n","protected":false},"excerpt":{"rendered":"<p>La collaboration entre Fiat Chrysler Automobiles Morocco (FCA Morocco) et la Continentale a \u00e9t\u00e9 lanc\u00e9e le jeudi 9 mai. L\u2019ambiance \u00e9tait \u00e0 la f\u00eate pour valoriser les marques qui seront d\u00e9sormais commercialis\u00e9es par la Continentale, \u00e0 savoir les voitures urbaines Fiat et Abarth, les belles italiennes Alfa Romeo, les aventuri\u00e8res Jeep \u00ae sans oublier les [&hellip;]<\/p>\n","protected":false},"author":1787,"featured_media":0,"comment_status":"closed","ping_status":"closed","sticky":false,"template":"","format":"standard","meta":{"fifu_image_url":"","fifu_image_alt":"","footnotes":""},"categories":[78,54],"tags":[],"class_list":["post-35114","post","type-post","status-publish","format-standard","hentry","category-economie","category-maroc"],"_links":{"self":[{"href":"https:\/\/linitiative.ca\/International\/wp-json\/wp\/v2\/posts\/35114","targetHints":{"allow":["GET"]}}],"collection":[{"href":"https:\/\/linitiative.ca\/International\/wp-json\/wp\/v2\/posts"}],"about":[{"href":"https:\/\/linitiative.ca\/International\/wp-json\/wp\/v2\/types\/post"}],"author":[{"embeddable":true,"href":"https:\/\/linitiative.ca\/International\/wp-json\/wp\/v2\/users\/1787"}],"replies":[{"embeddable":true,"href":"https:\/\/linitiative.ca\/International\/wp-json\/wp\/v2\/comments?post=35114"}],"version-history":[{"count":0,"href":"https:\/\/linitiative.ca\/International\/wp-json\/wp\/v2\/posts\/35114\/revisions"}],"wp:attachment":[{"href":"https:\/\/linitiative.ca\/International\/wp-json\/wp\/v2\/media?parent=35114"}],"wp:term":[{"taxonomy":"category","embeddable":true,"href":"https:\/\/linitiative.ca\/International\/wp-json\/wp\/v2\/categories?post=35114"},{"taxonomy":"post_tag","embeddable":true,"href":"https:\/\/linitiative.ca\/International\/wp-json\/wp\/v2\/tags?post=35114"}],"curies":[{"name":"wp","href":"https:\/\/api.w.org\/{rel}","templated":true}]}}