{"id":35115,"date":"2019-05-18T11:07:53","date_gmt":"2019-05-18T15:07:53","guid":{"rendered":"https:\/\/linitiative.ca\/International\/tunisie-les-agressions-contre-les-femmes-et-les-enfants-en-chiffres\/"},"modified":"2019-05-18T11:07:53","modified_gmt":"2019-05-18T15:07:53","slug":"tunisie-les-agressions-contre-les-femmes-et-les-enfants-en-chiffres","status":"publish","type":"post","link":"https:\/\/linitiative.ca\/International\/tunisie-les-agressions-contre-les-femmes-et-les-enfants-en-chiffres\/","title":{"rendered":"Tunisie \u2013 Les agressions contre les femmes et les enfants en chiffres"},"content":{"rendered":"<div class=\"post-cont-in left relative\">\n<p>La ministre de la Femme et de la famille, Neziha La\u00e2bidi a r\u00e9v\u00e9l\u00e9 qu\u2019entre f\u00e9vrier 2018, date de mise en application de la loi incriminant les violences contre les femmes, et d\u00e9cembre 2018, les services r\u00e9gionaux du minist\u00e8re ont recens\u00e9\u00a0:<\/p>\n<ul>\n<li>40 mille affaires d\u2019agressions contre des femmes et des enfants.<\/li>\n<li>Prise en charge de 1600 femmes victimes d\u2019agressions \u00e0 travers le pays, \u00e0 raison de 6 cas par jour.<\/li>\n<li>62% des agressions subies par les femmes \u00e9taient des attaques physiques et 5% des agressions sexuelles.<\/li>\n<li>Le N\u00b0vert d\u00e9di\u00e9 \u00e0 la d\u00e9claration des cas de violences contre les femmes a enregistr\u00e9 6500 appels.<\/li>\n<\/ul>\n<p>La ministre a d\u00e9plor\u00e9 la persistance de ces agressions, de cette discrimination et des in\u00e9galit\u00e9 des chances entre femmes et hommes, malgr\u00e9 un panel l\u00e9gislatif bien \u00e9toff\u00e9.<\/p>\n<div class=\"code-block code-block-1 c3\"><ins class=\"adsbygoogle c2\" data-ad-layout=\"in-article\" data-ad-format=\"fluid\" data-ad-client=\"ca-pub-2102118777505746\" data-ad-slot=\"7301775417\"\/> <\/div>\n<div class=\"mvp-org-wrap mvp-org-logo\" itemprop=\"publisher\" itemscope=\"\" itemtype=\"https:\/\/schema.org\/Organization\"><img decoding=\"async\" src=\"https:\/\/www.tunisienumerique.com\/wp-content\/uploads\/2017\/02\/logo_tunisie_numerique.png\"\/><\/div>\n<div class=\"mvp-related-posts left relative\">\n<h4 class=\"post-header\"><span class=\"post-header\">Lire aussi<\/span><\/h4>\n<\/div>\n<\/div>\n<p>Auteur: LM<br \/>\n<a href=\"https:\/\/www.tunisienumerique.com\/tunisie-les-agressions-contre-les-femmes-et-les-enfants-en-chiffres\/\">Cliquez ici pour lire l&rsquo;article depuis sa source.<\/a><\/p>\n","protected":false},"excerpt":{"rendered":"<p>La ministre de la Femme et de la famille, Neziha La\u00e2bidi a r\u00e9v\u00e9l\u00e9 qu\u2019entre f\u00e9vrier 2018, date de mise en application de la loi incriminant les violences contre les femmes, et d\u00e9cembre 2018, les services r\u00e9gionaux du minist\u00e8re ont recens\u00e9\u00a0: 40 mille affaires d\u2019agressions contre des femmes et des enfants. Prise en charge de 1600 [&hellip;]<\/p>\n","protected":false},"author":1789,"featured_media":35116,"comment_status":"closed","ping_status":"closed","sticky":false,"template":"","format":"standard","meta":{"fifu_image_url":"","fifu_image_alt":"","footnotes":""},"categories":[73,55],"tags":[],"class_list":["post-35115","post","type-post","status-publish","format-standard","has-post-thumbnail","hentry","category-actualite","category-tunisie"],"_links":{"self":[{"href":"https:\/\/linitiative.ca\/International\/wp-json\/wp\/v2\/posts\/35115","targetHints":{"allow":["GET"]}}],"collection":[{"href":"https:\/\/linitiative.ca\/International\/wp-json\/wp\/v2\/posts"}],"about":[{"href":"https:\/\/linitiative.ca\/International\/wp-json\/wp\/v2\/types\/post"}],"author":[{"embeddable":true,"href":"https:\/\/linitiative.ca\/International\/wp-json\/wp\/v2\/users\/1789"}],"replies":[{"embeddable":true,"href":"https:\/\/linitiative.ca\/International\/wp-json\/wp\/v2\/comments?post=35115"}],"version-history":[{"count":0,"href":"https:\/\/linitiative.ca\/International\/wp-json\/wp\/v2\/posts\/35115\/revisions"}],"wp:featuredmedia":[{"embeddable":true,"href":"https:\/\/linitiative.ca\/International\/wp-json\/"}],"wp:attachment":[{"href":"https:\/\/linitiative.ca\/International\/wp-json\/wp\/v2\/media?parent=35115"}],"wp:term":[{"taxonomy":"category","embeddable":true,"href":"https:\/\/linitiative.ca\/International\/wp-json\/wp\/v2\/categories?post=35115"},{"taxonomy":"post_tag","embeddable":true,"href":"https:\/\/linitiative.ca\/International\/wp-json\/wp\/v2\/tags?post=35115"}],"curies":[{"name":"wp","href":"https:\/\/api.w.org\/{rel}","templated":true}]}}