{"id":35133,"date":"2019-05-18T13:00:57","date_gmt":"2019-05-18T17:00:57","guid":{"rendered":"https:\/\/linitiative.ca\/International\/tunisie-le-proces-de-lassassinat-de-ben-youssef-est-un-reglement-de-compte-et-est-completement-illegal\/"},"modified":"2019-05-18T13:00:57","modified_gmt":"2019-05-18T17:00:57","slug":"tunisie-le-proces-de-lassassinat-de-ben-youssef-est-un-reglement-de-compte-et-est-completement-illegal","status":"publish","type":"post","link":"https:\/\/linitiative.ca\/International\/tunisie-le-proces-de-lassassinat-de-ben-youssef-est-un-reglement-de-compte-et-est-completement-illegal\/","title":{"rendered":"Tunisie \u2013 Le proc\u00e8s de l\u2019assassinat de Ben Youssef est un r\u00e8glement de compte et est compl\u00e8tement ill\u00e9gal"},"content":{"rendered":"<div class=\"post-cont-in left relative\">\n<p>La pr\u00e9sidente du parti destourien libre, Abir Moussi a d\u00e9clar\u00e9 ce samedi que le simulacre de proc\u00e8s de l\u2019assassinat de Salah Ben Youssef est un r\u00e8glement de compte qui vise \u00e0 souiller les symboles de l\u2019Etat moderne et de la m\u00e9moire du Za\u00efm Habib Bourguiba.<\/p>\n<p>Elle a ajout\u00e9 que ce proc\u00e8s ainsi que tout ce qui\u00a0vient de l\u2019IVD\u00a0 sont\u00a0caducques depuis le 14 octobre 2016, date \u00e0 laquelle l\u2019IVD et ses travaux sont devenus hors la loi,\u00a0vu que\u00a0 l\u2019Instance a perdu un grand nombre de ses membres. Ses d\u00e9cisions sont ill\u00e9gales pour manque du quorum l\u00e9gal.<\/p>\n<div class=\"code-block code-block-1 c3\"><ins class=\"adsbygoogle c2\" data-ad-layout=\"in-article\" data-ad-format=\"fluid\" data-ad-client=\"ca-pub-2102118777505746\" data-ad-slot=\"7301775417\"\/> <\/div>\n<div class=\"mvp-org-wrap mvp-org-logo\" itemprop=\"publisher\" itemscope=\"\" itemtype=\"https:\/\/schema.org\/Organization\"><img decoding=\"async\" src=\"https:\/\/www.tunisienumerique.com\/wp-content\/uploads\/2017\/02\/logo_tunisie_numerique.png\"\/><\/div>\n<div class=\"mvp-related-posts left relative\">\n<h4 class=\"post-header\"><span class=\"post-header\">Lire aussi<\/span><\/h4>\n<\/div>\n<\/div>\n<p>Auteur: LM<br \/>\n<a href=\"https:\/\/www.tunisienumerique.com\/tunisie-le-proces-de-lassassinat-de-ben-youssef-est-un-reglement-de-compte-et-est-completement-illegal\/\">Cliquez ici pour lire l&rsquo;article depuis sa source.<\/a><\/p>\n","protected":false},"excerpt":{"rendered":"<p>La pr\u00e9sidente du parti destourien libre, Abir Moussi a d\u00e9clar\u00e9 ce samedi que le simulacre de proc\u00e8s de l\u2019assassinat de Salah Ben Youssef est un r\u00e8glement de compte qui vise \u00e0 souiller les symboles de l\u2019Etat moderne et de la m\u00e9moire du Za\u00efm Habib Bourguiba. Elle a ajout\u00e9 que ce proc\u00e8s ainsi que tout ce [&hellip;]<\/p>\n","protected":false},"author":1789,"featured_media":35134,"comment_status":"closed","ping_status":"closed","sticky":false,"template":"","format":"standard","meta":{"fifu_image_url":"","fifu_image_alt":"","footnotes":""},"categories":[73,55],"tags":[],"class_list":["post-35133","post","type-post","status-publish","format-standard","has-post-thumbnail","hentry","category-actualite","category-tunisie"],"_links":{"self":[{"href":"https:\/\/linitiative.ca\/International\/wp-json\/wp\/v2\/posts\/35133","targetHints":{"allow":["GET"]}}],"collection":[{"href":"https:\/\/linitiative.ca\/International\/wp-json\/wp\/v2\/posts"}],"about":[{"href":"https:\/\/linitiative.ca\/International\/wp-json\/wp\/v2\/types\/post"}],"author":[{"embeddable":true,"href":"https:\/\/linitiative.ca\/International\/wp-json\/wp\/v2\/users\/1789"}],"replies":[{"embeddable":true,"href":"https:\/\/linitiative.ca\/International\/wp-json\/wp\/v2\/comments?post=35133"}],"version-history":[{"count":0,"href":"https:\/\/linitiative.ca\/International\/wp-json\/wp\/v2\/posts\/35133\/revisions"}],"wp:featuredmedia":[{"embeddable":true,"href":"https:\/\/linitiative.ca\/International\/wp-json\/"}],"wp:attachment":[{"href":"https:\/\/linitiative.ca\/International\/wp-json\/wp\/v2\/media?parent=35133"}],"wp:term":[{"taxonomy":"category","embeddable":true,"href":"https:\/\/linitiative.ca\/International\/wp-json\/wp\/v2\/categories?post=35133"},{"taxonomy":"post_tag","embeddable":true,"href":"https:\/\/linitiative.ca\/International\/wp-json\/wp\/v2\/tags?post=35133"}],"curies":[{"name":"wp","href":"https:\/\/api.w.org\/{rel}","templated":true}]}}