{"id":35135,"date":"2019-05-18T07:29:32","date_gmt":"2019-05-18T11:29:32","guid":{"rendered":"https:\/\/linitiative.ca\/International\/cooperation-bilaterale-lambassadeur-dautriche-dit-au-revoir-au-burkina\/"},"modified":"2019-05-18T07:29:32","modified_gmt":"2019-05-18T11:29:32","slug":"cooperation-bilaterale-lambassadeur-dautriche-dit-au-revoir-au-burkina","status":"publish","type":"post","link":"https:\/\/linitiative.ca\/International\/cooperation-bilaterale-lambassadeur-dautriche-dit-au-revoir-au-burkina\/","title":{"rendered":"Coop\u00e9ration bilat\u00e9rale: L\u2019ambassadeur d\u2019Autriche dit au revoir au Burkina"},"content":{"rendered":"<div class=\"td-post-featured-image\"><a href=\"https:\/\/i0.wp.com\/www.sidwaya.info\/wp-content\/uploads\/2019\/05\/1-43.jpg?fit=900%2C775&#038;ssl=1\" data-caption=\"\"><img loading=\"lazy\" decoding=\"async\" width=\"696\" height=\"599\" class=\"entry-thumb td-modal-image\" src=\"https:\/\/i0.wp.com\/www.sidwaya.info\/wp-content\/uploads\/2019\/05\/1-43.jpg?resize=696%2C599&#038;ssl=1\" srcset=\"https:\/\/i0.wp.com\/www.sidwaya.info\/wp-content\/uploads\/2019\/05\/1-43.jpg?w=900&#038;ssl=1 900w, https:\/\/i0.wp.com\/www.sidwaya.info\/wp-content\/uploads\/2019\/05\/1-43.jpg?resize=300%2C258&#038;ssl=1 300w, https:\/\/i0.wp.com\/www.sidwaya.info\/wp-content\/uploads\/2019\/05\/1-43.jpg?resize=768%2C661&#038;ssl=1 768w, https:\/\/i0.wp.com\/www.sidwaya.info\/wp-content\/uploads\/2019\/05\/1-43.jpg?resize=696%2C599&#038;ssl=1 696w, https:\/\/i0.wp.com\/www.sidwaya.info\/wp-content\/uploads\/2019\/05\/1-43.jpg?resize=488%2C420&#038;ssl=1 488w\" sizes=\"auto, (max-width: 696px) 100vw, 696px\" alt=\"\" title=\"1\"\/><\/a><\/div>\n<div class=\"td-a-rec td-a-rec-id-content_top td_uid_30_5ce07cb5030f9_rand td_block_template_1\"><img loading=\"lazy\" decoding=\"async\" class=\"aligncenter size-full wp-image-4463\" src=\"https:\/\/www.sidwaya.info\/wp-content\/uploads\/2019\/02\/FESPACO-TOUR-2019-Bannie%CC%80re-728x90-1.jpg\" alt=\"\" width=\"728\" height=\"90\"\/><\/div>\n<p><strong>L\u2019ambassadeur d\u2019Autriche au Burkina Faso a \u00e9t\u00e9 re\u00e7ue en audience au Palais de Kosyam, le vendredi 17 mai 2019. La diplomate est all\u00e9e annoncer son d\u00e9part au chef de l\u2019Etat, Roch Kabor\u00e9.<\/strong><\/p>\n<p><strong>\u00a0<\/strong>Caroline Gudenus ne sera plus la voix officielle de l\u2019Autriche au Burkina Faso. Cette ambassadrice du Burkina Faso avec r\u00e9sidence \u00e0 Dakar, au S\u00e9n\u00e9gal est en fin de mission. C\u2019est pourquoi, elle a effectu\u00e9 le d\u00e9placement de Ouagadougou pour le dire de vive voix au Pr\u00e9sident du Faso, Roch Kabor\u00e9. Ce dernier, lui a accord\u00e9 une audience, le vendredi 17 mai dernier, au palais pr\u00e9sidentiel de Kosyam. <em>\u00ab\u00a0J\u2019ai rencontr\u00e9 le pr\u00e9sident pour une visite d\u2019adieu puisque je suis en fin de mission au Burkina\u00a0Faso\u00bb,<\/em> a expliqu\u00e9 la diplomate, \u00e0 sa sortie d\u2019audience. Pour elle, cet t\u00eate-\u00e0-t\u00eate avec le pr\u00e9sident Kabor\u00e9 \u00e9tait n\u00e9cessaire parce que l\u2019Autriche a une relation tr\u00e8s particuli\u00e8re avec le Pays des Hommes int\u00e8gres. <em>\u00ab\u00a0Le Burkina Faso est l\u2019un des 4 pays partenaires de l\u2019Autriche en Afrique. Nous avons un programme de coop\u00e9ration et de d\u00e9veloppement avec le Burkina. Nous avons un bureau de coop\u00e9ration bas\u00e9 \u00e0 Ouagadougou. Il repr\u00e9sente la pr\u00e9sence continue de l\u2019Autriche dans votre pays\u00a0\u00bb,<\/em> a soutenu Mme Gudenus.<\/p>\n<p>Pour elle, la coop\u00e9ration entre les deux pays doit se renforcer dans d\u2019autres domaines (\u00e9conomique,\u2026). Lors de leurs \u00e9changes, la situation s\u00e9curitaire s\u2019y est invit\u00e9e. La diplomate autrichienne a dit rassurer le pr\u00e9sident du Faso que <em>\u00ab nous soutenons toutes les mesures que le gouvernement peut prendre pour s\u00e9curiser le pays. C\u2019est important pour la stabilit\u00e9 de la r\u00e9gion, mais pour nous. Puisque beaucoup de nos projets de d\u00e9veloppement sont dans cette r\u00e9gion et sont difficile \u00e0 impl\u00e9menter. Nous sommes tous tr\u00e8s int\u00e9resser \u00e0 stabiliser ces r\u00e9gions et de maitriser cette situation s\u00e9curitaire\u201d<\/em>.<\/p>\n<p class=\"c1\"><strong>Abdel Aziz NABALOUM<\/strong><\/p>\n<p class=\"c1\"><strong>emirathe@yahoo.fr<\/strong><\/p>\n<div class=\"td-a-rec td-a-rec-id-content_bottom td_uid_31_5ce07cb503292_rand td_block_template_1\"><img loading=\"lazy\" decoding=\"async\" class=\"alignright size-full wp-image-1724\" src=\"https:\/\/www.sidwaya.info\/wp-content\/uploads\/2018\/12\/sidwaya-pub.jpg\" alt=\"\" width=\"720\" height=\"90\"\/><\/div>\n<p>Auteur: BS. Sidwaya<br \/>\n<a href=\"https:\/\/www.sidwaya.info\/blog\/2019\/05\/18\/cooperation-bilaterale-lambassadeur-dautriche-dit-au-revoir-au-burkina\/\">Cliquez ici pour lire l&rsquo;article depuis sa source.<\/a><\/p>\n","protected":false},"excerpt":{"rendered":"<p>L\u2019ambassadeur d\u2019Autriche au Burkina Faso a \u00e9t\u00e9 re\u00e7ue en audience au Palais de Kosyam, le vendredi 17 mai 2019. La diplomate est all\u00e9e annoncer son d\u00e9part au chef de l\u2019Etat, Roch Kabor\u00e9. \u00a0Caroline Gudenus ne sera plus la voix officielle de l\u2019Autriche au Burkina Faso. Cette ambassadrice du Burkina Faso avec r\u00e9sidence \u00e0 Dakar, au [&hellip;]<\/p>\n","protected":false},"author":1816,"featured_media":0,"comment_status":"closed","ping_status":"closed","sticky":false,"template":"","format":"standard","meta":{"fifu_image_url":"","fifu_image_alt":"","footnotes":""},"categories":[73,81],"tags":[],"class_list":["post-35135","post","type-post","status-publish","format-standard","hentry","category-actualite","category-burkina-faso"],"_links":{"self":[{"href":"https:\/\/linitiative.ca\/International\/wp-json\/wp\/v2\/posts\/35135","targetHints":{"allow":["GET"]}}],"collection":[{"href":"https:\/\/linitiative.ca\/International\/wp-json\/wp\/v2\/posts"}],"about":[{"href":"https:\/\/linitiative.ca\/International\/wp-json\/wp\/v2\/types\/post"}],"author":[{"embeddable":true,"href":"https:\/\/linitiative.ca\/International\/wp-json\/wp\/v2\/users\/1816"}],"replies":[{"embeddable":true,"href":"https:\/\/linitiative.ca\/International\/wp-json\/wp\/v2\/comments?post=35135"}],"version-history":[{"count":0,"href":"https:\/\/linitiative.ca\/International\/wp-json\/wp\/v2\/posts\/35135\/revisions"}],"wp:attachment":[{"href":"https:\/\/linitiative.ca\/International\/wp-json\/wp\/v2\/media?parent=35135"}],"wp:term":[{"taxonomy":"category","embeddable":true,"href":"https:\/\/linitiative.ca\/International\/wp-json\/wp\/v2\/categories?post=35135"},{"taxonomy":"post_tag","embeddable":true,"href":"https:\/\/linitiative.ca\/International\/wp-json\/wp\/v2\/tags?post=35135"}],"curies":[{"name":"wp","href":"https:\/\/api.w.org\/{rel}","templated":true}]}}