{"id":35136,"date":"2019-05-18T08:45:42","date_gmt":"2019-05-18T12:45:42","guid":{"rendered":"https:\/\/linitiative.ca\/International\/developpement-humain-en-afrique-de-louest-des-eveques-font-le-point-au-president-kabore\/"},"modified":"2019-05-18T08:45:42","modified_gmt":"2019-05-18T12:45:42","slug":"developpement-humain-en-afrique-de-louest-des-eveques-font-le-point-au-president-kabore","status":"publish","type":"post","link":"https:\/\/linitiative.ca\/International\/developpement-humain-en-afrique-de-louest-des-eveques-font-le-point-au-president-kabore\/","title":{"rendered":"D\u00e9veloppement humain en Afrique de l\u2019Ouest\u00a0: Des \u00e9v\u00eaques font le point au pr\u00e9sident Kabor\u00e9"},"content":{"rendered":"<div class=\"td-post-featured-image\"><a href=\"https:\/\/i2.wp.com\/www.sidwaya.info\/wp-content\/uploads\/2019\/05\/ph-3-1.jpg?fit=900%2C600&#038;ssl=1\" data-caption=\"\"><img loading=\"lazy\" decoding=\"async\" width=\"696\" height=\"464\" class=\"entry-thumb td-modal-image\" src=\"https:\/\/i2.wp.com\/www.sidwaya.info\/wp-content\/uploads\/2019\/05\/ph-3-1.jpg?resize=696%2C464&#038;ssl=1\" srcset=\"https:\/\/i2.wp.com\/www.sidwaya.info\/wp-content\/uploads\/2019\/05\/ph-3-1.jpg?w=900&#038;ssl=1 900w, https:\/\/i2.wp.com\/www.sidwaya.info\/wp-content\/uploads\/2019\/05\/ph-3-1.jpg?resize=300%2C200&#038;ssl=1 300w, https:\/\/i2.wp.com\/www.sidwaya.info\/wp-content\/uploads\/2019\/05\/ph-3-1.jpg?resize=768%2C512&#038;ssl=1 768w, https:\/\/i2.wp.com\/www.sidwaya.info\/wp-content\/uploads\/2019\/05\/ph-3-1.jpg?resize=696%2C464&#038;ssl=1 696w, https:\/\/i2.wp.com\/www.sidwaya.info\/wp-content\/uploads\/2019\/05\/ph-3-1.jpg?resize=630%2C420&#038;ssl=1 630w\" sizes=\"auto, (max-width: 696px) 100vw, 696px\" alt=\"\" title=\"ph 3\"\/><\/a><\/div>\n<div class=\"td-a-rec td-a-rec-id-content_top td_uid_30_5ce07cb7db30a_rand td_block_template_1\"><img loading=\"lazy\" decoding=\"async\" class=\"aligncenter size-full wp-image-4463\" src=\"https:\/\/www.sidwaya.info\/wp-content\/uploads\/2019\/02\/FESPACO-TOUR-2019-Bannie%CC%80re-728x90-1.jpg\" alt=\"\" width=\"728\" height=\"90\"\/><\/div>\n<p><strong>En marge de leur 3<sup>e<\/sup> assembl\u00e9e pl\u00e9ni\u00e8re, des \u00e9v\u00eaques de la conf\u00e9rence \u00e9piscopale r\u00e9gionale de l\u2019Afrique de l\u2019Ouest, des \u00e9v\u00eaques ont \u00e9t\u00e9 re\u00e7u en audience par le pr\u00e9sident du Faso, Roch Kabor\u00e9, le 17 mai 2019, au palais de Kosyam<\/strong>.<\/p>\n<p>R\u00e9unis \u00e0 Ouagadougou pour leur 3<sup>e<\/sup> assembl\u00e9e pl\u00e9ni\u00e8re, des \u00e9v\u00eaques ont jug\u00e9 n\u00e9cessaire de faire le point de leurs travaux au Pr\u00e9sident du Faso. Il les a re\u00e7us, le vendredi 17 mai 2019, \u00e0 son palais. Cette ann\u00e9e, ils ont d\u00e9cid\u00e9 de mener la r\u00e9flexion sur le th\u00e8me\u00a0: <em>\u00ab\u00a0la nouvelle \u00e9vang\u00e9lisation et le d\u00e9veloppement humain int\u00e9gral dans l\u2019\u00e9glise-Famille de Dieu en Afrique de l\u2019Ouest\u00bb.<\/em> \u00ab\u00a0Nous sommes venus \u00e9voquer certaines initiatives entreprises pour notre dicast\u00e8re.<\/p>\n<p><img loading=\"lazy\" decoding=\"async\" class=\"alignnone size-medium wp-image-8172\" src=\"https:\/\/i2.wp.com\/www.sidwaya.info\/wp-content\/uploads\/2019\/05\/ph-1.jpg?resize=300%2C200&#038;ssl=1\" alt=\"\" width=\"300\" height=\"200\" srcset=\"https:\/\/i2.wp.com\/www.sidwaya.info\/wp-content\/uploads\/2019\/05\/ph-1.jpg?resize=300%2C200&#038;ssl=1 300w, https:\/\/i2.wp.com\/www.sidwaya.info\/wp-content\/uploads\/2019\/05\/ph-1.jpg?resize=768%2C512&#038;ssl=1 768w, https:\/\/i2.wp.com\/www.sidwaya.info\/wp-content\/uploads\/2019\/05\/ph-1.jpg?resize=696%2C464&#038;ssl=1 696w, https:\/\/i2.wp.com\/www.sidwaya.info\/wp-content\/uploads\/2019\/05\/ph-1.jpg?resize=630%2C420&#038;ssl=1 630w, https:\/\/i2.wp.com\/www.sidwaya.info\/wp-content\/uploads\/2019\/05\/ph-1.jpg?w=900&#038;ssl=1 900w\" sizes=\"auto, (max-width: 300px) 100vw, 300px\" data-recalc-dims=\"1\"\/> Le si\u00e8ge de la Fondation Jean Paul 2 pour le Sahel se trouve \u00e0 Ouagadougou. Nous avons \u00e9chang\u00e9 sur comment on peut promouvoir le d\u00e9veloppement int\u00e9gral des populations de la r\u00e9gion \u00bb, a le pr\u00e9sident du dicast\u00e8re pour la promotion du d\u00e9veloppement humain int\u00e9gral, Peter Tuckson. A l\u2019entendre, leur dicast\u00e8re se pr\u00e9occupe de l\u2019acc\u00e8s\u00a0 \u00e0 l\u2019eau, la question de la s\u00e9cheresse, de sant\u00e9 des populations\u2026Donc, tous ces questions ont \u00e9t\u00e9 abord\u00e9es avec le Pr\u00e9sident du Faso.<\/p>\n<p>Le pr\u00e9sident du dicast\u00e8re pour la promotion du d\u00e9veloppement humain int\u00e9gral a dit esp\u00e9rer soutenir les \u00e9glises locales \u00e0 aider les populations de ces r\u00e9gions. Pierre Tuckson a confi\u00e9 que le pr\u00e9sident du Faso a \u00e9mis le v\u0153u que le Pape Fran\u00e7ois effectue une visite au Pays des Hommes int\u00e8gres. <em>\u00ab\u00a0Il m\u2019a charg\u00e9 de soutenir sa demande\u00a0\u00bb,<\/em> a affirm\u00e9 Peter Tuckson, par ailleurs ministre du Pape Fran\u00e7ois. Il s\u2019est engag\u00e9 \u00e0 porter la voix du pr\u00e9sident Kabor\u00e9 au Saint P\u00e8re d\u00e8s son retour au Vatican.<\/p>\n<p><strong>Abdel Aziz NABALOUM<\/strong><\/p>\n<p><strong>emirathe@yahoo.fr\u00a0\u00a0\u00a0\u00a0\u00a0\u00a0\u00a0\u00a0\u00a0\u00a0\u00a0\u00a0<\/strong><\/p>\n<div class=\"td-a-rec td-a-rec-id-content_bottom td_uid_31_5ce07cb7db4ad_rand td_block_template_1\"><img loading=\"lazy\" decoding=\"async\" class=\"alignright size-full wp-image-1724\" src=\"https:\/\/www.sidwaya.info\/wp-content\/uploads\/2018\/12\/sidwaya-pub.jpg\" alt=\"\" width=\"720\" height=\"90\"\/><\/div>\n<p>Auteur: Wamini SIDWAYA<br \/>\n<a href=\"https:\/\/www.sidwaya.info\/blog\/2019\/05\/18\/developpement-humain-en-afrique-de-louest-des-eveques-font-le-point-au-president-kabore\/\">Cliquez ici pour lire l&rsquo;article depuis sa source.<\/a><\/p>\n","protected":false},"excerpt":{"rendered":"<p>En marge de leur 3e assembl\u00e9e pl\u00e9ni\u00e8re, des \u00e9v\u00eaques de la conf\u00e9rence \u00e9piscopale r\u00e9gionale de l\u2019Afrique de l\u2019Ouest, des \u00e9v\u00eaques ont \u00e9t\u00e9 re\u00e7u en audience par le pr\u00e9sident du Faso, Roch Kabor\u00e9, le 17 mai 2019, au palais de Kosyam. R\u00e9unis \u00e0 Ouagadougou pour leur 3e assembl\u00e9e pl\u00e9ni\u00e8re, des \u00e9v\u00eaques ont jug\u00e9 n\u00e9cessaire de faire [&hellip;]<\/p>\n","protected":false},"author":1816,"featured_media":0,"comment_status":"closed","ping_status":"closed","sticky":false,"template":"","format":"standard","meta":{"fifu_image_url":"","fifu_image_alt":"","footnotes":""},"categories":[73,81],"tags":[],"class_list":["post-35136","post","type-post","status-publish","format-standard","hentry","category-actualite","category-burkina-faso"],"_links":{"self":[{"href":"https:\/\/linitiative.ca\/International\/wp-json\/wp\/v2\/posts\/35136","targetHints":{"allow":["GET"]}}],"collection":[{"href":"https:\/\/linitiative.ca\/International\/wp-json\/wp\/v2\/posts"}],"about":[{"href":"https:\/\/linitiative.ca\/International\/wp-json\/wp\/v2\/types\/post"}],"author":[{"embeddable":true,"href":"https:\/\/linitiative.ca\/International\/wp-json\/wp\/v2\/users\/1816"}],"replies":[{"embeddable":true,"href":"https:\/\/linitiative.ca\/International\/wp-json\/wp\/v2\/comments?post=35136"}],"version-history":[{"count":0,"href":"https:\/\/linitiative.ca\/International\/wp-json\/wp\/v2\/posts\/35136\/revisions"}],"wp:attachment":[{"href":"https:\/\/linitiative.ca\/International\/wp-json\/wp\/v2\/media?parent=35136"}],"wp:term":[{"taxonomy":"category","embeddable":true,"href":"https:\/\/linitiative.ca\/International\/wp-json\/wp\/v2\/categories?post=35136"},{"taxonomy":"post_tag","embeddable":true,"href":"https:\/\/linitiative.ca\/International\/wp-json\/wp\/v2\/tags?post=35136"}],"curies":[{"name":"wp","href":"https:\/\/api.w.org\/{rel}","templated":true}]}}