{"id":35137,"date":"2019-05-18T09:38:24","date_gmt":"2019-05-18T13:38:24","guid":{"rendered":"https:\/\/linitiative.ca\/International\/crise-humanitaire-lunicef-confirme-son-soutien-aux-personnes-vulnerables\/"},"modified":"2019-05-18T09:38:24","modified_gmt":"2019-05-18T13:38:24","slug":"crise-humanitaire-lunicef-confirme-son-soutien-aux-personnes-vulnerables","status":"publish","type":"post","link":"https:\/\/linitiative.ca\/International\/crise-humanitaire-lunicef-confirme-son-soutien-aux-personnes-vulnerables\/","title":{"rendered":"Crise humanitaire\u00a0: L\u2019Unicef confirme son soutien aux personnes vuln\u00e9rables"},"content":{"rendered":"<div class=\"td-post-featured-image\"><a href=\"https:\/\/i0.wp.com\/www.sidwaya.info\/wp-content\/uploads\/2019\/05\/A2.jpg?fit=900%2C600&#038;ssl=1\" data-caption=\"\"><img loading=\"lazy\" decoding=\"async\" width=\"696\" height=\"464\" class=\"entry-thumb td-modal-image\" src=\"https:\/\/i0.wp.com\/www.sidwaya.info\/wp-content\/uploads\/2019\/05\/A2.jpg?resize=696%2C464&#038;ssl=1\" srcset=\"https:\/\/i0.wp.com\/www.sidwaya.info\/wp-content\/uploads\/2019\/05\/A2.jpg?w=900&#038;ssl=1 900w, https:\/\/i0.wp.com\/www.sidwaya.info\/wp-content\/uploads\/2019\/05\/A2.jpg?resize=300%2C200&#038;ssl=1 300w, https:\/\/i0.wp.com\/www.sidwaya.info\/wp-content\/uploads\/2019\/05\/A2.jpg?resize=768%2C512&#038;ssl=1 768w, https:\/\/i0.wp.com\/www.sidwaya.info\/wp-content\/uploads\/2019\/05\/A2.jpg?resize=696%2C464&#038;ssl=1 696w, https:\/\/i0.wp.com\/www.sidwaya.info\/wp-content\/uploads\/2019\/05\/A2.jpg?resize=630%2C420&#038;ssl=1 630w\" sizes=\"auto, (max-width: 696px) 100vw, 696px\" alt=\"\" title=\"A2\"\/><\/a><\/div>\n<div class=\"td-a-rec td-a-rec-id-content_top td_uid_30_5ce07cbaa1c75_rand td_block_template_1\"><img loading=\"lazy\" decoding=\"async\" class=\"aligncenter size-full wp-image-4463\" src=\"https:\/\/www.sidwaya.info\/wp-content\/uploads\/2019\/02\/FESPACO-TOUR-2019-Bannie%CC%80re-728x90-1.jpg\" alt=\"\" width=\"728\" height=\"90\"\/><\/div>\n<p><strong>Le pr\u00e9sident du Faso, Roch Kabor\u00e9 a accord\u00e9 une audience, au directeur des programmes d\u2019urgences de l\u2019Unicef, le vendredi 17 mai 2019, \u00e0 Kosyam.<\/strong><\/p>\n<p><strong>\u00a0<\/strong>Apr\u00e8s un passage dans les zones en proie aux crises humanitaires le directeur des programmes d\u2019urgences de l\u2019Unicef, Manuel Fontaine a marqu\u00e9 une halte au palais de Kosyam, le 17 mai dernier. Le pr\u00e9sident du Faso, Roch Kabor\u00e9 et son h\u00f4te ont \u00e9chang\u00e9 sur les actions de l\u2019Unicef dans le domaine humanitaire et de d\u00e9veloppement en g\u00e9n\u00e9ral.<\/p>\n<p>Le p\u00e9riple de Manuel Fontaine l\u2019a conduit dans certaines localit\u00e9s comme Dori, Kaya\u2026<em>\u00abDe notre visite dans certaines zones du pays nous a permis de r\u00e9affirmer l\u2019engagement de l\u2019Unicef aupr\u00e8s de l\u2019enfance au Burkina Faso, surtout dans un moment un peu difficile\u00a0 avec les personnes d\u00e9plac\u00e9es\u00a0\u00bb<\/em>, a affirm\u00e9 M. Fontaine.<\/p>\n<p><img loading=\"lazy\" decoding=\"async\" class=\"alignnone size-medium wp-image-8178\" src=\"https:\/\/i0.wp.com\/www.sidwaya.info\/wp-content\/uploads\/2019\/05\/A3.jpg?resize=300%2C214&#038;ssl=1\" alt=\"\" width=\"300\" height=\"214\" srcset=\"https:\/\/i0.wp.com\/www.sidwaya.info\/wp-content\/uploads\/2019\/05\/A3.jpg?resize=300%2C214&#038;ssl=1 300w, https:\/\/i0.wp.com\/www.sidwaya.info\/wp-content\/uploads\/2019\/05\/A3.jpg?resize=768%2C548&#038;ssl=1 768w, https:\/\/i0.wp.com\/www.sidwaya.info\/wp-content\/uploads\/2019\/05\/A3.jpg?resize=100%2C70&#038;ssl=1 100w, https:\/\/i0.wp.com\/www.sidwaya.info\/wp-content\/uploads\/2019\/05\/A3.jpg?resize=696%2C496&#038;ssl=1 696w, https:\/\/i0.wp.com\/www.sidwaya.info\/wp-content\/uploads\/2019\/05\/A3.jpg?resize=589%2C420&#038;ssl=1 589w, https:\/\/i0.wp.com\/www.sidwaya.info\/wp-content\/uploads\/2019\/05\/A3.jpg?w=900&#038;ssl=1 900w\" sizes=\"auto, (max-width: 300px) 100vw, 300px\" data-recalc-dims=\"1\"\/>Des actions, a-t-il dit, sont pr\u00e9vus avec plus de pr\u00e9sence de l\u2019Unicef au Pays des Hommes Int\u00e8gres et de mani\u00e8re d\u00e9centralis\u00e9e sur le terrain afin d\u2019\u00eatre au contact avec les populations pour la vaccination contre la rougeole, des actions pour la scolarisation, de r\u00e9alisation de forages\u2026<\/p>\n<p><strong>Abdel Aziz NABALOUM<\/strong><\/p>\n<p><strong>emirathe@yahoo.fr<\/strong><\/p>\n<div class=\"td-a-rec td-a-rec-id-content_bottom td_uid_31_5ce07cbaa1e28_rand td_block_template_1\"><img loading=\"lazy\" decoding=\"async\" class=\"alignright size-full wp-image-1724\" src=\"https:\/\/www.sidwaya.info\/wp-content\/uploads\/2018\/12\/sidwaya-pub.jpg\" alt=\"\" width=\"720\" height=\"90\"\/><\/div>\n<p>Auteur: Wamini SIDWAYA<br \/>\n<a href=\"https:\/\/www.sidwaya.info\/blog\/2019\/05\/18\/crise-humanitaire-lunicef-confirme-son-soutien-aux-personnes-vulnerables\/\">Cliquez ici pour lire l&rsquo;article depuis sa source.<\/a><\/p>\n","protected":false},"excerpt":{"rendered":"<p>Le pr\u00e9sident du Faso, Roch Kabor\u00e9 a accord\u00e9 une audience, au directeur des programmes d\u2019urgences de l\u2019Unicef, le vendredi 17 mai 2019, \u00e0 Kosyam. \u00a0Apr\u00e8s un passage dans les zones en proie aux crises humanitaires le directeur des programmes d\u2019urgences de l\u2019Unicef, Manuel Fontaine a marqu\u00e9 une halte au palais de Kosyam, le 17 mai [&hellip;]<\/p>\n","protected":false},"author":1816,"featured_media":0,"comment_status":"closed","ping_status":"closed","sticky":false,"template":"","format":"standard","meta":{"fifu_image_url":"","fifu_image_alt":"","footnotes":""},"categories":[73,81],"tags":[],"class_list":["post-35137","post","type-post","status-publish","format-standard","hentry","category-actualite","category-burkina-faso"],"_links":{"self":[{"href":"https:\/\/linitiative.ca\/International\/wp-json\/wp\/v2\/posts\/35137","targetHints":{"allow":["GET"]}}],"collection":[{"href":"https:\/\/linitiative.ca\/International\/wp-json\/wp\/v2\/posts"}],"about":[{"href":"https:\/\/linitiative.ca\/International\/wp-json\/wp\/v2\/types\/post"}],"author":[{"embeddable":true,"href":"https:\/\/linitiative.ca\/International\/wp-json\/wp\/v2\/users\/1816"}],"replies":[{"embeddable":true,"href":"https:\/\/linitiative.ca\/International\/wp-json\/wp\/v2\/comments?post=35137"}],"version-history":[{"count":0,"href":"https:\/\/linitiative.ca\/International\/wp-json\/wp\/v2\/posts\/35137\/revisions"}],"wp:attachment":[{"href":"https:\/\/linitiative.ca\/International\/wp-json\/wp\/v2\/media?parent=35137"}],"wp:term":[{"taxonomy":"category","embeddable":true,"href":"https:\/\/linitiative.ca\/International\/wp-json\/wp\/v2\/categories?post=35137"},{"taxonomy":"post_tag","embeddable":true,"href":"https:\/\/linitiative.ca\/International\/wp-json\/wp\/v2\/tags?post=35137"}],"curies":[{"name":"wp","href":"https:\/\/api.w.org\/{rel}","templated":true}]}}