{"id":35140,"date":"2019-05-18T13:50:03","date_gmt":"2019-05-18T17:50:03","guid":{"rendered":"https:\/\/linitiative.ca\/International\/presidentielle-en-argentine-kirchner-se-met-en-retrait-a-trois-jours-de-son-proces\/"},"modified":"2019-05-18T13:50:03","modified_gmt":"2019-05-18T17:50:03","slug":"presidentielle-en-argentine-kirchner-se-met-en-retrait-a-trois-jours-de-son-proces","status":"publish","type":"post","link":"https:\/\/linitiative.ca\/International\/presidentielle-en-argentine-kirchner-se-met-en-retrait-a-trois-jours-de-son-proces\/","title":{"rendered":"Pr\u00e9sidentielle en Argentine: Kirchner se met en retrait, \u00e0 trois jours de son proc\u00e8s"},"content":{"rendered":"<div readability=\"32\">\n<p>Publi\u00e9 le 18.05.2019 \u00e0 18h50 par AFP<\/p>\n<\/div>\n<div readability=\"145\">\n<p>Pourtant bien plac\u00e9e dans les sondages pour \u00eatre \u00e9lue \u00e0 la pr\u00e9sidence de l\u2019Argentine en octobre, l\u2019ex-pr\u00e9sidente de gauche Cristina Kirchner a annonc\u00e9 samedi qu\u2019elle laissait la voie libre \u00e0 un de ses lieutenants, Alberto Fernandez, plus consensuel.<\/p>\n<p>A trois jours du d\u00e9but de son premier proc\u00e8s pour corruption, l\u2019annonce que Cristina Kirchner ne briguerait que le poste de vice-pr\u00e9sidente est un coup de th\u00e9\u00e2tre dans le pays.<\/p>\n<p>Dans une vid\u00e9o post\u00e9e sur les r\u00e9seaux sociaux, Mme Kirchner demande \u00e0 Alberto Fernandez, un avocat de 60 ans, ancien chef du gouvernement argentin de 2003 \u00e0 2008, d\u2019\u00eatre candidat \u00e0 la succession du pr\u00e9sident de centre-droit Mauricio Macri. Ce dernier avait succ\u00e9d\u00e9 \u00e0 Mme Kirchner fin 2015.<\/p>\n<p>\u00ab\u00a0J\u2019ai demand\u00e9 \u00e0 Alberto Fernandez de prendre la t\u00eate du ticket que nous formerons, lui comme candidat \u00e0 la pr\u00e9sidence et moi comme candidate \u00e0 la vice-pr\u00e9sidence lors des primaires\u00a0\u00bb du 11 ao\u00fbt, a d\u00e9clar\u00e9 la s\u00e9natrice de 66 ans dans un message enregistr\u00e9.<\/p>\n<p>Alberto Fernandez n\u2019a pas encore fait conna\u00eetre sa r\u00e9ponse, mais un refus semble improbable.<\/p>\n<p>\u2013 Strat\u00e9gie \u00e9lectorale \u2013<\/p>\n<p>Mise en examen dans plusieurs dossiers de malversations durant ses deux mandats \u00e0 la t\u00eate de l\u2019Argentine (2007-2015), Cristina Kirchner conserve une forte base \u00e9lectorale, notamment parmi les plus d\u00e9favoris\u00e9s, mais \u00e9galement un niveau de rejet \u00e9lev\u00e9.<\/p>\n<p>Elle faisait partie jusqu\u2019\u00e0 pr\u00e9sent des favoris de l\u2019\u00e9lection pr\u00e9sidentielle du 27 octobre, en compagnie de Mauricio Macri.<\/p>\n<p>Prot\u00e9g\u00e9e par son immunit\u00e9 parlementaire, elle a pu \u00e9chapper \u00e0 des mandats d\u2019arr\u00eat du juge Claudio Bonadio, qui instruit la plupart des affaires de corruption la visant.<\/p>\n<p>Le politologue argentin Sergio Berenzsztein voit l\u00e0 une \u00ab\u00a0d\u00e9cision strat\u00e9gique\u00a0\u00bb, en rappelant que le pr\u00e9sident russe \u00ab\u00a0Vladimir Poutine avait \u00e9t\u00e9 le second de Dmitri Medvedev\u00a0\u00bb, devenu chef de l\u2019Etat entre 2008 et 2012, tout en conservant son influence.<\/p>\n<p>Dans son message, Cristina Kirchner rappelle qu\u2019elle a \u00e9t\u00e9 la premi\u00e8re femme \u00e0 devenir pr\u00e9sidente de la troisi\u00e8me \u00e9conomie d\u2019Am\u00e9rique latine, mais que \u00ab\u00a0l\u2019ambition personnelle doit \u00eatre subordonn\u00e9e \u00e0 l\u2019int\u00e9r\u00eat g\u00e9n\u00e9ral\u00a0\u00bb.<\/p>\n<p>La mise en avant d\u2019Alberto Fernandez, avec qui Mme Kirchner s\u2019\u00e9tait brouill\u00e9e alors qu\u2019elle dirigeait le pays, est une fa\u00e7on d\u2019\u00e9largir sa base \u00e9lectorale.<\/p>\n<p>\u2013 Rassembler \u2013<\/p>\n<p>Alberto Fernandez, qui fut chef de gouvernement du pr\u00e9sident Nestor Kirchner (2003-2007) puis de son \u00e9pouse Cristina, appara\u00eet comme un politicien plus mod\u00e9r\u00e9, susceptible de rassembler au-del\u00e0 des \u00e9lecteurs traditionnels de Mme Kirchner.<\/p>\n<p>\u00ab\u00a0La pr\u00e9sence de Cristina Kirchner dans le ticket lui permet de conserver 100% de ses intentions de vote et d\u2019offrir un candidat qui ne suscite pas autant de rejet que l\u2019ex-pr\u00e9sidente, dans la perspective du second tour\u00a0\u00bb, souligne Rafael Gentili, pr\u00e9sident du Laboratoire de politiques publiques, un centre d\u2019\u00e9tudes argentin.<\/p>\n<p>\u00ab\u00a0C\u2019est une strat\u00e9gie \u00e9lectorale. Politiquement c\u2019est un rameau d\u2019olivier en direction des p\u00e9ronistes non kirchn\u00e9ristes\u00a0\u00bb, poursuit le politologue.<\/p>\n<p>Le mouvement p\u00e9roniste, fond\u00e9 par l\u2019ex-pr\u00e9sident Juan Domingo Peron dans les ann\u00e9es 1950, est actuellement divis\u00e9 en deux factions, une de gauche dirig\u00e9e par Mme Kirchner, et une plus centriste, sans leader d\u00e9fini.<\/p>\n<p>\u00ab\u00a0Alberto Fernandez est un p\u00e9roniste pragmatique\u00a0\u00bb, rappelle Rafael Gentili. \u00ab\u00a0Il \u00e9tait plus proche de Nestor Kirchner que de Cristina. Le pari de Kirchner c\u2019est d\u2019\u00e9largir l\u2019alliance \u00e9lectorale. Et il ne fait pas peur aux march\u00e9s comme Cristina Kirchner\u00a0\u00bb.<\/p>\n<p>\u00ab\u00a0S\u2019il est \u00e9lu\u00a0\u00bb, remarque M. Gentili, \u00ab\u00a0Alberto Fernandez exercera pleinement le pouvoir, il ne serait pas un secr\u00e9taire de Cristina Kirchner. Mais elle aurait une \u00e9norme influence\u00a0\u00bb.<\/p>\n<p>La campagne \u00e9lectorale va repartir sur de nouvelles bases.<\/p>\n<p>En attendant, la candidate \u00e0 la vice-pr\u00e9sidence se rendra mardi au tribunal de Comodoro Py \u00e0 Buenos Aires, pour r\u00e9pondre aux accusations de favoritisme dans l\u2019attribution de march\u00e9s publics aux entreprises de l\u2019homme d\u2019affaires Lazaro Baez, qui gagnait pratiquement tous les appels d\u2019offre dans la province de Santa Cruz pendant les gouvernements de Nestor puis de Cristina Kirchner.<\/p>\n<\/div>\n<p>Auteur: AFP<br \/>\n<a href=\"https:\/\/www.journalducameroun.com\/fr\/presidentielle-en-argentine-kirchner-se-met-en-retrait-a-trois-jours-de-son-proces\/\">Cliquez ici pour lire l&rsquo;article depuis sa source.<\/a><\/p>\n","protected":false},"excerpt":{"rendered":"<p>Publi\u00e9 le 18.05.2019 \u00e0 18h50 par AFP Pourtant bien plac\u00e9e dans les sondages pour \u00eatre \u00e9lue \u00e0 la pr\u00e9sidence de l\u2019Argentine en octobre, l\u2019ex-pr\u00e9sidente de gauche Cristina Kirchner a annonc\u00e9 samedi qu\u2019elle laissait la voie libre \u00e0 un de ses lieutenants, Alberto Fernandez, plus consensuel. A trois jours du d\u00e9but de son premier proc\u00e8s pour [&hellip;]<\/p>\n","protected":false},"author":1965,"featured_media":0,"comment_status":"closed","ping_status":"closed","sticky":false,"template":"","format":"standard","meta":{"fifu_image_url":"","fifu_image_alt":"","footnotes":""},"categories":[73,82],"tags":[],"class_list":["post-35140","post","type-post","status-publish","format-standard","hentry","category-actualite","category-cameroun"],"_links":{"self":[{"href":"https:\/\/linitiative.ca\/International\/wp-json\/wp\/v2\/posts\/35140","targetHints":{"allow":["GET"]}}],"collection":[{"href":"https:\/\/linitiative.ca\/International\/wp-json\/wp\/v2\/posts"}],"about":[{"href":"https:\/\/linitiative.ca\/International\/wp-json\/wp\/v2\/types\/post"}],"author":[{"embeddable":true,"href":"https:\/\/linitiative.ca\/International\/wp-json\/wp\/v2\/users\/1965"}],"replies":[{"embeddable":true,"href":"https:\/\/linitiative.ca\/International\/wp-json\/wp\/v2\/comments?post=35140"}],"version-history":[{"count":0,"href":"https:\/\/linitiative.ca\/International\/wp-json\/wp\/v2\/posts\/35140\/revisions"}],"wp:attachment":[{"href":"https:\/\/linitiative.ca\/International\/wp-json\/wp\/v2\/media?parent=35140"}],"wp:term":[{"taxonomy":"category","embeddable":true,"href":"https:\/\/linitiative.ca\/International\/wp-json\/wp\/v2\/categories?post=35140"},{"taxonomy":"post_tag","embeddable":true,"href":"https:\/\/linitiative.ca\/International\/wp-json\/wp\/v2\/tags?post=35140"}],"curies":[{"name":"wp","href":"https:\/\/api.w.org\/{rel}","templated":true}]}}