{"id":35141,"date":"2019-05-18T13:50:06","date_gmt":"2019-05-18T17:50:06","guid":{"rendered":"https:\/\/linitiative.ca\/International\/reprise-prevue-dimanche-au-soudan-des-discussions-sur-la-transition\/"},"modified":"2019-05-18T13:50:06","modified_gmt":"2019-05-18T17:50:06","slug":"reprise-prevue-dimanche-au-soudan-des-discussions-sur-la-transition","status":"publish","type":"post","link":"https:\/\/linitiative.ca\/International\/reprise-prevue-dimanche-au-soudan-des-discussions-sur-la-transition\/","title":{"rendered":"Reprise pr\u00e9vue dimanche au Soudan des discussions sur la transition"},"content":{"rendered":"<div readability=\"32\">\n<p>Publi\u00e9 le 18.05.2019 \u00e0 18h50 par AFP<\/p>\n<\/div>\n<div readability=\"158\">\n<p>Les discussions entre le Conseil militaire au pouvoir au Soudan et les leaders de la contestations doivent reprendre dimanche \u00e0 Khartoum o\u00f9 des centaines d\u2019islamistes manifestent samedi contre un abandon \u00e9ventuel de la charia.<\/p>\n<p>Les repr\u00e9sentants de la mouvance islamiste ne font pas partie des forces politiques rassembl\u00e9es au sein de l\u2019Alliance pour la libert\u00e9 et le changement (ALC), fer de lance de la contestation, qui n\u00e9gocient avec les militaires les contours de la p\u00e9riode de transition, apr\u00e8s la chute du pr\u00e9sident Omar el-B\u00e9chir le 11 avril.<\/p>\n<p>L\u2019arm\u00e9e a annonc\u00e9 la \u00ab\u00a0reprise dimanche des discussions avec l\u2019ALC au palais pr\u00e9sidentiel\u00a0\u00bb.<\/p>\n<p>Les militaires au pouvoir avaient suspendu mercredi soir le dialogue avec les meneurs de la contestation au sujet de la transition politique en r\u00e9clamant la lev\u00e9e des barricades install\u00e9es par les protestataires \u00e0 Khartoum.<\/p>\n<p>Des manifestants les ont d\u00e9mantel\u00e9es vendredi mais ont menac\u00e9 de les r\u00e9tablir si les g\u00e9n\u00e9raux ne reprenaient pas les n\u00e9gociations.<\/p>\n<p>Les deux parties doivent d\u00e9sormais s\u2019entendre sur la composition d\u2019un Conseil souverain, institution-cl\u00e9 de la transition. Les militaires veulent qu\u2019il comprenne une majorit\u00e9 des leurs tandis que l\u2019ALC exige qu\u2019elle soit domin\u00e9e par les civils.<\/p>\n<p>La communaut\u00e9 internationale appelle \u00e0 une \u00ab\u00a0reprise imm\u00e9diate des pourparlers\u00a0\u00bb pour parvenir \u00e0 une transition \u00ab\u00a0vraiment dirig\u00e9e par les civils\u00a0\u00bb, a d\u00e9clar\u00e9 vendredi sur Twitter un haut responsable am\u00e9ricain au terme d\u2019une r\u00e9union \u00e0 Washington.<\/p>\n<p>\u2013 \u00ab\u00a0Non \u00e0 l\u2019ath\u00e9isme !\u00a0\u00bb \u2013<\/p>\n<p>Compos\u00e9e de forces de tendance la\u00efque qui vont du Parti communiste aux nationalistes arabes en passant par les courants du Baath arabe, l\u2019ALC ne comprend pas les islamistes qui avaient soutenu le coup d\u2019Etat de 1989 par lequel Omar el-B\u00e9chir \u00e9tait arriv\u00e9 au pouvoir.<\/p>\n<p>Discrets depuis le 11 avril, les islamistes ont appel\u00e9 \u00e0 une manifestation samedi \u00e0 Khartoum pour dire non \u00e0 un \u00e9ventuel abandon de la charia \u2013voulu par l\u2019ALC\u2013 et au processus politique visant \u00e0 transf\u00e9rer le pouvoir aux civils, proches des la\u00efcs.<\/p>\n<p>Ces deux \u00e9ventualit\u00e9s ouvriraient les \u00ab\u00a0portes de l\u2019enfer pour le Soudan\u00a0\u00bb, a averti Al-Tayeb Moustafa, l\u2019un des leaders de cette mouvance qui a soutenu Omar el-B\u00e9chir pendant 30 ans et qui se sent aujourd\u2019hui marginalis\u00e9e.<\/p>\n<p>Des centaines de manifestants ont r\u00e9pondu \u00e0 l\u2019appel en se rassemblant devant le jardin du palais pr\u00e9sidentiel, selon un journaliste de l\u2019AFP.<\/p>\n<p>Cette manifestation \u00ab\u00a0sera une mobilisation contre la nouvelle dictature civile parce que l\u2019ALC a vol\u00e9 la r\u00e9volution\u00a0\u00bb, a d\u00e9clar\u00e9 \u00e0 l\u2019AFP M. Moustafa, chef d\u2019un groupe d\u2019environ 20 mouvements islamistes.<\/p>\n<p>\u00ab\u00a0La solution r\u00e9side dans la religion !\u00a0\u00bb, \u00ab\u00a0Non au communisme, non \u00e0 l\u2019ath\u00e9isme !\u00a0\u00bb, ont scand\u00e9 des manifestants.<\/p>\n<p>\u00ab\u00a0Nous sommes ici pour soutenir la charia et dire non \u00e0 un pouvoir la\u00efc\u00a0\u00bb, a d\u00e9clar\u00e9 l\u2019un d\u2019eux, Younous Ali.<\/p>\n<p>Le Conseil militaire lui-m\u00eame avait reproch\u00e9 \u00e0 l\u2019ALC de ne pas avoir fait r\u00e9f\u00e9rence \u00e0 la charia comme source de la l\u00e9gislation dans ses propositions sur la p\u00e9riode de transition.<\/p>\n<p>L\u2019ALC avait r\u00e9pliqu\u00e9 en qualifiant cette question de secondaire et en estimant qu\u2019elle pourrait \u00eatre discut\u00e9e apr\u00e8s la p\u00e9riode de transition.<\/p>\n<p>Le r\u00e9gime du pr\u00e9sident d\u00e9chu appliquait la charia, ce qui avait donn\u00e9 lieu, selon les d\u00e9fenseurs des droits humains, \u00e0 des abus comme la flagellation de femmes pour \u00ab\u00a0comportement ind\u00e9cent\u00a0\u00bb.<\/p>\n<p>\u2013 \u00ab\u00a0Grande erreur\u00a0\u00bb \u2013<\/p>\n<p>Au-del\u00e0 de la question religieuse, M. Moustapha a estim\u00e9 que les militaires au pouvoir ne devaient pas avoir comme seul interlocuteur l\u2019ALC.<\/p>\n<p>Allant dans le m\u00eame sens, un autre religieux islamiste, le radical Mohamed al-Jazuli, a affirm\u00e9 \u00e0 l\u2019AFP qu\u2019un accord entre l\u2019arm\u00e9e et l\u2019ALC reviendrait \u00e0 \u00ab\u00a0\u00e9liminer les autres forces\u00a0\u00bb politiques.<\/p>\n<p>Sur la question de la place de la religion dans les nouvelles institutions, un des principaux leaders de l\u2019opposition Sadek al-Mahdi a \u00e9galement fait entendre sa voix.<\/p>\n<p>\u00ab\u00a0L\u2019islam fait partie de l\u2019identit\u00e9 de la majorit\u00e9 des Soudanais. Ainsi \u00e7a a \u00e9t\u00e9 une grande erreur, au sein des forces d\u2019opposition, de parler de la\u00efcit\u00e9\u00a0\u00bb, a d\u00e9clar\u00e9 cet ancien Premier ministre, chass\u00e9 du pouvoir par le coup d\u2019Etat de 1989, et dont le parti Oumma fait partie de l\u2019ALC.<\/p>\n<p>L\u2019annonce le 19 d\u00e9cembre du triplement du prix du pain par le gouvernement avait provoqu\u00e9 des manifestations \u00e0 travers le pays, en proie \u00e0 une grave crise \u00e9conomique.<\/p>\n<p>La contestation s\u2019est ensuite transform\u00e9e en un mouvement r\u00e9clamant le d\u00e9part du pr\u00e9sident B\u00e9chir, puis le transfert du pouvoir aux civils.<\/p>\n<p>Pour maintenir la pression, des milliers de Soudanais observent depuis le 6 avril un sit-in devant le QG de l\u2019arm\u00e9e.<\/p>\n<p>Selon une association de m\u00e9decins proche de l\u2019ALC, 90 personnes ont \u00e9t\u00e9 tu\u00e9es par les forces de l\u2019ordre depuis le 19 d\u00e9cembre. Les autorit\u00e9s parlent de 65 morts.<\/p>\n<\/div>\n<p>Auteur: AFP<br \/>\n<a href=\"https:\/\/www.journalducameroun.com\/fr\/reprise-prevue-dimanche-au-soudan-des-discussions-sur-la-transition\/\">Cliquez ici pour lire l&rsquo;article depuis sa source.<\/a><\/p>\n","protected":false},"excerpt":{"rendered":"<p>Publi\u00e9 le 18.05.2019 \u00e0 18h50 par AFP Les discussions entre le Conseil militaire au pouvoir au Soudan et les leaders de la contestations doivent reprendre dimanche \u00e0 Khartoum o\u00f9 des centaines d\u2019islamistes manifestent samedi contre un abandon \u00e9ventuel de la charia. Les repr\u00e9sentants de la mouvance islamiste ne font pas partie des forces politiques rassembl\u00e9es [&hellip;]<\/p>\n","protected":false},"author":1965,"featured_media":0,"comment_status":"closed","ping_status":"closed","sticky":false,"template":"","format":"standard","meta":{"fifu_image_url":"","fifu_image_alt":"","footnotes":""},"categories":[73,82],"tags":[],"class_list":["post-35141","post","type-post","status-publish","format-standard","hentry","category-actualite","category-cameroun"],"_links":{"self":[{"href":"https:\/\/linitiative.ca\/International\/wp-json\/wp\/v2\/posts\/35141","targetHints":{"allow":["GET"]}}],"collection":[{"href":"https:\/\/linitiative.ca\/International\/wp-json\/wp\/v2\/posts"}],"about":[{"href":"https:\/\/linitiative.ca\/International\/wp-json\/wp\/v2\/types\/post"}],"author":[{"embeddable":true,"href":"https:\/\/linitiative.ca\/International\/wp-json\/wp\/v2\/users\/1965"}],"replies":[{"embeddable":true,"href":"https:\/\/linitiative.ca\/International\/wp-json\/wp\/v2\/comments?post=35141"}],"version-history":[{"count":0,"href":"https:\/\/linitiative.ca\/International\/wp-json\/wp\/v2\/posts\/35141\/revisions"}],"wp:attachment":[{"href":"https:\/\/linitiative.ca\/International\/wp-json\/wp\/v2\/media?parent=35141"}],"wp:term":[{"taxonomy":"category","embeddable":true,"href":"https:\/\/linitiative.ca\/International\/wp-json\/wp\/v2\/categories?post=35141"},{"taxonomy":"post_tag","embeddable":true,"href":"https:\/\/linitiative.ca\/International\/wp-json\/wp\/v2\/tags?post=35141"}],"curies":[{"name":"wp","href":"https:\/\/api.w.org\/{rel}","templated":true}]}}