{"id":35143,"date":"2019-05-18T14:18:06","date_gmt":"2019-05-18T18:18:06","guid":{"rendered":"https:\/\/linitiative.ca\/International\/le-gouvernement-annonce-pour-cette-annee-le-demarrage-des-travaux-dextension-du-deuxieme-port-ivoirien\/"},"modified":"2019-05-18T14:18:06","modified_gmt":"2019-05-18T18:18:06","slug":"le-gouvernement-annonce-pour-cette-annee-le-demarrage-des-travaux-dextension-du-deuxieme-port-ivoirien","status":"publish","type":"post","link":"https:\/\/linitiative.ca\/International\/le-gouvernement-annonce-pour-cette-annee-le-demarrage-des-travaux-dextension-du-deuxieme-port-ivoirien\/","title":{"rendered":"Le gouvernement annonce pour \u00ab cette ann\u00e9e \u00bb le d\u00e9marrage des travaux d\u2019extension du deuxi\u00e8me port ivoirien"},"content":{"rendered":"<div readability=\"32\">\n<p>Publi\u00e9 le 18.05.2019 \u00e0 19h18 par APA News<\/p>\n<\/div>\n<div readability=\"98\">\n<p>A l\u2019issue d\u2019une visite des installations portuaires de San-Pedro (397 km Sud-Ouest), le ministre ivoirien des Transports, Amadou Kon\u00e9, a annonc\u00e9, jeudi, pour \u00ab cette ann\u00e9e \u00bb, le d\u00e9marrage des travaux d\u2019extension du Port autonome de San-Pedro \u00ab devenu petit \u00bb, \u00e0 ses yeux.\u00ab La direction g\u00e9n\u00e9rale du Port a port\u00e9 \u00e0 ma connaissance un certain nombre de diligences \u00e0 accomplir que je vais partager tr\u00e8s rapidement avec M. le Premier ministre afin de faire en sorte que d\u00e8s cette ann\u00e9e, les travaux puissent commencer effectivement \u00bb, a dit le ministre Amadou Kon\u00e9, expliquant \u00ab le regain d\u2019activit\u00e9s sur l\u2019ensemble du pays de sorte que de fa\u00e7on cumul\u00e9e pour les deux ports, nous sommes \u00e0 plus de 6% d\u2019augmentation du trafic sur les deux ports.\u00a0<\/p>\n<p>Le Port de San- Pedro dont le taux d\u2019augmentation du trafic avoisine les 8%, selon M. Kon\u00e9, est pass\u00e9 d\u2019une pr\u00e9vision d\u2019un million de tonnes \u00e0 4,5 millions de tonnes par an avec l\u2019espoir d\u2019atteindre 5 millions de tonnes cette ann\u00e9e.<\/p>\n<p>\u00abToujours est-il qu\u2019il y a un besoin important tant pour les marchandises diverses que pour les minerais o\u00f9 il y a une demande tr\u00e8s forte ainsi que pour les hydrocarbures avec une ouverture de plus en plus importante sur certains pays de l\u2019hinterland comme le Mali \u00bb, fait-il remarquer avant de constater que \u00ab le port est devenu petit \u00bb.\u00a0<\/p>\n<p>De ce fait, a r\u00e9v\u00e9l\u00e9 M. Kon\u00e9, \u00a0depuis quelques ann\u00e9es, la direction g\u00e9n\u00e9rale du port et le gouvernement ont travaill\u00e9 sur un programme d\u2019extension du port sur plusieurs aspects qui permettront de faire en sorte qu\u2019 en court terme, le port de San-Pedro puisse avoir une capacit\u00e9 de 10 millions de tonnes par an.\u00a0<\/p>\n<p>\u00ab\u00a0De gros investissements ont commenc\u00e9 au niveau du port de San- Pedro et qui vont se poursuivre. En 2017, nous avons sign\u00e9 avec MSC un protocole d\u2019accord pour l\u2019exploitation du terminal \u00e0 conteneurs en ce qui concerne le transbordement\u00a0\u00bb, a ajout\u00e9 le ministre des Transports,<\/p>\n<p>\u00a0Outre \u00a0le terminal \u00e0 conteneurs, il y a d\u2019autres projets comme le terminal polyvalent \u00a0industriel. \u00ab On doit aller vite pour que le port puisse capter tout le fruit du \u00a0dynamisme \u00e9conomique que le pays connait \u00bb, a admis Amadou Kon\u00e9 qui a, \u00e9galement, relev\u00e9 des d\u00e9fis en termes de \u00ab d\u00e9senclavement \u00bb du port. Ainsi, il a \u00a0annonc\u00e9, le lancement d\u00e8s juillet, le d\u00e9but des travaux du chemin de \u00a0fer reliant Man \u00e0 San-Pedro pour le transport des minerais.<\/p>\n<p>A l\u2019horizon 2035, le Port de San-Pedro mis en service 1972 envisage \u00eatre un port moderne \u00e0 l\u2019\u00e9chelle mondiale gr\u00e2ce \u00e0 la mise en \u0153uvre de son sch\u00e9ma directeur de d\u00e9veloppement qui prend en compte le d\u00e9ploiement de ses projets d\u2019extension.<\/p>\n<p>En marge de la visite des installations du port, le ministre Amadou Kon\u00e9 a \u00a0\u00e9t\u00e9 distingu\u00e9 par la communaut\u00e9 portuaire qui lui a d\u00e9cern\u00e9 le Prix Sp\u00e9cial \u00ab Top Management secteurs maritimes et portuaires \u00bb de la fondation African Ports Awards (APA) pour sa \u00ab vision manag\u00e9riale du secteur transport maritime et portuaire en C\u00f4te d\u2019Ivoire.<\/p>\n<\/div>\n<p>Auteur: APA News<br \/>\n<a href=\"https:\/\/www.journalducameroun.com\/fr\/le-gouvernement-annonce-pour-cette-annee-le-demarrage-des-travaux-dextension-du-deuxieme-port-ivoirien\/\">Cliquez ici pour lire l&rsquo;article depuis sa source.<\/a><\/p>\n","protected":false},"excerpt":{"rendered":"<p>Publi\u00e9 le 18.05.2019 \u00e0 19h18 par APA News A l\u2019issue d\u2019une visite des installations portuaires de San-Pedro (397 km Sud-Ouest), le ministre ivoirien des Transports, Amadou Kon\u00e9, a annonc\u00e9, jeudi, pour \u00ab cette ann\u00e9e \u00bb, le d\u00e9marrage des travaux d\u2019extension du Port autonome de San-Pedro \u00ab devenu petit \u00bb, \u00e0 ses yeux.\u00ab La direction g\u00e9n\u00e9rale [&hellip;]<\/p>\n","protected":false},"author":1965,"featured_media":0,"comment_status":"closed","ping_status":"closed","sticky":false,"template":"","format":"standard","meta":{"fifu_image_url":"","fifu_image_alt":"","footnotes":""},"categories":[73,82],"tags":[],"class_list":["post-35143","post","type-post","status-publish","format-standard","hentry","category-actualite","category-cameroun"],"_links":{"self":[{"href":"https:\/\/linitiative.ca\/International\/wp-json\/wp\/v2\/posts\/35143","targetHints":{"allow":["GET"]}}],"collection":[{"href":"https:\/\/linitiative.ca\/International\/wp-json\/wp\/v2\/posts"}],"about":[{"href":"https:\/\/linitiative.ca\/International\/wp-json\/wp\/v2\/types\/post"}],"author":[{"embeddable":true,"href":"https:\/\/linitiative.ca\/International\/wp-json\/wp\/v2\/users\/1965"}],"replies":[{"embeddable":true,"href":"https:\/\/linitiative.ca\/International\/wp-json\/wp\/v2\/comments?post=35143"}],"version-history":[{"count":0,"href":"https:\/\/linitiative.ca\/International\/wp-json\/wp\/v2\/posts\/35143\/revisions"}],"wp:attachment":[{"href":"https:\/\/linitiative.ca\/International\/wp-json\/wp\/v2\/media?parent=35143"}],"wp:term":[{"taxonomy":"category","embeddable":true,"href":"https:\/\/linitiative.ca\/International\/wp-json\/wp\/v2\/categories?post=35143"},{"taxonomy":"post_tag","embeddable":true,"href":"https:\/\/linitiative.ca\/International\/wp-json\/wp\/v2\/tags?post=35143"}],"curies":[{"name":"wp","href":"https:\/\/api.w.org\/{rel}","templated":true}]}}