{"id":35144,"date":"2019-05-18T14:18:08","date_gmt":"2019-05-18T18:18:08","guid":{"rendered":"https:\/\/linitiative.ca\/International\/le-dernier-bilan-des-affrontements-de-beoumi-en-exergue-a-la-une-des-journaux-ivoiriens\/"},"modified":"2019-05-18T14:18:08","modified_gmt":"2019-05-18T18:18:08","slug":"le-dernier-bilan-des-affrontements-de-beoumi-en-exergue-a-la-une-des-journaux-ivoiriens","status":"publish","type":"post","link":"https:\/\/linitiative.ca\/International\/le-dernier-bilan-des-affrontements-de-beoumi-en-exergue-a-la-une-des-journaux-ivoiriens\/","title":{"rendered":"Le dernier bilan des affrontements de B\u00e9oumi en exergue \u00e0 la Une des journaux ivoiriens"},"content":{"rendered":"<div readability=\"32\">\n<p>Publi\u00e9 le 18.05.2019 \u00e0 19h18 par APA News<\/p>\n<\/div>\n<div readability=\"54\">\n<p>Les journaux quotidiens ivoiriens parus samedi sur l\u2019ensemble du territoire national se font l\u2019\u00e9cho du dernier bilan officiel du conflit intercommunautaire qui secoue la ville de B\u00e9oumi (Centre-Nord) depuis mercredi dernier.\u00ab Affrontements sanglants \u00e0 B\u00e9oumi : le bilan monte \u00e0 9 morts et 84 bless\u00e9s \u00bb, renseigne Le Temps \u00e0 c\u00f4t\u00e9 de L\u2019Inter qui parle d\u2019un bilan qui s\u2019alourdit, passant de 3 \u00e0 9 morts.<\/p>\n<p>De son c\u00f4t\u00e9, Soir Info croit savoir ce que les 2 camps ennemis de B\u00e9oumi ont d\u00e9cid\u00e9 de faire pour laver le sang vers\u00e9 au cours du conflit qui les oppose depuis mercredi dernier.<\/p>\n<p>Les bless\u00e9s continuent d\u2019affluer tandis que la ville est aux mains des forces de l\u2019ordre, fait ensuite remarquer ce journal.<\/p>\n<p>Le ministre Sidi Tour\u00e9 rend visite aux bless\u00e9s, rapporte Le Patriote, l\u00e0 o\u00f9 Le Nouveau R\u00e9veil s\u2019interroge \u00ab d\u2019o\u00f9 sont venues les armes aux mains des civils \u00e0 B\u00e9oumi ?\u00bb<\/p>\n<p>Ce qui fait dire \u00e0 Le Temps que le Front populaire ivoirien (FPI, opposition) exige le d\u00e9sarmement des milices du r\u00e9gime.<\/p>\n<\/div>\n<p>Auteur: APA News<br \/>\n<a href=\"https:\/\/www.journalducameroun.com\/fr\/le-dernier-bilan-des-affrontements-de-beoumi-en-exergue-a-la-une-des-journaux-ivoiriens\/\">Cliquez ici pour lire l&rsquo;article depuis sa source.<\/a><\/p>\n","protected":false},"excerpt":{"rendered":"<p>Publi\u00e9 le 18.05.2019 \u00e0 19h18 par APA News Les journaux quotidiens ivoiriens parus samedi sur l\u2019ensemble du territoire national se font l\u2019\u00e9cho du dernier bilan officiel du conflit intercommunautaire qui secoue la ville de B\u00e9oumi (Centre-Nord) depuis mercredi dernier.\u00ab Affrontements sanglants \u00e0 B\u00e9oumi : le bilan monte \u00e0 9 morts et 84 bless\u00e9s \u00bb, renseigne [&hellip;]<\/p>\n","protected":false},"author":1965,"featured_media":0,"comment_status":"closed","ping_status":"closed","sticky":false,"template":"","format":"standard","meta":{"fifu_image_url":"","fifu_image_alt":"","footnotes":""},"categories":[73,82],"tags":[],"class_list":["post-35144","post","type-post","status-publish","format-standard","hentry","category-actualite","category-cameroun"],"_links":{"self":[{"href":"https:\/\/linitiative.ca\/International\/wp-json\/wp\/v2\/posts\/35144","targetHints":{"allow":["GET"]}}],"collection":[{"href":"https:\/\/linitiative.ca\/International\/wp-json\/wp\/v2\/posts"}],"about":[{"href":"https:\/\/linitiative.ca\/International\/wp-json\/wp\/v2\/types\/post"}],"author":[{"embeddable":true,"href":"https:\/\/linitiative.ca\/International\/wp-json\/wp\/v2\/users\/1965"}],"replies":[{"embeddable":true,"href":"https:\/\/linitiative.ca\/International\/wp-json\/wp\/v2\/comments?post=35144"}],"version-history":[{"count":0,"href":"https:\/\/linitiative.ca\/International\/wp-json\/wp\/v2\/posts\/35144\/revisions"}],"wp:attachment":[{"href":"https:\/\/linitiative.ca\/International\/wp-json\/wp\/v2\/media?parent=35144"}],"wp:term":[{"taxonomy":"category","embeddable":true,"href":"https:\/\/linitiative.ca\/International\/wp-json\/wp\/v2\/categories?post=35144"},{"taxonomy":"post_tag","embeddable":true,"href":"https:\/\/linitiative.ca\/International\/wp-json\/wp\/v2\/tags?post=35144"}],"curies":[{"name":"wp","href":"https:\/\/api.w.org\/{rel}","templated":true}]}}