{"id":35145,"date":"2019-05-18T14:50:02","date_gmt":"2019-05-18T18:50:02","guid":{"rendered":"https:\/\/linitiative.ca\/International\/afrique-du-sud-arnold-schwarzenegger-attaque-pendant-un-evenement-sportif\/"},"modified":"2019-05-18T14:50:02","modified_gmt":"2019-05-18T18:50:02","slug":"afrique-du-sud-arnold-schwarzenegger-attaque-pendant-un-evenement-sportif","status":"publish","type":"post","link":"https:\/\/linitiative.ca\/International\/afrique-du-sud-arnold-schwarzenegger-attaque-pendant-un-evenement-sportif\/","title":{"rendered":"Afrique du Sud: Arnold Schwarzenegger attaqu\u00e9 pendant un \u00e9v\u00e9nement sportif"},"content":{"rendered":"<div readability=\"32\">\n<p>Publi\u00e9 le 18.05.2019 \u00e0 19h50 par AFP<\/p>\n<\/div>\n<div readability=\"65\">\n<p>L\u2019acteur hollywoodien Arnold Schwarzenegger a \u00e9t\u00e9 attaqu\u00e9 samedi \u00e0 Johannesburg par un homme qui lui a donn\u00e9 un coup de pied dans le dos au cours d\u2019un \u00e9v\u00e9nement sportif qu\u2019il avait organis\u00e9.<\/p>\n<p>\u00ab\u00a0Merci de vos pr\u00e9occupations, mais il n\u2019y a pas \u00e0 s\u2019inqui\u00e9ter\u00a0\u00bb, a d\u00e9clar\u00e9 Schwarzenegger, \u00e2g\u00e9 de 71 ans, sur Twitter.<\/p>\n<p>L\u2019acteur et ancien gouverneur de Californie discutait avec ses fans au Sandton Convention Centre de Johannesburg lorsqu\u2019un homme a fait un bond en avant et lui a donn\u00e9 un coup de pied dans le dos.<\/p>\n<p>\u00ab\u00a0Je pensais que j\u2019\u00e9tais juste bouscul\u00e9 par la foule, ce qui arrive souvent. J\u2019ai r\u00e9alis\u00e9 que j\u2019avais re\u00e7u un coup de pied quand j\u2019ai vu la vid\u00e9o, comme vous tous. Je suis content que cet idiot n\u2019ait pas interrompu mon Snapchat\u00a0\u00bb.<\/p>\n<p>Schwarzenegger \u00e9tait \u00e0 Johannesburg pour l\u2019Arnold Classic Africa, un festival annuel international de multisports.<\/p>\n<p>\u00ab\u00a0Il a \u00e9t\u00e9 malheureusement attaqu\u00e9 par surprise par un supporter fou alors qu\u2019il fait une tourn\u00e9e de soutien aux athl\u00e8tes,\u00a0\u00bb ont d\u00e9clar\u00e9 les organisateurs, ajoutant que l\u2019assaillant, arr\u00eat\u00e9 dans la foul\u00e9e, \u00e9tait connu de la police pour des incidents similaires.<\/p>\n<p>Schwarzenegger a d\u00e9clar\u00e9 aux organisateurs qu\u2019il ne porterait pas plainte.<\/p>\n<\/div>\n<p>Auteur: AFP<br \/>\n<a href=\"https:\/\/www.journalducameroun.com\/fr\/afrique-du-sud-arnold-schwarzenegger-attaque-pendant-un-evenement-sportif\/\">Cliquez ici pour lire l&rsquo;article depuis sa source.<\/a><\/p>\n","protected":false},"excerpt":{"rendered":"<p>Publi\u00e9 le 18.05.2019 \u00e0 19h50 par AFP L\u2019acteur hollywoodien Arnold Schwarzenegger a \u00e9t\u00e9 attaqu\u00e9 samedi \u00e0 Johannesburg par un homme qui lui a donn\u00e9 un coup de pied dans le dos au cours d\u2019un \u00e9v\u00e9nement sportif qu\u2019il avait organis\u00e9. \u00ab\u00a0Merci de vos pr\u00e9occupations, mais il n\u2019y a pas \u00e0 s\u2019inqui\u00e9ter\u00a0\u00bb, a d\u00e9clar\u00e9 Schwarzenegger, \u00e2g\u00e9 de [&hellip;]<\/p>\n","protected":false},"author":1965,"featured_media":0,"comment_status":"closed","ping_status":"closed","sticky":false,"template":"","format":"standard","meta":{"fifu_image_url":"","fifu_image_alt":"","footnotes":""},"categories":[73,82],"tags":[],"class_list":["post-35145","post","type-post","status-publish","format-standard","hentry","category-actualite","category-cameroun"],"_links":{"self":[{"href":"https:\/\/linitiative.ca\/International\/wp-json\/wp\/v2\/posts\/35145","targetHints":{"allow":["GET"]}}],"collection":[{"href":"https:\/\/linitiative.ca\/International\/wp-json\/wp\/v2\/posts"}],"about":[{"href":"https:\/\/linitiative.ca\/International\/wp-json\/wp\/v2\/types\/post"}],"author":[{"embeddable":true,"href":"https:\/\/linitiative.ca\/International\/wp-json\/wp\/v2\/users\/1965"}],"replies":[{"embeddable":true,"href":"https:\/\/linitiative.ca\/International\/wp-json\/wp\/v2\/comments?post=35145"}],"version-history":[{"count":0,"href":"https:\/\/linitiative.ca\/International\/wp-json\/wp\/v2\/posts\/35145\/revisions"}],"wp:attachment":[{"href":"https:\/\/linitiative.ca\/International\/wp-json\/wp\/v2\/media?parent=35145"}],"wp:term":[{"taxonomy":"category","embeddable":true,"href":"https:\/\/linitiative.ca\/International\/wp-json\/wp\/v2\/categories?post=35145"},{"taxonomy":"post_tag","embeddable":true,"href":"https:\/\/linitiative.ca\/International\/wp-json\/wp\/v2\/tags?post=35145"}],"curies":[{"name":"wp","href":"https:\/\/api.w.org\/{rel}","templated":true}]}}