{"id":35146,"date":"2019-05-18T15:18:04","date_gmt":"2019-05-18T19:18:04","guid":{"rendered":"https:\/\/linitiative.ca\/International\/guinee-des-pluies-diluviennes-font-5-morts-a-conakry\/"},"modified":"2019-05-18T15:18:04","modified_gmt":"2019-05-18T19:18:04","slug":"guinee-des-pluies-diluviennes-font-5-morts-a-conakry","status":"publish","type":"post","link":"https:\/\/linitiative.ca\/International\/guinee-des-pluies-diluviennes-font-5-morts-a-conakry\/","title":{"rendered":"Guin\u00e9e : des pluies diluviennes font 5 morts \u00e0 Conakry"},"content":{"rendered":"<div readability=\"32\">\n<p>Publi\u00e9 le 18.05.2019 \u00e0 20h18 par APA News<\/p>\n<\/div>\n<div readability=\"47\">\n<p>Des pluies diluviennes ont caus\u00e9 la mort de 5 personnes issues d\u2019une m\u00eame famille \u00e0 Conakry, pr\u00e9cis\u00e9ment dans la commune de Matam, a appris APA samedi de sources m\u00e9diatiques.Les autorit\u00e9s de la commune de Matam ont confirm\u00e9 ce samedi le d\u00e9c\u00e8s de 5 personnes (N\u2019na Cir\u00e9, Abdoulaye Sylla, M\u2019ma Adama, Amadou Soumah et Mawa Sylla, tous membres d\u2019une m\u00eame famille) et d\u2019importants d\u00e9g\u00e2ts mat\u00e9riels \u00e0 Mackia Tour\u00e9 dans le quartier Dabondy 2, \u00e0 la suite de pluies torrentielles qui se sont abattues hier nuit \u00e0 Conakry.<\/p>\n<p>La mairie de Matam souligne que les constructions anarchiques sur les canalisations, o\u00f9 les caniveaux sont bouch\u00e9s par les ordures, sont les causes de ce drame.<\/p>\n<\/div>\n<p>Auteur: APA News<br \/>\n<a href=\"https:\/\/www.journalducameroun.com\/fr\/guinee-des-pluies-diluviennes-font-5-morts-a-conakry\/\">Cliquez ici pour lire l&rsquo;article depuis sa source.<\/a><\/p>\n","protected":false},"excerpt":{"rendered":"<p>Publi\u00e9 le 18.05.2019 \u00e0 20h18 par APA News Des pluies diluviennes ont caus\u00e9 la mort de 5 personnes issues d\u2019une m\u00eame famille \u00e0 Conakry, pr\u00e9cis\u00e9ment dans la commune de Matam, a appris APA samedi de sources m\u00e9diatiques.Les autorit\u00e9s de la commune de Matam ont confirm\u00e9 ce samedi le d\u00e9c\u00e8s de 5 personnes (N\u2019na Cir\u00e9, Abdoulaye [&hellip;]<\/p>\n","protected":false},"author":1965,"featured_media":0,"comment_status":"closed","ping_status":"closed","sticky":false,"template":"","format":"standard","meta":{"fifu_image_url":"","fifu_image_alt":"","footnotes":""},"categories":[73,82],"tags":[],"class_list":["post-35146","post","type-post","status-publish","format-standard","hentry","category-actualite","category-cameroun"],"_links":{"self":[{"href":"https:\/\/linitiative.ca\/International\/wp-json\/wp\/v2\/posts\/35146","targetHints":{"allow":["GET"]}}],"collection":[{"href":"https:\/\/linitiative.ca\/International\/wp-json\/wp\/v2\/posts"}],"about":[{"href":"https:\/\/linitiative.ca\/International\/wp-json\/wp\/v2\/types\/post"}],"author":[{"embeddable":true,"href":"https:\/\/linitiative.ca\/International\/wp-json\/wp\/v2\/users\/1965"}],"replies":[{"embeddable":true,"href":"https:\/\/linitiative.ca\/International\/wp-json\/wp\/v2\/comments?post=35146"}],"version-history":[{"count":0,"href":"https:\/\/linitiative.ca\/International\/wp-json\/wp\/v2\/posts\/35146\/revisions"}],"wp:attachment":[{"href":"https:\/\/linitiative.ca\/International\/wp-json\/wp\/v2\/media?parent=35146"}],"wp:term":[{"taxonomy":"category","embeddable":true,"href":"https:\/\/linitiative.ca\/International\/wp-json\/wp\/v2\/categories?post=35146"},{"taxonomy":"post_tag","embeddable":true,"href":"https:\/\/linitiative.ca\/International\/wp-json\/wp\/v2\/tags?post=35146"}],"curies":[{"name":"wp","href":"https:\/\/api.w.org\/{rel}","templated":true}]}}