{"id":35147,"date":"2019-05-18T15:18:06","date_gmt":"2019-05-18T19:18:06","guid":{"rendered":"https:\/\/linitiative.ca\/International\/can-u17-decision-de-la-caf-la-feguifoot-parle-de-decision-erronee\/"},"modified":"2019-05-18T15:18:06","modified_gmt":"2019-05-18T19:18:06","slug":"can-u17-decision-de-la-caf-la-feguifoot-parle-de-decision-erronee","status":"publish","type":"post","link":"https:\/\/linitiative.ca\/International\/can-u17-decision-de-la-caf-la-feguifoot-parle-de-decision-erronee\/","title":{"rendered":"Can U17-d\u00e9cision de la CAF : la Feguifoot parle de d\u00e9cision \u00ab erron\u00e9e \u00bb"},"content":{"rendered":"<div readability=\"32\">\n<p>Publi\u00e9 le 18.05.2019 \u00e0 20h18 par APA News<\/p>\n<\/div>\n<div readability=\"60\">\n<p>La F\u00e9d\u00e9ration Guin\u00e9enne de football (Feguifoot) a r\u00e9agi, samedi, dans un communiqu\u00e9 aux sanctions du jury disciplinaire de la CAF qui prive la Guin\u00e9e d\u2019une participation \u00e0 la Coupe du monde U17 pour fraude sur l\u2019\u00e2ge, constat\u00e9e sur deux joueurs de la s\u00e9lection.\u00ab Cette d\u00e9cision est manifestement erron\u00e9e. Elle semble n\u2019avoir pas \u00e9t\u00e9 prise sur la base des \u00e9l\u00e9ments dont dispose la F\u00e9d\u00e9ration guin\u00e9enne et qui \u00e9tablissent clairement le bon droit de celle-ci \u00bb, lit-on dans le communiqu\u00e9 de l\u2019instance dirigeante du football guin\u00e9en, qui souligne dans la foul\u00e9e que les \u00e9l\u00e9ments (passeports biom\u00e9triques, actes d\u2019\u00e9tat civil, documents m\u00e9dicaux) confirment les premi\u00e8res d\u00e9cisions de la CAF ayant retenu la l\u00e9gitimit\u00e9 des deux joueurs \u00e0 disputer la comp\u00e9tition concern\u00e9e.<\/p>\n<p>\u00ab La F\u00e9d\u00e9ration Guin\u00e9enne de Football a donc imm\u00e9diatement fait appel de cette d\u00e9cision erron\u00e9e. Elle demeure extr\u00eamement sereine quant au r\u00e9tablissement, dans les plus brefs d\u00e9lais, de la v\u00e9rit\u00e9 des faits et des r\u00e9sultats sportifs \u00bb, \u00a0poursuit le communiqu\u00e9.<\/p>\n<p>Pour rappel, le jury disciplinaire de la CAF a d\u00e9cid\u00e9 d\u2019exclure la Guin\u00e9e, finaliste de la derni\u00e8re \u00e9dition de la CAN U17 en Tanzanie pour fraude sur l\u2019\u00e2ge constat\u00e9e sur deux de ses joueurs. La Guin\u00e9e doit aussi s\u2019acquitter d\u2019une amende de 100 mille dollars et sera exclue des \u00e9ditions de la CAN U17 en 2021 et 2023. Les deux joueurs incrimin\u00e9s sont interdits de toute activit\u00e9 li\u00e9e \u00e0 la pratique du football pour une dur\u00e9e de 2 ans.<\/p>\n<p>\u00a0En outre, le jury disciplinaire de la CAF a demand\u00e9 au comit\u00e9 ex\u00e9cutif de la CAF d\u2019approuver la qualification du S\u00e9n\u00e9gal \u00e0 la prochaine coupe du monde U17 en novembre prochain.<\/p>\n<\/div>\n<p>Auteur: APA News<br \/>\n<a href=\"https:\/\/www.journalducameroun.com\/fr\/can-u17-decision-de-la-caf-la-feguifoot-parle-de-decision-erronee\/\">Cliquez ici pour lire l&rsquo;article depuis sa source.<\/a><\/p>\n","protected":false},"excerpt":{"rendered":"<p>Publi\u00e9 le 18.05.2019 \u00e0 20h18 par APA News La F\u00e9d\u00e9ration Guin\u00e9enne de football (Feguifoot) a r\u00e9agi, samedi, dans un communiqu\u00e9 aux sanctions du jury disciplinaire de la CAF qui prive la Guin\u00e9e d\u2019une participation \u00e0 la Coupe du monde U17 pour fraude sur l\u2019\u00e2ge, constat\u00e9e sur deux joueurs de la s\u00e9lection.\u00ab Cette d\u00e9cision est manifestement [&hellip;]<\/p>\n","protected":false},"author":1965,"featured_media":0,"comment_status":"closed","ping_status":"closed","sticky":false,"template":"","format":"standard","meta":{"fifu_image_url":"","fifu_image_alt":"","footnotes":""},"categories":[73,82],"tags":[],"class_list":["post-35147","post","type-post","status-publish","format-standard","hentry","category-actualite","category-cameroun"],"_links":{"self":[{"href":"https:\/\/linitiative.ca\/International\/wp-json\/wp\/v2\/posts\/35147","targetHints":{"allow":["GET"]}}],"collection":[{"href":"https:\/\/linitiative.ca\/International\/wp-json\/wp\/v2\/posts"}],"about":[{"href":"https:\/\/linitiative.ca\/International\/wp-json\/wp\/v2\/types\/post"}],"author":[{"embeddable":true,"href":"https:\/\/linitiative.ca\/International\/wp-json\/wp\/v2\/users\/1965"}],"replies":[{"embeddable":true,"href":"https:\/\/linitiative.ca\/International\/wp-json\/wp\/v2\/comments?post=35147"}],"version-history":[{"count":0,"href":"https:\/\/linitiative.ca\/International\/wp-json\/wp\/v2\/posts\/35147\/revisions"}],"wp:attachment":[{"href":"https:\/\/linitiative.ca\/International\/wp-json\/wp\/v2\/media?parent=35147"}],"wp:term":[{"taxonomy":"category","embeddable":true,"href":"https:\/\/linitiative.ca\/International\/wp-json\/wp\/v2\/categories?post=35147"},{"taxonomy":"post_tag","embeddable":true,"href":"https:\/\/linitiative.ca\/International\/wp-json\/wp\/v2\/tags?post=35147"}],"curies":[{"name":"wp","href":"https:\/\/api.w.org\/{rel}","templated":true}]}}