{"id":35148,"date":"2019-05-18T17:18:03","date_gmt":"2019-05-18T21:18:03","guid":{"rendered":"https:\/\/linitiative.ca\/International\/gbissau-le-leader-de-lapu-pdgb-pret-a-se-representer-a-la-presidentielle\/"},"modified":"2019-05-18T17:18:03","modified_gmt":"2019-05-18T21:18:03","slug":"gbissau-le-leader-de-lapu-pdgb-pret-a-se-representer-a-la-presidentielle","status":"publish","type":"post","link":"https:\/\/linitiative.ca\/International\/gbissau-le-leader-de-lapu-pdgb-pret-a-se-representer-a-la-presidentielle\/","title":{"rendered":"G\u2019Bissau : Le leader de l\u2019APU-PDGB pr\u00eat \u00e0 se repr\u00e9senter \u00e0 la pr\u00e9sidentielle"},"content":{"rendered":"<div readability=\"32\">\n<p>Publi\u00e9 le 18.05.2019 \u00e0 22h18 par APA News<\/p>\n<\/div>\n<div readability=\"91\">\n<p>Vaincu par Jos\u00e9 M\u00e1rio Vaz lors du second tour de la pr\u00e9sidentielle de 2014, le chef de l\u2019APU-PDGB, Nuno Nabiam s\u2019est dit pr\u00eat \u00e0 nouveau \u00e0 se repr\u00e9senter \u00e0 la prochaine \u00e9lection pr\u00e9sidentielle qui doit se tenir en principe en novembre 2019, puisque le mandat de Jos\u00e9 Mario Vaz prend fin le 23 juin.Le mandat de Jos\u00e9 M\u00e1rio Vaz prend fin le 23 juin prochain. Pour l\u2019instant, la date de la prochaine pr\u00e9sidentielle n\u2019est pas encore connue. Alors qu\u2019un nouveau gouvernement tarde \u00e0 se mettre en place apr\u00e8s les l\u00e9gislatives, Nuno Nabiam, chef du Parti du peuple uni-Parti d\u00e9mocratique pour la Guin\u00e9e-Bissau (APU-PDGB), a affirm\u00e9 ce samedi lors d\u2019un point de presse, qu\u2019il pourrait \u00e0 la prochaine \u00e9lection pr\u00e9sidentielle pr\u00e9vue \u00e0 la fin de l\u2019ann\u00e9e \u00e9voquant un soutien possible du PAIGC. \u00a0<\/p>\n<p>\u00ab\u00a0Naturellement, je peux \u00eatre candidat, je suis pr\u00eat \u00e0 participer aux \u00e9lections, mais j\u2019attends que le parti se prononce sur le sujet\u00a0\u00bb, a d\u00e9clar\u00e9 Nabiam au public. \u00ab\u00a0Mon parti analyse la question et se prononcera au bon moment\u00a0\u00bb, a-t-il ajout\u00e9.<\/p>\n<p>Selon le candidat malheureux au deuxi\u00e8me tour de l\u2019\u00e9lection pr\u00e9sidentielle bissau-guin\u00e9enne de 2014, son parti ne soul\u00e8ve aucune objection \u00e0 ce que l\u2019\u00e9lection pr\u00e9sidentielle ait lieu \u00e0 la date sugg\u00e9r\u00e9e par la Commission nationale \u00e9lectorale. \u00ab\u00a0Nous ne nous opposons pas \u00e0 la date du 3 novembre, nous souhaitons simplement que la date soit officiellement annonc\u00e9e afin que chacun puisse commencer \u00e0 faire notre travail de base\u00a0\u00bb, a-t-il d\u00e9clar\u00e9.\u00a0<\/p>\n<p>Evoquant la prorogation du mandat de Jos\u00e9 M\u00e1rio Vaz jusqu\u2019en novembre, Nabiam n\u2019y voit pas trop d\u2019inconvenients: \u00ab\u00a0Cela ne g\u00eanera pas le nouveau gouvernement et cela ne nous pose pas de probl\u00e8me\u00a0\u00bb.<\/p>\n<p>L\u2019APU-PDGB s\u2019est class\u00e9e quatri\u00e8me lors des \u00e9lections l\u00e9gislatives du 10 mars avec cinq d\u00e9put\u00e9s, acceptant de rejoindre le PAIGC, qui a remport\u00e9 les \u00e9lections sans avoir obtenu la majorit\u00e9 absolue (47 d\u00e9put\u00e9s sur 102), afin de gouverner dans la stabilit\u00e9.\u00a0<\/p>\n<p>Le parti de Nabiam aura des postes minist\u00e9riels dans le nouvel ex\u00e9cutif de Domingos Sim\u00f5es Pereira, comme l\u2019a confirm\u00e9 son chef: \u00ab\u00a0L\u2019APU a sign\u00e9 un accord avec le PAIGC, cet accord pr\u00e9voit de faire partie du gouvernement\u00a0\u00bb. Cependant, ce n\u2019est que lorsque le pr\u00e9sident nommera le Premier ministre que \u00ab\u00a0nous discuterons avec le PAIGC des portefeuilles et des places dans le gouvernement\u00a0\u00bb.<\/p>\n<p>De cet accord de gouvernance, l\u2019appui du PAIGC peut \u00e9galement venir \u00e0 ma candidature, bien que, comme l\u2019a dit le chef de l\u2019APU au public, rien n\u2019ait encore \u00e9t\u00e9 convenu : \u00ab\u00a0Si nous participons aux \u00e9lections pr\u00e9sidentielles, nous pouvons n\u00e9gocier avec le PAIGC, mais c\u2019est quelque chose \u00e0 discuter\u00a0\u00bb.<\/p>\n<\/div>\n<p>Auteur: APA News<br \/>\n<a href=\"https:\/\/www.journalducameroun.com\/fr\/gbissau-le-leader-de-lapu-pdgb-pret-a-se-representer-a-la-presidentielle\/\">Cliquez ici pour lire l&rsquo;article depuis sa source.<\/a><\/p>\n","protected":false},"excerpt":{"rendered":"<p>Publi\u00e9 le 18.05.2019 \u00e0 22h18 par APA News Vaincu par Jos\u00e9 M\u00e1rio Vaz lors du second tour de la pr\u00e9sidentielle de 2014, le chef de l\u2019APU-PDGB, Nuno Nabiam s\u2019est dit pr\u00eat \u00e0 nouveau \u00e0 se repr\u00e9senter \u00e0 la prochaine \u00e9lection pr\u00e9sidentielle qui doit se tenir en principe en novembre 2019, puisque le mandat de Jos\u00e9 [&hellip;]<\/p>\n","protected":false},"author":1965,"featured_media":0,"comment_status":"closed","ping_status":"closed","sticky":false,"template":"","format":"standard","meta":{"fifu_image_url":"","fifu_image_alt":"","footnotes":""},"categories":[73,82],"tags":[],"class_list":["post-35148","post","type-post","status-publish","format-standard","hentry","category-actualite","category-cameroun"],"_links":{"self":[{"href":"https:\/\/linitiative.ca\/International\/wp-json\/wp\/v2\/posts\/35148","targetHints":{"allow":["GET"]}}],"collection":[{"href":"https:\/\/linitiative.ca\/International\/wp-json\/wp\/v2\/posts"}],"about":[{"href":"https:\/\/linitiative.ca\/International\/wp-json\/wp\/v2\/types\/post"}],"author":[{"embeddable":true,"href":"https:\/\/linitiative.ca\/International\/wp-json\/wp\/v2\/users\/1965"}],"replies":[{"embeddable":true,"href":"https:\/\/linitiative.ca\/International\/wp-json\/wp\/v2\/comments?post=35148"}],"version-history":[{"count":0,"href":"https:\/\/linitiative.ca\/International\/wp-json\/wp\/v2\/posts\/35148\/revisions"}],"wp:attachment":[{"href":"https:\/\/linitiative.ca\/International\/wp-json\/wp\/v2\/media?parent=35148"}],"wp:term":[{"taxonomy":"category","embeddable":true,"href":"https:\/\/linitiative.ca\/International\/wp-json\/wp\/v2\/categories?post=35148"},{"taxonomy":"post_tag","embeddable":true,"href":"https:\/\/linitiative.ca\/International\/wp-json\/wp\/v2\/tags?post=35148"}],"curies":[{"name":"wp","href":"https:\/\/api.w.org\/{rel}","templated":true}]}}