{"id":35167,"date":"2019-05-19T05:00:18","date_gmt":"2019-05-19T09:00:18","guid":{"rendered":"https:\/\/linitiative.ca\/International\/12-classes-bioclimatiques-seront-construites-a-agadir\/"},"modified":"2019-05-19T05:00:18","modified_gmt":"2019-05-19T09:00:18","slug":"12-classes-bioclimatiques-seront-construites-a-agadir","status":"publish","type":"post","link":"https:\/\/linitiative.ca\/International\/12-classes-bioclimatiques-seront-construites-a-agadir\/","title":{"rendered":"12 classes bioclimatiques seront construites \u00e0 Agadir"},"content":{"rendered":"<p><img decoding=\"async\" class=\"post_layout_5_img\" src=\"http:\/\/aujourdhui.ma\/wp-content\/uploads\/2019\/05\/La-province-d%E2%80%99Agadir-Ida-Outanane-sera-dote%CC%81e-de-12-classes-bioclimatiques.jpg?x29840\" alt=\"12 classes bioclimatiques seront construites \u00e0 Agadir\"\/><\/p>\n<p class=\"p1\"><span class=\"c4\"><strong><em>La ville veut devenir leader au niveau national<\/em><\/strong><\/span> <span id=\"more-311389\"\/><\/p>\n<p><em>La construction de ces classes bioclimatiques adapt\u00e9es aux conditions climatiques locales permettra une am\u00e9lioration significative du confort thermique\u00a0<\/em><em>et acoustique.<\/em><\/p>\n<p class=\"p1\"><span class=\"s1\">La province d\u2019Agadir Ida Outanane sera dot\u00e9e de 12 classes bioclimatiques, fruit d\u2019une convention de partenariat entre la direction provinciale du minist\u00e8re de l\u2019\u00e9ducation nationale d\u2019Agadir,<span class=\"Apple-converted-space\">\u00a0<\/span> la fondation fran\u00e7aise GoodPlanet et le conseil provincial d\u2019Agadir Ida Outanane qui vient de l\u2019approuver dans sa session ordinaire tenue mardi.<\/span><\/p>\n<p class=\"p1\"><span class=\"s1\">Afin d\u2019am\u00e9liorer les conditions d\u2019accueil dans les \u00e9coles, GoodPlanet m\u00e8nera \u00e0 Agadir en partenariat avec ses associ\u00e9s locaux un programme de construction de 12 classes bioclimatiques utilisant des mat\u00e9riaux locaux et naturels s\u2019appuyant sur les savoir-faire traditionnels tout en y apportant des innovations. Ce projet qui fera d\u2019Agadir un leader national en \u00e9coles bioclimatiques attachera \u00e9galement une importance toute particuli\u00e8re \u00e0 l\u2019am\u00e9nagement ext\u00e9rieur: cour et jardin potager biologique irrigu\u00e9 en goutte-\u00e0-goutte pour sensibiliser les \u00e9l\u00e8ves (3-12 ans) et enseignants \u00e0 la pr\u00e9servation de l\u2019environnement.<\/span><\/p>\n<p class=\"p1\"><span class=\"s1\">Ces classes auront le privil\u00e8ge de l\u2019utilisation de mat\u00e9riaux naturels, disponibles sur place et peu transform\u00e9s pour limiter l\u2019impact environnemental du b\u00e2timent : galets de la rivi\u00e8re, terre crue, paille, bois et roseaux.<\/span><\/p>\n<p class=\"p1\"><span class=\"s1\">Associ\u00e9e \u00e0 des techniques d\u2019efficacit\u00e9 \u00e9nerg\u00e9tique (orientation du b\u00e2timent, disposition des fen\u00eatres, isolation thermique), la construction de ces classes bioclimatiques adapt\u00e9es aux conditions climatiques locales permettra une am\u00e9lioration significative du confort thermique et acoustique.<\/span><\/p>\n<p class=\"p1\"><span class=\"s1\">Ces classes ont plusieurs b\u00e9n\u00e9fices ; d\u2019abord environnementaux \u00e0 travers l\u2019utilisation de mat\u00e9riaux de construction locaux (b\u00e2timents \u00e0 faible empreinte carbone), bilan \u00e9nerg\u00e9tique faible pour la construction, et plus d\u2019efficacit\u00e9 \u00e9nerg\u00e9tique dans l\u2019utilisation des b\u00e2timents,<span class=\"Apple-converted-space\">\u00a0<\/span> ainsi que des b\u00e9n\u00e9fices \u00e9conomiques et sociaux, via la valorisation des artisans locaux et la formation et le transfert de comp\u00e9tences.<\/span><\/p>\n<p class=\"p1\"><span class=\"s1\">D\u2019apr\u00e8s la fondation<em>, \u00abla construction de classes bioclimatiques a pour objectif de cr\u00e9er des infrastructures confortables et polyvalentes, qui seront susceptibles de g\u00e9n\u00e9rer des synergies entre les enfants du village, leurs familles, les institutions locales et le paysage arganier au sein duquel ils s\u2019ins\u00e9reraient. Cet outil p\u00e9dagogique est ainsi destin\u00e9 \u00e0 la communaut\u00e9 tout enti\u00e8re, qui souhaitait pouvoir en disposer pour accueillir les initiatives locales et les manifestations de toute nature, au b\u00e9n\u00e9fice des enfants\u00bb.<\/em><\/span><\/p>\n<p class=\"p1\"><span class=\"s1\">Notons que cette fondation attache \u00e9galement une importance toute particuli\u00e8re \u00e0 la sensibilisation environnementale des enfants et des enseignants par la mise en place de jardins mis en \u0153uvre par les \u00e9l\u00e8ves et enseignants en agriculture biologique et en irrigation par goutte-\u00e0-goutte.<\/span><\/p>\n<p class=\"p1\"><span class=\"s1\">Pour rappel, depuis 2012, 8 \u00e9coles bioclimatiques, 5 jardins et 7 serres solaires ont \u00e9t\u00e9 construits en Inde, au Maroc et en Ha\u00efti, offrant \u00e0 3.400 enfants l\u2019acc\u00e8s \u00e0 l\u2019\u00e9ducation dans de meilleures conditions, dont deux \u00e9coles situ\u00e9es dans la commune de Drarga \u00e0 une dizaine de kilom\u00e8tres d\u2019Agadir.<\/span><\/p>\n<p>Auteur: Mohamed Laabid<br \/>\n<a href=\"http:\/\/aujourdhui.ma\/societe\/12-classes-bioclimatiques-seront-construites-a-agadir\">Cliquez ici pour lire l&rsquo;article depuis sa source.<\/a><\/p>\n","protected":false},"excerpt":{"rendered":"<p>La ville veut devenir leader au niveau national La construction de ces classes bioclimatiques adapt\u00e9es aux conditions climatiques locales permettra une am\u00e9lioration significative du confort thermique\u00a0et acoustique. La province d\u2019Agadir Ida Outanane sera dot\u00e9e de 12 classes bioclimatiques, fruit d\u2019une convention de partenariat entre la direction provinciale du minist\u00e8re de l\u2019\u00e9ducation nationale d\u2019Agadir,\u00a0 la fondation [&hellip;]<\/p>\n","protected":false},"author":1759,"featured_media":0,"comment_status":"closed","ping_status":"closed","sticky":false,"template":"","format":"standard","meta":{"fifu_image_url":"","fifu_image_alt":"","footnotes":""},"categories":[73,54],"tags":[],"class_list":["post-35167","post","type-post","status-publish","format-standard","hentry","category-actualite","category-maroc"],"_links":{"self":[{"href":"https:\/\/linitiative.ca\/International\/wp-json\/wp\/v2\/posts\/35167","targetHints":{"allow":["GET"]}}],"collection":[{"href":"https:\/\/linitiative.ca\/International\/wp-json\/wp\/v2\/posts"}],"about":[{"href":"https:\/\/linitiative.ca\/International\/wp-json\/wp\/v2\/types\/post"}],"author":[{"embeddable":true,"href":"https:\/\/linitiative.ca\/International\/wp-json\/wp\/v2\/users\/1759"}],"replies":[{"embeddable":true,"href":"https:\/\/linitiative.ca\/International\/wp-json\/wp\/v2\/comments?post=35167"}],"version-history":[{"count":0,"href":"https:\/\/linitiative.ca\/International\/wp-json\/wp\/v2\/posts\/35167\/revisions"}],"wp:attachment":[{"href":"https:\/\/linitiative.ca\/International\/wp-json\/wp\/v2\/media?parent=35167"}],"wp:term":[{"taxonomy":"category","embeddable":true,"href":"https:\/\/linitiative.ca\/International\/wp-json\/wp\/v2\/categories?post=35167"},{"taxonomy":"post_tag","embeddable":true,"href":"https:\/\/linitiative.ca\/International\/wp-json\/wp\/v2\/tags?post=35167"}],"curies":[{"name":"wp","href":"https:\/\/api.w.org\/{rel}","templated":true}]}}