{"id":35171,"date":"2019-05-19T05:07:54","date_gmt":"2019-05-19T09:07:54","guid":{"rendered":"https:\/\/linitiative.ca\/International\/vieillissement-de-la-population-pression-sur-les-regimes-de-retraite-et-hausse-des-depenses-de-sante\/"},"modified":"2019-05-19T05:07:54","modified_gmt":"2019-05-19T09:07:54","slug":"vieillissement-de-la-population-pression-sur-les-regimes-de-retraite-et-hausse-des-depenses-de-sante","status":"publish","type":"post","link":"https:\/\/linitiative.ca\/International\/vieillissement-de-la-population-pression-sur-les-regimes-de-retraite-et-hausse-des-depenses-de-sante\/","title":{"rendered":"Vieillissement de la population : Pression sur les r\u00e9gimes de retraite et hausse des d\u00e9penses de sant\u00e9"},"content":{"rendered":"<p><img decoding=\"async\" class=\"post_layout_5_img\" src=\"http:\/\/aujourdhui.ma\/wp-content\/uploads\/2019\/05\/Retraite.jpg?x29840\" alt=\"Vieillissement de la population : Pression sur les r\u00e9gimes de retraite et hausse des d\u00e9penses de sant\u00e9\"\/><\/p>\n<p class=\"p1\"><span class=\"s1 c4\"><strong>En 2050, les seniors repr\u00e9senteront 26,5% de la population totale<\/strong><\/span> <span id=\"more-311397\"\/><\/p>\n<div class=\"base-box mom_box_sc_custom mom_box_sc clear c5\" readability=\"8\">\n<p class=\"p1\"><span class=\"s1\"><strong>La fr\u00e9quence des principales pathologies du vieillissement de longue dur\u00e9e qui accompagnent l\u2019allongement de la dur\u00e9e de vie augmenterait le co\u00fbt de la sant\u00e9.<\/strong><\/span><\/p>\n<\/div>\n<p class=\"p1\"><span class=\"s1\">Le vieillissement in\u00e9vitable de la population avec la baisse de la f\u00e9condit\u00e9 et l\u2019allongement de l\u2019esp\u00e9rance de vie aura de graves r\u00e9percussions sur les r\u00e9gimes de retraite ainsi que les d\u00e9penses de sant\u00e9. Le Haut-Commissariat au Plan (HCP) dans sa derni\u00e8re \u00e9dition \u00abLes Cahiers du plan\u00bb du mois de mai sur la th\u00e9matique \u00abD\u00e9mographie maghr\u00e9bine : situation et perspectives\u00bb signale que la population du troisi\u00e8me \u00e2ge (60 ans et plus) devrait plus que doubler et passer de 12,7% de la population totale en 2018 \u00e0 26,5% en 2050, soit un taux d\u2019accroissement annuel de 2,9% sur la p\u00e9riode 2018-2050.<\/span><\/p>\n<p class=\"p1\"><span class=\"s1\">Le HCP fait remarquer que la progression du poids relatif des personnes \u00e2g\u00e9es et l\u2019\u00e9largissement de la couverture sociale aux salari\u00e9s non couverts risquent de se traduire par une pression sur les r\u00e9gimes de retraite en place et donc sur l\u2019\u00e9conomie en g\u00e9n\u00e9ral. Les taux de couverture des personnes \u00e2g\u00e9es mettent en lumi\u00e8re des situations diff\u00e9rentes. Si moins de 20 % des plus de 60 ans touchent une pension au Maroc, ce pourcentage atteint 35% en Alg\u00e9rie et 38% en Tunisie.<\/span><\/p>\n<p class=\"p1\"><span class=\"s1\">Par ailleurs, la transition d\u00e9mographique, qui s\u2019accompagne d\u2019une mutation \u00e9pid\u00e9miologique aurait comme cons\u00e9quence une augmentation des d\u00e9penses de sant\u00e9 r\u00e9sultant d\u2019une consommation de services de soins et de m\u00e9dicaments des personnes \u00e2g\u00e9es sup\u00e9rieure \u00e0 celle du reste de la population. Ce qui aura pour cons\u00e9quence d\u2019entra\u00eener des r\u00e9percussions lourdes sur les finances publiques. Ainsi, l\u2019augmentation de la fr\u00e9quence des principales pathologies du vieillissement de longue dur\u00e9e, notamment les cancers, les maladies cardio-vasculaires, le diab\u00e8te, les troubles neurologiques et mentaux\u2026 qui accompagnent l\u2019allongement de la dur\u00e9e de vie augmenterait le co\u00fbt de la sant\u00e9, dans des conditions o\u00f9 les exigences des a\u00een\u00e9s quant \u00e0 la qualit\u00e9 des soins deviendraient croissantes.<\/span><\/p>\n<p class=\"p1\"><span class=\"s1\">Il faut noter que cette tranche de la soci\u00e9t\u00e9 est fortement expos\u00e9e aux maladies chroniques (53,3% des hommes et<span class=\"Apple-converted-space\">\u00a0<\/span> 66,6% des femmes). Il n\u2019est pas inutile de rappeler que le ministre de la sant\u00e9 avait indiqu\u00e9 lors de la conf\u00e9rence des ministres africains des finances, de la planification et du d\u00e9veloppement \u00e9conomique (COM2019) de la Commission \u00e9conomique pour l\u2019Afrique que la d\u00e9pense totale en sant\u00e9 au Maroc a plus que doubl\u00e9 ces quinze derni\u00e8res ann\u00e9es et repr\u00e9sente pr\u00e8s de 6% du PIB. Le ministre avait soulign\u00e9 \u00e0 cette occasion que la moiti\u00e9 des d\u00e9penses en sant\u00e9 est financ\u00e9e par les m\u00e9nages. <em>\u00abLa contribution de l\u2019\u00c9tat, \u00e0 travers les recettes fiscales, repr\u00e9sente le quart de ces d\u00e9penses. L\u2019assurance maladie, quant \u00e0 elle, finance 22% des d\u00e9penses de sant\u00e9\u00bb,<\/em> a-t-il pr\u00e9cis\u00e9. Le vieillissement de la population constitue un d\u00e9fi social suppl\u00e9mentaire \u00e0 relever.<\/span><\/p>\n<p>Auteur: ALM<br \/>\n<a href=\"http:\/\/aujourdhui.ma\/societe\/vieillissement-de-la-population-pression-sur-les-regimes-de-retraite-et-hausse-des-depenses-de-sante\">Cliquez ici pour lire l&rsquo;article depuis sa source.<\/a><\/p>\n","protected":false},"excerpt":{"rendered":"<p>En 2050, les seniors repr\u00e9senteront 26,5% de la population totale La fr\u00e9quence des principales pathologies du vieillissement de longue dur\u00e9e qui accompagnent l\u2019allongement de la dur\u00e9e de vie augmenterait le co\u00fbt de la sant\u00e9. Le vieillissement in\u00e9vitable de la population avec la baisse de la f\u00e9condit\u00e9 et l\u2019allongement de l\u2019esp\u00e9rance de vie aura de graves [&hellip;]<\/p>\n","protected":false},"author":1759,"featured_media":0,"comment_status":"closed","ping_status":"closed","sticky":false,"template":"","format":"standard","meta":{"fifu_image_url":"","fifu_image_alt":"","footnotes":""},"categories":[73,54],"tags":[],"class_list":["post-35171","post","type-post","status-publish","format-standard","hentry","category-actualite","category-maroc"],"_links":{"self":[{"href":"https:\/\/linitiative.ca\/International\/wp-json\/wp\/v2\/posts\/35171","targetHints":{"allow":["GET"]}}],"collection":[{"href":"https:\/\/linitiative.ca\/International\/wp-json\/wp\/v2\/posts"}],"about":[{"href":"https:\/\/linitiative.ca\/International\/wp-json\/wp\/v2\/types\/post"}],"author":[{"embeddable":true,"href":"https:\/\/linitiative.ca\/International\/wp-json\/wp\/v2\/users\/1759"}],"replies":[{"embeddable":true,"href":"https:\/\/linitiative.ca\/International\/wp-json\/wp\/v2\/comments?post=35171"}],"version-history":[{"count":0,"href":"https:\/\/linitiative.ca\/International\/wp-json\/wp\/v2\/posts\/35171\/revisions"}],"wp:attachment":[{"href":"https:\/\/linitiative.ca\/International\/wp-json\/wp\/v2\/media?parent=35171"}],"wp:term":[{"taxonomy":"category","embeddable":true,"href":"https:\/\/linitiative.ca\/International\/wp-json\/wp\/v2\/categories?post=35171"},{"taxonomy":"post_tag","embeddable":true,"href":"https:\/\/linitiative.ca\/International\/wp-json\/wp\/v2\/tags?post=35171"}],"curies":[{"name":"wp","href":"https:\/\/api.w.org\/{rel}","templated":true}]}}