{"id":35172,"date":"2019-05-19T05:08:01","date_gmt":"2019-05-19T09:08:01","guid":{"rendered":"https:\/\/linitiative.ca\/International\/tanger-10-ans-de-prison-pour-un-trafiquant-de-drogue-notoire\/"},"modified":"2019-05-19T05:08:01","modified_gmt":"2019-05-19T09:08:01","slug":"tanger-10-ans-de-prison-pour-un-trafiquant-de-drogue-notoire","status":"publish","type":"post","link":"https:\/\/linitiative.ca\/International\/tanger-10-ans-de-prison-pour-un-trafiquant-de-drogue-notoire\/","title":{"rendered":"Tanger : 10 ans de prison pour un trafiquant de drogue notoire"},"content":{"rendered":"<header>\n<\/header>\n<div class=\"entry-content clearfix\" readability=\"60\"><img decoding=\"async\" class=\"post_layout_5_img\" src=\"http:\/\/aujourdhui.ma\/wp-content\/uploads\/2016\/02\/Police-Arrestation-Maroc.jpg?x29840\" alt=\"Tanger : 10 ans de prison pour un trafiquant de drogue notoire\"\/><\/p>\n<p class=\"p1\"><span class=\"c4\"><strong>Dix ans de r\u00e9clusion criminelle, tel a \u00e9t\u00e9 le verdict rendu, lundi soir, par la chambre correctionnelle pr\u00e8s le tribunal de premi\u00e8re instance de Tanger, contre un trafiquant de drogue, qui faisait l\u2019objet, avant son arrestation, en f\u00e9vrier dernier, de 16 notes de recherche \u00e0 l\u2019\u00e9chelle nationale.<\/strong><\/span> <span id=\"more-311439\"\/><\/p>\n<p class=\"p1\">Chez ce trafiquant de drogue qui a \u00e9t\u00e9 arr\u00eat\u00e9 dans un village situ\u00e9 pr\u00e8s de Jbel Al Habib, \u00e0 la p\u00e9riph\u00e9rie de la ville de T\u00e9touan, les limiers de la police judiciaire relevant du service pr\u00e9fectoral de la s\u00fbret\u00e9 de Tanger avaient saisi un kilo 600 g de coca\u00efne, 310 g d\u2019h\u00e9ro\u00efne, 890 comprim\u00e9s d\u2019ecstasy, 10.801 comprim\u00e9s psychotropes, Rivotril, ainsi que d\u2019une importante quantit\u00e9 de cannabis. La police de Tanger avait \u00e9galement saisi chez lui 15 balances \u00e9lectriques, des couteaux et coutelas, 6 smartphones, 16 plaques min\u00e9ralogiques, des perruques, des cagoules et une importante somme d\u2019argent.<\/p>\n<\/div>\n<p>Auteur: Abderrafii ALOUMLIKI<br \/>\n<a href=\"http:\/\/aujourdhui.ma\/faits-divers\/tanger-10-ans-de-prison-pour-un-trafiquant-de-drogue-notoire\">Cliquez ici pour lire l&rsquo;article depuis sa source.<\/a><\/p>\n","protected":false},"excerpt":{"rendered":"<p>Dix ans de r\u00e9clusion criminelle, tel a \u00e9t\u00e9 le verdict rendu, lundi soir, par la chambre correctionnelle pr\u00e8s le tribunal de premi\u00e8re instance de Tanger, contre un trafiquant de drogue, qui faisait l\u2019objet, avant son arrestation, en f\u00e9vrier dernier, de 16 notes de recherche \u00e0 l\u2019\u00e9chelle nationale. Chez ce trafiquant de drogue qui a \u00e9t\u00e9 [&hellip;]<\/p>\n","protected":false},"author":1759,"featured_media":0,"comment_status":"closed","ping_status":"closed","sticky":false,"template":"","format":"standard","meta":{"fifu_image_url":"","fifu_image_alt":"","footnotes":""},"categories":[73,54],"tags":[],"class_list":["post-35172","post","type-post","status-publish","format-standard","hentry","category-actualite","category-maroc"],"_links":{"self":[{"href":"https:\/\/linitiative.ca\/International\/wp-json\/wp\/v2\/posts\/35172","targetHints":{"allow":["GET"]}}],"collection":[{"href":"https:\/\/linitiative.ca\/International\/wp-json\/wp\/v2\/posts"}],"about":[{"href":"https:\/\/linitiative.ca\/International\/wp-json\/wp\/v2\/types\/post"}],"author":[{"embeddable":true,"href":"https:\/\/linitiative.ca\/International\/wp-json\/wp\/v2\/users\/1759"}],"replies":[{"embeddable":true,"href":"https:\/\/linitiative.ca\/International\/wp-json\/wp\/v2\/comments?post=35172"}],"version-history":[{"count":0,"href":"https:\/\/linitiative.ca\/International\/wp-json\/wp\/v2\/posts\/35172\/revisions"}],"wp:attachment":[{"href":"https:\/\/linitiative.ca\/International\/wp-json\/wp\/v2\/media?parent=35172"}],"wp:term":[{"taxonomy":"category","embeddable":true,"href":"https:\/\/linitiative.ca\/International\/wp-json\/wp\/v2\/categories?post=35172"},{"taxonomy":"post_tag","embeddable":true,"href":"https:\/\/linitiative.ca\/International\/wp-json\/wp\/v2\/tags?post=35172"}],"curies":[{"name":"wp","href":"https:\/\/api.w.org\/{rel}","templated":true}]}}