{"id":35173,"date":"2019-05-19T05:10:58","date_gmt":"2019-05-19T09:10:58","guid":{"rendered":"https:\/\/linitiative.ca\/International\/18e-edition-du-festival-mawazine-rythmes-du-monde-aya-nakamura-travis-scott-et-migos-enflammeront-la-scene-souissi\/"},"modified":"2019-05-19T05:10:58","modified_gmt":"2019-05-19T09:10:58","slug":"18e-edition-du-festival-mawazine-rythmes-du-monde-aya-nakamura-travis-scott-et-migos-enflammeront-la-scene-souissi","status":"publish","type":"post","link":"https:\/\/linitiative.ca\/International\/18e-edition-du-festival-mawazine-rythmes-du-monde-aya-nakamura-travis-scott-et-migos-enflammeront-la-scene-souissi\/","title":{"rendered":"18e \u00e9dition du Festival Mawazine-Rythmes du Monde : Aya Nakamura, Travis Scott et Migos enflammeront la sc\u00e8ne Souissi"},"content":{"rendered":"<p><img decoding=\"async\" class=\"post_layout_5_img\" src=\"http:\/\/aujourdhui.ma\/wp-content\/uploads\/2019\/05\/Migos-Mawazine.jpg?x29840\" alt=\"18e \u00e9dition du Festival Mawazine-Rythmes du Monde : Aya Nakamura, Travis Scott et Migos enflammeront la sc\u00e8ne Souissi\"\/><\/p>\n<p class=\"p1\"><span class=\"s1 c4\"><strong>Travis Scott est consid\u00e9r\u00e9 comme l\u2019un des meilleurs rappeurs des Etats-Unis. Il poss\u00e8de une force de frappe commerciale \u00e9gale aux grands noms du rap am\u00e9ricain, tels que Drake, Kendrick Lamar ou J Cole.<\/strong><\/span> <span id=\"more-311320\"\/><\/p>\n<p class=\"p1\"><span class=\"s1\">L\u2019Association Maroc culture vient de d\u00e9voiler trois stars du hip hop et du pop invit\u00e9s \u00e0 se produire \u00e0 la 18e \u00e9dition du Festival Mawazine Rythmes du Monde, pr\u00e9vue du 21 au 29 juin. Il s\u2019agit de Travis Scott Aya Nakamura, et Migos. Ceux-ci se produiront respectivement selon les organisateurs, sur la sc\u00e8ne de l\u2019OLM Souissi les mercredi 26 et jeudi 27 juin. A commencer par l\u2019Am\u00e9ricain Travis Scott. Il est consid\u00e9r\u00e9 comme l\u2019un des meilleurs rappeurs des Etats-Unis.<\/span><\/p>\n<p class=\"p1\"><span class=\"s1\">Il poss\u00e8de une force de frappe commerciale \u00e9gale aux grands noms du rap am\u00e9ricain, tels que Drake, Kendrick Lamar ou J Cole. Artiste parmi les plus influents du hip hop outre-Atlantique, le chanteur de 27 ans, n\u00e9 \u00e0 Houston, se fraie un chemin jalonn\u00e9 de succ\u00e8s depuis sa rencontre en 2013 avec Kanye West, qui l\u2019aide \u00e0 produire son premier EP et collabore deux ans plus tard \u00e0 son premier album, Rodeo, aux c\u00f4t\u00e9s de Justin Bieber.<\/span><\/p>\n<p><a href=\"http:\/\/aujourdhui.ma\/wp-content\/uploads\/2019\/05\/TRAVIS-SCOTT.jpg?x29840\"><img loading=\"lazy\" decoding=\"async\" class=\"size-full wp-image-311323 aligncenter\" src=\"http:\/\/aujourdhui.ma\/wp-content\/uploads\/2019\/05\/TRAVIS-SCOTT.jpg?x29840\" alt=\"\" width=\"746\" height=\"380\" srcset=\"http:\/\/aujourdhui.ma\/wp-content\/uploads\/2019\/05\/TRAVIS-SCOTT.jpg 746w, http:\/\/aujourdhui.ma\/wp-content\/uploads\/2019\/05\/TRAVIS-SCOTT-300x153.jpg 300w\" sizes=\"auto, (max-width: 746px) 100vw, 746px\"\/><\/a><\/p>\n<p class=\"p1\"><span class=\"s1\">Les ann\u00e9es suivantes, Travis Scott encha\u00eene les albums \u00e0 succ\u00e8s, les collaborations fructueuses (avec Drake, N\u2019as et DJ Khaled, entre autres) et une belle histoire d\u2019amour : le rappeur n\u2019est autre que le mari de Kylie Jenner, la demi-s\u0153ur de Kim Kardashian. La premi\u00e8re partie de Travis Scott sera assur\u00e9e par une \u00e9toile montante de la sc\u00e8ne RnB. Pass\u00e9e du statut de r\u00e9v\u00e9lation de l\u2019ann\u00e9e \u00e0 celui de superstar de la musique en moins d\u2019un an, la chanteuse Aya Nakamura a rythm\u00e9 le quotidien de la jeunesse fran\u00e7aise en 2018 avec ses tubes Comportement, Copines et surtout Djadja dont le clip cumule \u00e0 l\u2019heure actuelle plus de 360 millions de vues sur YouTube.<span class=\"Apple-converted-space\">\u00a0<\/span><\/span><\/p>\n<p class=\"p1\"><span class=\"s1\">Le passage \u00e0 la sc\u00e8ne s\u2019est impos\u00e9 naturellement pour l\u2019artiste, n\u00e9e au Mali dans une famille de griots et qui a grandi en France. Apr\u00e8s des d\u00e9buts remarqu\u00e9s sur les r\u00e9seaux sociaux et de nombreuses collaborations, sa perc\u00e9e se fait d\u00e8s la sortie en 2017 de son premier album, Journal intime, certifi\u00e9 disque d\u2019or. Le lendemain, jeudi 27 juin, ce sera au tour de Migos de prendre les devants. Le groupe de rap am\u00e9ricain s\u2019est fait conna\u00eetre mondialement en 2013 gr\u00e2ce au single Versace. L\u2019ann\u00e9e suivante, il publie une mixtape, No Label II, t\u00e9l\u00e9charg\u00e9e plus de 100.000 fois d\u00e8s sa premi\u00e8re semaine de publication\u2026 et certifi\u00e9e disque d\u2019or. Le hit Bad and Boujee, issu du second album studio Culture, atteint quant \u00e0 lui la premi\u00e8re place du Billboard Hot 100.<\/span><\/p>\n<p><a href=\"http:\/\/aujourdhui.ma\/wp-content\/uploads\/2019\/05\/Aya-Nakumara-Mawazine.jpg?x29840\"><img loading=\"lazy\" decoding=\"async\" class=\"size-full wp-image-311321 aligncenter\" src=\"http:\/\/aujourdhui.ma\/wp-content\/uploads\/2019\/05\/Aya-Nakumara-Mawazine.jpg?x29840\" alt=\"\" width=\"746\" height=\"380\" srcset=\"http:\/\/aujourdhui.ma\/wp-content\/uploads\/2019\/05\/Aya-Nakumara-Mawazine.jpg 746w, http:\/\/aujourdhui.ma\/wp-content\/uploads\/2019\/05\/Aya-Nakumara-Mawazine-300x153.jpg 300w\" sizes=\"auto, (max-width: 746px) 100vw, 746px\"\/><\/a><\/p>\n<p class=\"p1\"><span class=\"s1\">Avec plus de 13 millions d\u2019abonn\u00e9s sur Facebook et Instagram, Migos est aussi la coqueluche des fans sur les r\u00e9seaux sociaux. D\u00e9clin\u00e9 dans un deuxi\u00e8me volet, Culture II, en 2018, le dernier opus du groupe a d\u00e9finitivement impos\u00e9 Migos comme la m\u00e9gastar du hip-hop US. Il faut dire qu\u2019avec ce dernier album, le trio originaire d\u2019Atlanta a sorti l\u2019artillerie lourde avec ses featurings (Drake, Cardi B, Nicki Minaj, Travis Scott, Post Malone, Gucci Mane, 21 Savage) et ses producteurs (Pharrell Williams, Metro Boomin, Zaytoven et Kanye West) !<\/span><\/p>\n<p>Auteur: ALM<br \/>\n<a href=\"http:\/\/aujourdhui.ma\/culture\/musique\/18e-edition-du-festival-mawazine-rythmes-du-monde-aya-nakamura-travis-scott-et-migos-enflammeront-la-scene-souissi\">Cliquez ici pour lire l&rsquo;article depuis sa source.<\/a><\/p>\n","protected":false},"excerpt":{"rendered":"<p>Travis Scott est consid\u00e9r\u00e9 comme l\u2019un des meilleurs rappeurs des Etats-Unis. Il poss\u00e8de une force de frappe commerciale \u00e9gale aux grands noms du rap am\u00e9ricain, tels que Drake, Kendrick Lamar ou J Cole. L\u2019Association Maroc culture vient de d\u00e9voiler trois stars du hip hop et du pop invit\u00e9s \u00e0 se produire \u00e0 la 18e \u00e9dition [&hellip;]<\/p>\n","protected":false},"author":1759,"featured_media":0,"comment_status":"closed","ping_status":"closed","sticky":false,"template":"","format":"standard","meta":{"fifu_image_url":"","fifu_image_alt":"","footnotes":""},"categories":[73,54],"tags":[],"class_list":["post-35173","post","type-post","status-publish","format-standard","hentry","category-actualite","category-maroc"],"_links":{"self":[{"href":"https:\/\/linitiative.ca\/International\/wp-json\/wp\/v2\/posts\/35173","targetHints":{"allow":["GET"]}}],"collection":[{"href":"https:\/\/linitiative.ca\/International\/wp-json\/wp\/v2\/posts"}],"about":[{"href":"https:\/\/linitiative.ca\/International\/wp-json\/wp\/v2\/types\/post"}],"author":[{"embeddable":true,"href":"https:\/\/linitiative.ca\/International\/wp-json\/wp\/v2\/users\/1759"}],"replies":[{"embeddable":true,"href":"https:\/\/linitiative.ca\/International\/wp-json\/wp\/v2\/comments?post=35173"}],"version-history":[{"count":0,"href":"https:\/\/linitiative.ca\/International\/wp-json\/wp\/v2\/posts\/35173\/revisions"}],"wp:attachment":[{"href":"https:\/\/linitiative.ca\/International\/wp-json\/wp\/v2\/media?parent=35173"}],"wp:term":[{"taxonomy":"category","embeddable":true,"href":"https:\/\/linitiative.ca\/International\/wp-json\/wp\/v2\/categories?post=35173"},{"taxonomy":"post_tag","embeddable":true,"href":"https:\/\/linitiative.ca\/International\/wp-json\/wp\/v2\/tags?post=35173"}],"curies":[{"name":"wp","href":"https:\/\/api.w.org\/{rel}","templated":true}]}}