{"id":35175,"date":"2019-05-19T06:25:11","date_gmt":"2019-05-19T10:25:11","guid":{"rendered":"https:\/\/linitiative.ca\/International\/hamid-bennani-le-cineaste-accompli\/"},"modified":"2019-05-19T06:25:11","modified_gmt":"2019-05-19T10:25:11","slug":"hamid-bennani-le-cineaste-accompli","status":"publish","type":"post","link":"https:\/\/linitiative.ca\/International\/hamid-bennani-le-cineaste-accompli\/","title":{"rendered":"Hamid Bennani, le cin\u00e9aste accompli\u2026"},"content":{"rendered":"<p class=\"c4\"><span class=\"c3\"><strong><span class=\"c2\">U<\/span>n des piliers du 7e art marocain\u00a0! Hamid Bennani a projet\u00e9, le 15 mai au si\u00e8ge national du Parti du Progr\u00e8s et du Socialisme (PPS) \u00e0 Rabat, son \u0153uvre cin\u00e9matographique, \u00abWachma\u00bb. Incontestablement, ce premier\u00a0 film sorti dans les ann\u00e9es 70 a chang\u00e9 le court du cin\u00e9ma marocain.<\/strong><\/span><\/p>\n<p class=\"c4\"><span class=\"c2\"><strong>Une formation acad\u00e9mique solide\u2026<\/strong><\/span><\/p>\n<p class=\"c4\">C\u2019est dans la ville de Mekn\u00e8s o\u00f9 il vit le jour en 1940, que le r\u00e9alisateur entame ses \u00e9tudes \u00e0 \u00abl\u2019\u00e9cole des fils de notables \u00bb sous l\u2019\u00e8re du Protectorat. Il d\u00e9couvre les bases fondamentales de la langue fran\u00e7aise, ce qui lui permet par la suite de s\u2019\u00e9panouir et de s\u2019ouvrir sur la litt\u00e9rature et la philosophie universelles. Et comme tous les enfants de sa g\u00e9n\u00e9ration, le cin\u00e9aste n\u2019a pas \u00e9chapp\u00e9 \u00e0 l\u2019\u00e9ducation religieuse dans une \u00e9cole coranique qui se situait \u00e0 deux pas de chez lui.<\/p>\n<p class=\"c4\">Une autre \u00e9tape dans son parcours estudiantin commen\u00e7a aux lyc\u00e9es Poeymirau et Moulay Isma\u00efl o\u00f9 il fit ses \u00e9tudes secondaires. Il obtint une licence en philosophie en 1964 \u00e0 la Facult\u00e9 des lettres de Rabat. Une\u00a0 ann\u00e9e plus tard, Bennani s\u2019orienta vers le 7e art, en entamant des \u00e9tudes de cin\u00e9ma \u00e0 l\u2019Institut des hautes \u00e9tudes cin\u00e9matographiques (IDHEC). Il assista r\u00e9guli\u00e8rement \u00e0 des s\u00e9minaires \u00e0 la Sorbonne et \u00e0 l\u2019EPHE2 donn\u00e9s par les figures embl\u00e9matiques de la pens\u00e9e et de la philosophie de l\u2019\u00e9poque,\u00a0 \u00e0 savoir le pr\u00e9curseur de la d\u00e9construction, Jacques Derrida, le sp\u00e9cialiste en ph\u00e9nom\u00e9nologie et l\u2019herm\u00e9neutique, Paul Ric\u0153ur ou encore le sp\u00e9cialiste de la s\u00e9miologie linguistique et photographique, Roland Barthes. Une formation acad\u00e9mique solide \u00e0 la fois enracin\u00e9e et ouverte.<\/p>\n<p class=\"c4\">Au fil des ann\u00e9es, il d\u00e9veloppa une passion pour le cin\u00e9ma en fr\u00e9quentant la Cin\u00e9math\u00e8que de la ville des lumi\u00e8res, Paris. Et pour savourer les chefs-d\u2019\u0153uvre du 7e art mondial, il fit souvent des sauts au quartier latin dans les salles obscures d\u2019Art &#038; d\u2019Essai.<\/p>\n<p class=\"c4\"><span class=\"c2\"><strong>De l\u2019amour de la lecture\u2026<\/strong><\/span><\/p>\n<p class=\"c4\">Lecteur averti, amoureux du livre et des litt\u00e9ratures, le cin\u00e9aste\u00a0 plongeait dans les divers univers philosophiques de Jean Paul Sartre, Albert Camus et William Faulkner. Des lectures fructueuses ayant enrichi\u00a0 ses travaux et construit en quelque sorte sa vision du monde. Intellectuel de gauche, avant-gardiste, le r\u00e9alisateur\u00a0 avait cet \u0153il \u00e0 la fois analytique et critique sur la soci\u00e9t\u00e9, ses changements, ses mutations\u2026 La preuve ? Son premier n\u00e9 cin\u00e9matographique, Wachma, portait ce regard sinc\u00e8re, franc et critique sur la soci\u00e9t\u00e9 patriarcale.<\/p>\n<p class=\"c4\">\u00c0 vrai dire, faire un film \u00e0 l\u2019\u00e9poque \u00e9tait une v\u00e9ritable aventure. Les cin\u00e9astes militants \u0153uvraient pour la cr\u00e9ation d\u2019un domaine cin\u00e9matographique structur\u00e9 et cr\u00e9atif. Face \u00e0 cette r\u00e9alit\u00e9, Hamid Bennani avait cr\u00e9\u00e9 en 1970 la soci\u00e9t\u00e9 de production \u00abSigma 3\u00bb, regroupant trois r\u00e9alisateurs marocains, \u00e0 savoir Mohammed Abderrahmane Tazi, Ahmed Bouanani et Mohammed Sakkat. Parmi ses films : \u00abLa Pri\u00e8re de l\u2019absent\u00a0\u00bb (1993), \u00abL\u2019Enfant Che\u00efkh\u00bb (2012), \u00abLa Nuit ardente\u00bb (2017), pour ne citer que ceux-l\u00e0.<\/p>\n<p class=\"c4\"><span class=\"c2\"><strong>L\u2019\u00e9criture comme un chant de r\u00e9volte et d\u2019esp\u00e9rance\u2026<\/strong><\/span><\/p>\n<p class=\"c4\">La lecture comme l\u2019\u00e9criture ont\u00a0 une place pr\u00e9pond\u00e9rante dans la vie du cin\u00e9aste. Certes l\u2019\u00e9criture romanesque et le langage cin\u00e9matographique sont deux supports diff\u00e9rents, mais, parfois les lettres de noblesse restent les m\u00eames.\u00a0 Dans son roman intitul\u00e9 \u00ab\u00a0Le dernier chant des insoumises\u00a0\u00bb paru en 2017 aux \u00c9ditions du Sirocco, Hamid Bennani fouille dans les tr\u00e9fonds de l\u2019histoire coloniale marocaine, dans laquelle il puise la trame de son roman. Il nous replonge dans les ann\u00e9es 30, dans la r\u00e9gion du Tafilalet. A partir de cette date, l\u2019arm\u00e9e coloniale fran\u00e7aise au Maroc \u00e9tait all\u00e9e mettre la main sur les derniers territoires des Amazighs d\u2019A\u00eft-Atta. A travers les yeux du protagoniste,\u00a0 Sa\u00efd, le lecteur d\u00e9couvre les \u00e9pisodes les plus charni\u00e8res et cruciaux de l\u2019Histoire. De la prise de Rissani en 1932, en passant par la c\u00e9l\u00e8bre\u00a0 \u00abbataille de Saghro\u00bb dans les montagnes de Bougafer, Sa\u00efd livre dans ce roman une \u00e9mouvante \u00e9pop\u00e9e intimiste qui ne manque pas de po\u00e9sie et de ma\u00eetrise de l\u2019\u00e9criture romanesque\u2026 comme un chant de r\u00e9volte et d\u2019Esperanza.<\/p>\n<p class=\"c5\"><strong>Mohamed Nait Youssef<\/strong><\/p>\n<p>Auteur: rahal mehamed<br \/>\n<a href=\"http:\/\/albayane.press.ma\/hamid-bennani-le-cineaste-accompli.html\">Cliquez ici pour lire l&rsquo;article depuis sa source.<\/a><\/p>\n","protected":false},"excerpt":{"rendered":"<p>Un des piliers du 7e art marocain\u00a0! Hamid Bennani a projet\u00e9, le 15 mai au si\u00e8ge national du Parti du Progr\u00e8s et du Socialisme (PPS) \u00e0 Rabat, son \u0153uvre cin\u00e9matographique, \u00abWachma\u00bb. Incontestablement, ce premier\u00a0 film sorti dans les ann\u00e9es 70 a chang\u00e9 le court du cin\u00e9ma marocain. Une formation acad\u00e9mique solide\u2026 C\u2019est dans la ville [&hellip;]<\/p>\n","protected":false},"author":1760,"featured_media":0,"comment_status":"closed","ping_status":"closed","sticky":false,"template":"","format":"standard","meta":{"fifu_image_url":"","fifu_image_alt":"","footnotes":""},"categories":[73,54],"tags":[],"class_list":["post-35175","post","type-post","status-publish","format-standard","hentry","category-actualite","category-maroc"],"_links":{"self":[{"href":"https:\/\/linitiative.ca\/International\/wp-json\/wp\/v2\/posts\/35175","targetHints":{"allow":["GET"]}}],"collection":[{"href":"https:\/\/linitiative.ca\/International\/wp-json\/wp\/v2\/posts"}],"about":[{"href":"https:\/\/linitiative.ca\/International\/wp-json\/wp\/v2\/types\/post"}],"author":[{"embeddable":true,"href":"https:\/\/linitiative.ca\/International\/wp-json\/wp\/v2\/users\/1760"}],"replies":[{"embeddable":true,"href":"https:\/\/linitiative.ca\/International\/wp-json\/wp\/v2\/comments?post=35175"}],"version-history":[{"count":0,"href":"https:\/\/linitiative.ca\/International\/wp-json\/wp\/v2\/posts\/35175\/revisions"}],"wp:attachment":[{"href":"https:\/\/linitiative.ca\/International\/wp-json\/wp\/v2\/media?parent=35175"}],"wp:term":[{"taxonomy":"category","embeddable":true,"href":"https:\/\/linitiative.ca\/International\/wp-json\/wp\/v2\/categories?post=35175"},{"taxonomy":"post_tag","embeddable":true,"href":"https:\/\/linitiative.ca\/International\/wp-json\/wp\/v2\/tags?post=35175"}],"curies":[{"name":"wp","href":"https:\/\/api.w.org\/{rel}","templated":true}]}}