{"id":35176,"date":"2019-05-19T06:31:23","date_gmt":"2019-05-19T10:31:23","guid":{"rendered":"https:\/\/linitiative.ca\/International\/wachma-ouvre-le-bal-des-mercredis-du-cinema-marocain\/"},"modified":"2019-05-19T06:31:23","modified_gmt":"2019-05-19T10:31:23","slug":"wachma-ouvre-le-bal-des-mercredis-du-cinema-marocain","status":"publish","type":"post","link":"https:\/\/linitiative.ca\/International\/wachma-ouvre-le-bal-des-mercredis-du-cinema-marocain\/","title":{"rendered":"\u00abWachma\u00bb ouvre le bal des \u00abmercredis du cin\u00e9ma marocain\u00bb"},"content":{"rendered":"<p class=\"c4\"><strong><span class=\"c2\">C<\/span><span class=\"c3\">e fut un temps nostalgique. Une rem\u00e9moration du bon vieux temps, des cin\u00e9-clubs, avec des d\u00e9bats fructueux entre les cin\u00e9astes, les intellectuels et les cin\u00e9philes.<\/span><\/strong><\/p>\n<p class=\"c4\">Ce mercredi 15 mai, les amoureux du 7<sup>e<\/sup> art ont afflu\u00e9 au si\u00e8ge national du Parti du Progr\u00e8s et du Socialisme (PPS) \u00e0 Rabat pour prendre part \u00e0 l\u2019activit\u00e9 \u00abLes mercredis du cin\u00e9ma marocain\u00bb organis\u00e9e par le Secteur de la culture et de la communication relevant du PPS\u00a0 en collaboration avec l\u2019Agora des arts et la Chambre nationale des producteurs de films.<\/p>\n<p class=\"c4\">En effet, la premi\u00e8re projection \u00abWachma\u00bb du r\u00e9alisateur Hamid Bennani\u00a0 a eu lieu \u00e0 la salle Ali Yata. Tr\u00e8s \u00e9mu, Bennani a rendu un vibrant hommage dans son mot d\u2019ouverture \u00e0 tous ceux qui ont particip\u00e9 \u00e0 la r\u00e9alisation de ce film qui a connu la participation d\u2019une poign\u00e9e d\u2019acteurs dont Mohamed Kaghat, Tawfik Dada, Khadija Moujahid, Abdelkader Moitaa, Mohamed Hammad Lazrak.<\/p>\n<p class=\"c4\">Le film relate l\u2019histoire du jeune Messaoud opprim\u00e9 \u00e0 la fois par son milieu familial et par une soci\u00e9t\u00e9 scl\u00e9ros\u00e9e. Le jeune homme vit des r\u00e9voltes sur le plan psychologique, sentimental et intellectuel. Le film \u00abWachma\u00bb a ouvert le bal du premier programme de s\u00e9ances de projections de films du cin\u00e9ma national. \u00abC\u2019est une premi\u00e8re projection d\u2019une s\u00e9rie de films qui d\u00e9bouchera sur la cr\u00e9ation d\u2019un club de cin\u00e9ma. Le public aura droit par la suite \u00e0 une projection mercredi de chaque mois\u00bb, souligne Driss Chouika.<\/p>\n<p class=\"c4\">Cette initiative, explique-t-il, a pour but de revivre la fameuse tradition des cin\u00e9-clubs. Le choix du film \u00abWachma\u00bb n\u2019est pas anodin. C\u2019est une exp\u00e9rience pionni\u00e8re, a-t-il ajout\u00e9, en mati\u00e8re du 7<sup>e<\/sup> art marocain. Selon lui, ce film figure parmi les premiers longs m\u00e9trages marocains qui ont particip\u00e9 dans de nombreux festivals nationaux et internationaux. \u00a0Au programme des prochaines projections, figurent le film du r\u00e9alisateur Latif Lahlou \u00abLa compromission\u00bb qui sera projet\u00e9 mercredi 22 mai et le film \u00abFidaa\u00bb de Driss Chouika qui sera projet\u00e9 le mercredi 29 mai.<\/p>\n<p class=\"c5\"><strong>Mohamed Nait Youssef<\/strong><\/p>\n<p>Auteur: rahal mehamed<br \/>\n<a href=\"http:\/\/albayane.press.ma\/wachma-ouvre-le-bal-des-mercredis-du-cinema-marocain.html\">Cliquez ici pour lire l&rsquo;article depuis sa source.<\/a><\/p>\n","protected":false},"excerpt":{"rendered":"<p>Ce fut un temps nostalgique. Une rem\u00e9moration du bon vieux temps, des cin\u00e9-clubs, avec des d\u00e9bats fructueux entre les cin\u00e9astes, les intellectuels et les cin\u00e9philes. Ce mercredi 15 mai, les amoureux du 7e art ont afflu\u00e9 au si\u00e8ge national du Parti du Progr\u00e8s et du Socialisme (PPS) \u00e0 Rabat pour prendre part \u00e0 l\u2019activit\u00e9 \u00abLes [&hellip;]<\/p>\n","protected":false},"author":1760,"featured_media":0,"comment_status":"closed","ping_status":"closed","sticky":false,"template":"","format":"standard","meta":{"fifu_image_url":"","fifu_image_alt":"","footnotes":""},"categories":[73,54],"tags":[],"class_list":["post-35176","post","type-post","status-publish","format-standard","hentry","category-actualite","category-maroc"],"_links":{"self":[{"href":"https:\/\/linitiative.ca\/International\/wp-json\/wp\/v2\/posts\/35176","targetHints":{"allow":["GET"]}}],"collection":[{"href":"https:\/\/linitiative.ca\/International\/wp-json\/wp\/v2\/posts"}],"about":[{"href":"https:\/\/linitiative.ca\/International\/wp-json\/wp\/v2\/types\/post"}],"author":[{"embeddable":true,"href":"https:\/\/linitiative.ca\/International\/wp-json\/wp\/v2\/users\/1760"}],"replies":[{"embeddable":true,"href":"https:\/\/linitiative.ca\/International\/wp-json\/wp\/v2\/comments?post=35176"}],"version-history":[{"count":0,"href":"https:\/\/linitiative.ca\/International\/wp-json\/wp\/v2\/posts\/35176\/revisions"}],"wp:attachment":[{"href":"https:\/\/linitiative.ca\/International\/wp-json\/wp\/v2\/media?parent=35176"}],"wp:term":[{"taxonomy":"category","embeddable":true,"href":"https:\/\/linitiative.ca\/International\/wp-json\/wp\/v2\/categories?post=35176"},{"taxonomy":"post_tag","embeddable":true,"href":"https:\/\/linitiative.ca\/International\/wp-json\/wp\/v2\/tags?post=35176"}],"curies":[{"name":"wp","href":"https:\/\/api.w.org\/{rel}","templated":true}]}}