{"id":35178,"date":"2019-05-19T06:54:07","date_gmt":"2019-05-19T10:54:07","guid":{"rendered":"https:\/\/linitiative.ca\/International\/le-concert-de-la-tolerance-dagadir-tend-a-disparaitre\/"},"modified":"2019-05-19T06:54:07","modified_gmt":"2019-05-19T10:54:07","slug":"le-concert-de-la-tolerance-dagadir-tend-a-disparaitre","status":"publish","type":"post","link":"https:\/\/linitiative.ca\/International\/le-concert-de-la-tolerance-dagadir-tend-a-disparaitre\/","title":{"rendered":"Le concert de la tol\u00e9rance d\u2019Agadir tend \u00e0 dispara\u00eetre?"},"content":{"rendered":"<p class=\"c4\"><strong><span class=\"c2\">D<\/span><span class=\"c3\">epuis son apparition, il y a une dizaine d\u2019ann\u00e9es, le concept de la tol\u00e9rance d\u2019Agadir troupe beaucoup de peine \u00e0 subsister. Il agonise au fil du temps.<\/span><\/strong><\/p>\n<p class=\"c4\">En d\u00e9pit de certaines voix qui d\u2019\u00e9l\u00e8vent par-ci, par-l\u00e0, estimant que ce chow\u00a0 annuel n\u2019est qu\u2019une perte de fonds jet\u00e9s par la fen\u00eatre, les initiateurs ont d\u00fb r\u00e9sister \u00e0 ces oppositions qui, \u00e0 la longue, se sont apais\u00e9es. Il ne fait pas de doute que cet \u00e9v\u00e9nement qui incarne des valeurs universalistes comme son nom l\u2019indique s\u2019est ancr\u00e9 en ville et lui procure un rendez-vous hivernal dont les visiteurs aussi bien nationaux qu\u2019\u00e9trangers trouvent du plaisir \u00e0 c\u00f4toyer les stars de la plan\u00e8te.<\/p>\n<p class=\"c4\">En fait,\u00a0 apr\u00e8s le festival Timitar qui s\u2019illumine \u00e0 l\u2019antichambre de l\u2019\u00e9t\u00e9, le concert de la tol\u00e9rance prend la rel\u00e8ve au vestibule de l\u2019hiver. Un enchainement des plus convenants pour une station baln\u00e9aire en qu\u00eate d\u2019activisme tous azimuts. L\u2019animation, \u00e0 longueur d\u2019ann\u00e9e, fait atrocement d\u00e9faut dans une destination quasi maussade, au moment o\u00f9 dans d\u2019autres offres similaires, le touriste ne s\u2019ennuie jamais pendant son s\u00e9jour.\u00a0 Comme \u00e0 son accoutum\u00e9e, depuis d\u00e9j\u00e0 longtemps, la capitale du Souss abrite l\u2019un des concerts de musique les plus prestigieux du royaume.<\/p>\n<p class=\"c4\">La chatoyante corniche d\u2019Agadir, fleurit aux mille merveilles vermeilles, dans une ambiance de liesse et d\u2019all\u00e9gresse. Une flop\u00e9e de stars de calibre mondial d\u00e9ferle sur sc\u00e8ne en vue d\u2019enchanter cette foule d\u00e9chain\u00e9e en d\u00e9lire et \u00e0 captiver, tout particuli\u00e8rement, les jeunes en hyst\u00e9rie indescriptible. En plus, il convient \u00e9galement de rendre un vibrant hommage au service d\u2019ordre, toutes cat\u00e9gories r\u00e9unies,\u00a0 \u00a0qui assure qui\u00e9tude et s\u00e9curit\u00e9 au c\u0153ur d\u2019une vague humaine grossissante que les d\u00e9linquants surprennent, parfois, par des actes d\u2019agressions diverses.<\/p>\n<p class=\"c4\">Cette tradition de premier ordre, au-del\u00e0 de sa dimension festive, v\u00e9hicule, de surcro\u00eet, des id\u00e9aux de tol\u00e9rance \u00e0 retenir et valoriser. En fait, la th\u00e9matique sur laquelle reposent les festivit\u00e9s de ce concert in\u00e9dit, s\u2019incruste, d\u2019une ann\u00e9e \u00e0 l\u2019autre, dans nos murs, au moment o\u00f9 les actes de terrorisme et d\u2019extr\u00e9misme fusent de toutes parts. C\u2019est l\u00e0, en effet, le plus grand m\u00e9rite de cette manifestation musicale plan\u00e9taire. En plus des concepts d\u2019hospitalit\u00e9 et de cohabitation, notre pays donne, par le biais de ce rassemblement d\u2019envergure, la preuve de cette notion qui, incruste aussi les vertus de la d\u00e9mocratie et du modernisme.<\/p>\n<p class=\"c4\">Enfin, on a beau pol\u00e9miquer sur l\u2019apport de cette manifestation qui, il est vrai, ne parvient pas, ainsi que son homologue estival, \u00e0 booster cette destination, en termes de flux. Il importe, en revanche, de saluer la constance de ce rendez-vous, durant un bon bout de temps,\u00a0 pour ces messages humanistes qu\u2019il fait rejaillir, ces marques d\u2019engouement qu\u2019il fait passer chez les jeunes enthousiastes et cette image d\u2019une nation sereine et agissante qu\u2019il fait ressortir aupr\u00e8s des observateurs et des visiteurs \u00e0 travers tous les coins du monde. D\u2019autant plus que ce show de masse est visionn\u00e9, par la suite, par des millions de t\u00e9l\u00e9spectateurs du monde entier.\u00a0 Un souvenir qui reste grav\u00e9 dans les esprits, mais qui incite \u00e0 reprendre et p\u00e9renniser cette action de haute port\u00e9e symbolique!<\/p>\n<p class=\"c5\"><strong>Saoudi El Amalki<\/strong><\/p>\n<p>Auteur: rahal mehamed<br \/>\n<a href=\"http:\/\/albayane.press.ma\/le-concert-de-la-tolerance-dagadir-tend-a-disparaitre.html\">Cliquez ici pour lire l&rsquo;article depuis sa source.<\/a><\/p>\n","protected":false},"excerpt":{"rendered":"<p>Depuis son apparition, il y a une dizaine d\u2019ann\u00e9es, le concept de la tol\u00e9rance d\u2019Agadir troupe beaucoup de peine \u00e0 subsister. Il agonise au fil du temps. En d\u00e9pit de certaines voix qui d\u2019\u00e9l\u00e8vent par-ci, par-l\u00e0, estimant que ce chow\u00a0 annuel n\u2019est qu\u2019une perte de fonds jet\u00e9s par la fen\u00eatre, les initiateurs ont d\u00fb r\u00e9sister [&hellip;]<\/p>\n","protected":false},"author":1760,"featured_media":0,"comment_status":"closed","ping_status":"closed","sticky":false,"template":"","format":"standard","meta":{"fifu_image_url":"","fifu_image_alt":"","footnotes":""},"categories":[73,54],"tags":[],"class_list":["post-35178","post","type-post","status-publish","format-standard","hentry","category-actualite","category-maroc"],"_links":{"self":[{"href":"https:\/\/linitiative.ca\/International\/wp-json\/wp\/v2\/posts\/35178","targetHints":{"allow":["GET"]}}],"collection":[{"href":"https:\/\/linitiative.ca\/International\/wp-json\/wp\/v2\/posts"}],"about":[{"href":"https:\/\/linitiative.ca\/International\/wp-json\/wp\/v2\/types\/post"}],"author":[{"embeddable":true,"href":"https:\/\/linitiative.ca\/International\/wp-json\/wp\/v2\/users\/1760"}],"replies":[{"embeddable":true,"href":"https:\/\/linitiative.ca\/International\/wp-json\/wp\/v2\/comments?post=35178"}],"version-history":[{"count":0,"href":"https:\/\/linitiative.ca\/International\/wp-json\/wp\/v2\/posts\/35178\/revisions"}],"wp:attachment":[{"href":"https:\/\/linitiative.ca\/International\/wp-json\/wp\/v2\/media?parent=35178"}],"wp:term":[{"taxonomy":"category","embeddable":true,"href":"https:\/\/linitiative.ca\/International\/wp-json\/wp\/v2\/categories?post=35178"},{"taxonomy":"post_tag","embeddable":true,"href":"https:\/\/linitiative.ca\/International\/wp-json\/wp\/v2\/tags?post=35178"}],"curies":[{"name":"wp","href":"https:\/\/api.w.org\/{rel}","templated":true}]}}