{"id":35182,"date":"2019-05-19T10:42:43","date_gmt":"2019-05-19T14:42:43","guid":{"rendered":"https:\/\/linitiative.ca\/International\/asse-mercato-tres-grande-nouvelle-dans-le-dossier-ben-arfa\/"},"modified":"2019-05-19T10:42:43","modified_gmt":"2019-05-19T14:42:43","slug":"asse-mercato-tres-grande-nouvelle-dans-le-dossier-ben-arfa","status":"publish","type":"post","link":"https:\/\/linitiative.ca\/International\/asse-mercato-tres-grande-nouvelle-dans-le-dossier-ben-arfa\/","title":{"rendered":"ASSE \u2013 Mercato : Tr\u00e8s grande nouvelle dans le dossier Ben Arfa !"},"content":{"rendered":"<p>En France, \u00e0 part le PSG, il n\u2019y a que l\u2019 ASSE qui fait r\u00eaver\u00a0<strong>Hatem Ben Arfa<\/strong>\u00a0dans le style de jeu. En froid avec son entra\u00eeneur\u00a0<a href=\"https:\/\/www.foot-sur7.fr\/423036-julien-stephan-savoure-son-exploit\">Julien St\u00e9phan<\/a>, l\u2019attaquant de 32 ans pourrait quitter le Stade Rennais \u00e0 l\u2019issue de cette saison. Cette option semble m\u00eame se pr\u00e9ciser apr\u00e8s la sortie du pr\u00e9sident de l\u2019\u00e9curie bretonne. Une aubaine pour les Verts ?<\/p>\n<h2>ASSE : Hatem Ben Arfa bient\u00f4t dans le Forez ?<\/h2>\n<p>Cinq jours apr\u00e8s avoir critiqu\u00e9 le jeu de son \u00e9quipe,\u00a0<strong>Hatem Ben Arfa<\/strong>\u00a0a \u00e9t\u00e9 \u00e9cart\u00e9 pour le match du Stade Rennais \u00e0 Strasbourg, ce samedi, dans le cadre de la 37e journ\u00e9e de Ligue 1. Mieux, dans une interview accord\u00e9e au quotidien r\u00e9gional\u00a0<em>Ouest-France<\/em>, le pr\u00e9sident du club breton,\u00a0<a href=\"https:\/\/www.foot-sur7.fr\/420718-rennes-lavenir-de-julien-stephan\">Olivier L\u00e9tang<\/a>, a ouvertement montr\u00e9 la voie de sortie \u00e0 l\u2019ancien avant-centre du PSG.<\/p>\n<p><em>\u00ab On en a parl\u00e9 avec Julien (St\u00e9phan). Il aura tout mon soutien et une solidarit\u00e9 totale envers le choix qu\u2019il fera de le convoquer ou pas pour les derniers matches de la saison. J\u2019ai toujours mis Julien tr\u00e8s \u00e0 l\u2019aise par rapport \u00e0 ses choix en lui disant : \u00ab Si tu fais des choix qui peuvent \u00eatre difficiles, le club est avec toi \u00bb. Il n\u2019y a pas de joueur, ni aujourd\u2019hui, ni dans le futur, qui sera plus important que le club, l\u2019\u00e9quipe et l\u2019entra\u00eeneur.<\/em><\/p>\n<p>L\u2019entra\u00eeneur, on doit lui donner de la force. Je veux lui donner de la force. C\u2019est un m\u00e9tier difficile. Donc il ne doit pas y avoir l\u2019espace d\u2019une feuille de papier entre le pr\u00e9sident et l\u2019entra\u00eeneur \u00bb, a d\u00e9clar\u00e9 l\u2019ex-directeur sportif du PSG.<\/p>\n<p>\u00ab Il y a un \u00e9l\u00e9ment qui guide Ben Arfa, c\u2019est le plaisir. Mais il y a un \u00e9l\u00e9ment qui nous guide, nous, c\u2019est qu\u2019il ait envie d\u2019\u00eatre avec nous. \u00c0 partir du moment o\u00f9 Hatem indique qu\u2019il n\u2019y a pas de notion de plaisir, et donc pas d\u2019envie, cela para\u00eet effectivement plus difficile \u00bb, a ajout\u00e9 L\u00e9tang, actant ainsi la rupture avec le dribbleur fran\u00e7ais.<\/p>\n<p>Une situation qui pourrait faire les affaires de l\u2019ASSE en cas de qualification en coupe europ\u00e9enne et si les dirigeants acceptent de consentir des efforts financiers pour le salaire du natif de Clamart. Le Betis et le FC S\u00e9ville seraient aussi int\u00e9ress\u00e9s par Ben Arfa.<\/p>\n<p>Foot sur 7<\/p>\n<p class=\"dpsp-share-text\">Partager c&rsquo;est aimer!<\/p>\n<div class=\"wp-post-author-wrap wp-post-author-shortcode left\">\n<h3 class=\"awpa-title\"\/>\n<div class=\"wp-post-author\">\n<div class=\"awpa-img awpa-author-block square\"><a href=\"http:\/\/lexpertjournal.net\/fr\/author\/expert\/\"><img loading=\"lazy\" decoding=\"async\" alt=\"\" src=\"http:\/\/2.gravatar.com\/avatar\/56d99be2a6f97af88ccb49fada637fcd?s=150&#038;d=mm&#038;r=g\" srcset=\"http:\/\/2.gravatar.com\/avatar\/56d99be2a6f97af88ccb49fada637fcd?s=300&#038;d=mm&#038;r=g 2x\" class=\"avatar avatar-150 photo\" height=\"150\" width=\"150\"\/><\/a><\/div>\n<\/div>\n<\/div>\n<p>Auteur: L&rsquo;expert<br \/>\n<a href=\"http:\/\/lexpertjournal.net\/fr\/2019\/05\/19\/asse-mercato-tres-grande-nouvelle-dans-le-dossier-ben-arfa\/\">Cliquez ici pour lire l&rsquo;article depuis sa source.<\/a><\/p>\n","protected":false},"excerpt":{"rendered":"<p>En France, \u00e0 part le PSG, il n\u2019y a que l\u2019 ASSE qui fait r\u00eaver\u00a0Hatem Ben Arfa\u00a0dans le style de jeu. En froid avec son entra\u00eeneur\u00a0Julien St\u00e9phan, l\u2019attaquant de 32 ans pourrait quitter le Stade Rennais \u00e0 l\u2019issue de cette saison. Cette option semble m\u00eame se pr\u00e9ciser apr\u00e8s la sortie du pr\u00e9sident de l\u2019\u00e9curie bretonne. [&hellip;]<\/p>\n","protected":false},"author":1775,"featured_media":0,"comment_status":"closed","ping_status":"closed","sticky":false,"template":"","format":"standard","meta":{"fifu_image_url":"","fifu_image_alt":"","footnotes":""},"categories":[78,55],"tags":[],"class_list":["post-35182","post","type-post","status-publish","format-standard","hentry","category-economie","category-tunisie"],"_links":{"self":[{"href":"https:\/\/linitiative.ca\/International\/wp-json\/wp\/v2\/posts\/35182","targetHints":{"allow":["GET"]}}],"collection":[{"href":"https:\/\/linitiative.ca\/International\/wp-json\/wp\/v2\/posts"}],"about":[{"href":"https:\/\/linitiative.ca\/International\/wp-json\/wp\/v2\/types\/post"}],"author":[{"embeddable":true,"href":"https:\/\/linitiative.ca\/International\/wp-json\/wp\/v2\/users\/1775"}],"replies":[{"embeddable":true,"href":"https:\/\/linitiative.ca\/International\/wp-json\/wp\/v2\/comments?post=35182"}],"version-history":[{"count":0,"href":"https:\/\/linitiative.ca\/International\/wp-json\/wp\/v2\/posts\/35182\/revisions"}],"wp:attachment":[{"href":"https:\/\/linitiative.ca\/International\/wp-json\/wp\/v2\/media?parent=35182"}],"wp:term":[{"taxonomy":"category","embeddable":true,"href":"https:\/\/linitiative.ca\/International\/wp-json\/wp\/v2\/categories?post=35182"},{"taxonomy":"post_tag","embeddable":true,"href":"https:\/\/linitiative.ca\/International\/wp-json\/wp\/v2\/tags?post=35182"}],"curies":[{"name":"wp","href":"https:\/\/api.w.org\/{rel}","templated":true}]}}