{"id":35183,"date":"2019-05-19T10:47:32","date_gmt":"2019-05-19T14:47:32","guid":{"rendered":"https:\/\/linitiative.ca\/International\/claudia-cardinale-de-retour-en-tournage-en-tunisie-pour-une-ode-au-vivre-ensemble\/"},"modified":"2019-05-19T10:47:32","modified_gmt":"2019-05-19T14:47:32","slug":"claudia-cardinale-de-retour-en-tournage-en-tunisie-pour-une-ode-au-vivre-ensemble","status":"publish","type":"post","link":"https:\/\/linitiative.ca\/International\/claudia-cardinale-de-retour-en-tournage-en-tunisie-pour-une-ode-au-vivre-ensemble\/","title":{"rendered":"Claudia Cardinale de retour en tournage en Tunisie pour une ode au vivre ensemble"},"content":{"rendered":"<p><img decoding=\"async\" src=\"http:\/\/lexpertjournal.net\/fr\/wp-content\/uploads\/sites\/2\/2019\/05\/661_afp-news_e33_042_80867a2da3162b9def07f25310_000_1FA6GL-highDef.jpg\" alt=\"\" class=\"wp-image-7391\"\/><\/p>\n<p>C\u2019est avec un film franco-tunisien que Claudia Cardinale a commenc\u00e9 sa carri\u00e8re. A 81 ans, l\u2019actrice est de retour en Tunisie pour son cinqui\u00e8me film tourn\u00e9 dans son pays natal, une com\u00e9die dramatique sur le vivre ensemble m\u00e9diterran\u00e9en.\u00a0<\/p>\n<p>\u00ab L\u2019Ile du Pardon \u00bb, en cours de tournage \u00e0 Djerba, raconte l\u2019histoire d\u2019Andr\u00e9a, \u00ab un \u00e9crivain tunisien sexag\u00e9naire d\u2019origine sicilienne qui rentre disperser les cendres de sa m\u00e8re \u00bb sur cette \u00eele du sud de la Tunisie o\u00f9 il a grandi, explique \u00e0 l\u2019AFP le r\u00e9alisateur\u00a0tunisien Ridha B\u00e9hi.<\/p>\n<p>Par flashback, le personnage principal retrouve la Tunisie des ann\u00e9es 50. Claudia Cardinale joue le r\u00f4le de la grand-m\u00e8re d\u2019Andr\u00e9a, Agostina, \u00ab qui repr\u00e9sente un peu la Tunisie du pass\u00e9 \u00bb, explique le cin\u00e9aste.<\/p>\n<p>\u00ab L\u2019histoire se d\u00e9roule exactement dans le milieu de mon enfance \u00bb, se r\u00e9jouit l\u2019actrice, fille d\u2019un p\u00eacheur sicilien \u00e9migr\u00e9 en Tunisie, qui a grandi face \u00e0 la mer, \u00e0 la Goulette, melting pot populaire aux portes de Tunis.<\/p>\n<p>De cette \u00e9poque, elle se souvient \u00ab des gens simples de la mer\u00a0qui, chaque jour, risquaient leurs vies pour nourrir la famille \u00bb.\u00a0<\/p>\n<p>\u00ab Il y avait aussi des communaut\u00e9s\u00a0multiethniques: Arabes, Italiens, Maltais, Fran\u00e7ais et Juifs vivaient en harmonie \u00bb, explique-t-elle.<\/p>\n<p>Autour du comptoir en bois patin\u00e9 du bistrot d\u2019Agostina, son personnage, se retrouvent toutes les communaut\u00e9s.\u00a0<\/p>\n<p>Au del\u00e0 de la nostalgie et de l\u2019ambiance r\u00e9tro, Ridha B\u00e9hi lance avec ce film un appel \u00e0 r\u00e9inventer la fraternit\u00e9 d\u2019antan face aux divisions profondes qui agitent la Tunisie d\u00e9mocratique.<\/p>\n<p>Andr\u00e9a, h\u00e9berg\u00e9 dans un h\u00f4tel en ruines \u00e0 l\u2019image du pays qui conna\u00eet des difficult\u00e9s \u00e9conomiques, est confront\u00e9 au tumultueux pass\u00e9 familial, avec un oncle mafieux et un p\u00e8re converti sans son accord sur son lit de mort.<\/p>\n<p>L\u2019\u00e9crivain doit ainsi replonger dans l\u2019\u00e9poque de l\u2019ind\u00e9pendance, vue comme le temps b\u00e9ni d\u2019une cohabitation joyeuse \u00ab o\u00f9 les Maltais, les Juifs, les Espagnols, les Italiens et les Berb\u00e8res vivaient ensemble avec bien s\u00fbr la communaut\u00e9 principale arabe musulmane \u00bb, souligne M. B\u00e9hi.<\/p>\n<p>En \u00e9voquant \u00ab ce pass\u00e9 l\u00e0 \u00bb par \u00ab clins d\u2019oeil \u00bb, le cin\u00e9aste veut aussi \u00ab parler d\u2019aujourd\u2019hui \u00bb et donc implicitement de la situation du monde arabe apr\u00e8s les r\u00e9volutions de 2011 et l\u2019essor du jihadisme.<\/p>\n<p>Le pr\u00e9c\u00e9dent long-m\u00e9trage du r\u00e9alisateur septuag\u00e9naire, Fleur d\u2019Alep, \u00e9tait centr\u00e9 sur les d\u00e9g\u00e2ts provoqu\u00e9s par l\u2019int\u00e9grisme.\u00a0<\/p>\n<p>L\u2019Ile du Pardon est aussi \u00ab un film d\u2019actualit\u00e9: on a tellement besoin d\u2019accepter l\u2019autre, son point de vue, ses croyances, sa religion \u00bb, poursuit Ridha B\u00e9hi.\u00a0<\/p>\n<p>Cette production tuniso-libanaise, en tournage jusqu\u2019au 25 mai, sera pr\u00eate \u00e0 sortir en salles au printemps 2020.\u00a0<\/p>\n<p>orange fr<\/p>\n<p class=\"dpsp-share-text\">Partager c&rsquo;est aimer!<\/p>\n<div class=\"wp-post-author-wrap wp-post-author-shortcode left\">\n<h3 class=\"awpa-title\"\/>\n<div class=\"wp-post-author\">\n<div class=\"awpa-img awpa-author-block square\"><a href=\"http:\/\/lexpertjournal.net\/fr\/author\/expert\/\"><img loading=\"lazy\" decoding=\"async\" alt=\"\" src=\"http:\/\/2.gravatar.com\/avatar\/56d99be2a6f97af88ccb49fada637fcd?s=150&#038;d=mm&#038;r=g\" srcset=\"http:\/\/2.gravatar.com\/avatar\/56d99be2a6f97af88ccb49fada637fcd?s=300&#038;d=mm&#038;r=g 2x\" class=\"avatar avatar-150 photo\" height=\"150\" width=\"150\"\/><\/a><\/div>\n<\/div>\n<\/div>\n<p>Auteur: L&rsquo;expert<br \/>\n<a href=\"http:\/\/lexpertjournal.net\/fr\/2019\/05\/19\/claudia-cardinale-de-retour-en-tournage-en-tunisie-pour-une-ode-au-vivre-ensemble\/\">Cliquez ici pour lire l&rsquo;article depuis sa source.<\/a><\/p>\n","protected":false},"excerpt":{"rendered":"<p>C\u2019est avec un film franco-tunisien que Claudia Cardinale a commenc\u00e9 sa carri\u00e8re. A 81 ans, l\u2019actrice est de retour en Tunisie pour son cinqui\u00e8me film tourn\u00e9 dans son pays natal, une com\u00e9die dramatique sur le vivre ensemble m\u00e9diterran\u00e9en.\u00a0 \u00ab L\u2019Ile du Pardon \u00bb, en cours de tournage \u00e0 Djerba, raconte l\u2019histoire d\u2019Andr\u00e9a, \u00ab un \u00e9crivain [&hellip;]<\/p>\n","protected":false},"author":1775,"featured_media":35184,"comment_status":"closed","ping_status":"closed","sticky":false,"template":"","format":"standard","meta":{"fifu_image_url":"","fifu_image_alt":"","footnotes":""},"categories":[78,55],"tags":[],"class_list":["post-35183","post","type-post","status-publish","format-standard","has-post-thumbnail","hentry","category-economie","category-tunisie"],"_links":{"self":[{"href":"https:\/\/linitiative.ca\/International\/wp-json\/wp\/v2\/posts\/35183","targetHints":{"allow":["GET"]}}],"collection":[{"href":"https:\/\/linitiative.ca\/International\/wp-json\/wp\/v2\/posts"}],"about":[{"href":"https:\/\/linitiative.ca\/International\/wp-json\/wp\/v2\/types\/post"}],"author":[{"embeddable":true,"href":"https:\/\/linitiative.ca\/International\/wp-json\/wp\/v2\/users\/1775"}],"replies":[{"embeddable":true,"href":"https:\/\/linitiative.ca\/International\/wp-json\/wp\/v2\/comments?post=35183"}],"version-history":[{"count":0,"href":"https:\/\/linitiative.ca\/International\/wp-json\/wp\/v2\/posts\/35183\/revisions"}],"wp:featuredmedia":[{"embeddable":true,"href":"https:\/\/linitiative.ca\/International\/wp-json\/"}],"wp:attachment":[{"href":"https:\/\/linitiative.ca\/International\/wp-json\/wp\/v2\/media?parent=35183"}],"wp:term":[{"taxonomy":"category","embeddable":true,"href":"https:\/\/linitiative.ca\/International\/wp-json\/wp\/v2\/categories?post=35183"},{"taxonomy":"post_tag","embeddable":true,"href":"https:\/\/linitiative.ca\/International\/wp-json\/wp\/v2\/tags?post=35183"}],"curies":[{"name":"wp","href":"https:\/\/api.w.org\/{rel}","templated":true}]}}