{"id":35192,"date":"2019-05-19T07:22:00","date_gmt":"2019-05-19T11:22:00","guid":{"rendered":"https:\/\/linitiative.ca\/International\/des-milliers-detudiants-marchent-a-alger-pour-le-depart-de-tout-le-systeme\/"},"modified":"2019-05-19T07:22:00","modified_gmt":"2019-05-19T11:22:00","slug":"des-milliers-detudiants-marchent-a-alger-pour-le-depart-de-tout-le-systeme","status":"publish","type":"post","link":"https:\/\/linitiative.ca\/International\/des-milliers-detudiants-marchent-a-alger-pour-le-depart-de-tout-le-systeme\/","title":{"rendered":"Des milliers d\u2019\u00e9tudiants marchent \u00e0 Alger pour le d\u00e9part de tout le syst\u00e8me"},"content":{"rendered":"<div id=\"originalText\" readability=\"68\">\n<p class=\"c10\">Des milliers d\u2019\u00e9tudiants marchent ce dimanche \u00e0 Alger, pour c\u00e9l\u00e9brer la journ\u00e9e nationale du 19 mai. Une date qui a marqu\u00e9 l&rsquo;engagement de la jeunesse qui avait d\u00e9cid\u00e9 de quitter les bancs des universit\u00e9s et des lyc\u00e9es pour rejoindre les rangs de la r\u00e9volution, en 1956.<\/p>\n<p><iframe loading=\"lazy\" allow=\"accelerometer; autoplay; encrypted-media; gyroscope; picture-in-picture\" allowfullscreen=\"\" frameborder=\"0\" height=\"315\" src=\"https:\/\/www.youtube.com\/embed\/5WPGY62Y-bo\" width=\"560\">[embedded content]<\/iframe><\/p>\n<p class=\"c10\">Venus ainsi de diff\u00e9rentes universit\u00e9s et facult\u00e9s de la capitale, les \u00e9tudiants ont entam\u00e9 leur marche, peu avant 10h30, depuis la fac centrale en direction de l&rsquo;esplanade de la Grande Poste.<\/p>\n<p class=\"c10\">Ceci, avant qu&rsquo;ils ne soient emp\u00each\u00e9s par les forces de l&rsquo;ordre de rejoindre le parvis de l\u2019imposante b\u00e2tisse.<\/p>\n<p class=\"c10\">Changement d\u2019itin\u00e9raire, les \u00e9tudiants se sont dirig\u00e9s vers le tribunal de Sidi M&rsquo;hamed, rue Abane Ramdane, \u00a0et le si\u00e8ge de l\u2019APN, \u00a0au\u00a0 boulevard Zighoud Youcef. La police, d\u00e9ploy\u00e9e\u00a0 en grand nombre, a tent\u00e9 de les stopper sans y parvenir.<\/p>\n<p class=\"c10\"><img decoding=\"async\" alt=\"\" src=\"\/data\/upload\/received_1093133674221098.jpeg\" class=\"c11\"\/><\/p>\n<p class=\"c13\"><span class=\"c12\">Photo : \u00a9Sihem BENMALEK<\/span><\/p>\n<p class=\"c10\">\u00a0Les \u00e9tudiants scandent des slogans contre les symboles du pouvoir et la tenue des \u00e9lections pr\u00e9sidentielles pr\u00e9vues pour le 4 juillet.<\/p>\n<p class=\"c10\"><img decoding=\"async\" alt=\"\" src=\"\/data\/upload\/received_333189354045912.jpeg\" class=\"c14\"\/><\/p>\n<p class=\"c13\"><span class=\"c12\">Photo : \u00a9Farid ABDELADIM<\/span><\/p>\n<p class=\"c10\">\u00abSyst\u00e8me d\u00e9gage, \u00e9tudiants s\u2019engagent\u00bb, \u00abl\u2019Alg\u00e9rie est un legs pr\u00e9cieux, et vous l\u2019avez trahi\u00bb, \u00abpartez tous\u00bb\u2026 sont entre autres slogans entonn\u00e9s par les manifestants.<\/p>\n<p><iframe loading=\"lazy\" allow=\"accelerometer; autoplay; encrypted-media; gyroscope; picture-in-picture\" allowfullscreen=\"\" frameborder=\"0\" height=\"315\" src=\"https:\/\/www.youtube.com\/embed\/4UQ8xl1RzQU\" width=\"560\">[embedded content]<\/iframe><\/p>\n<p class=\"c15\"><strong>Im\u00e8ne AMOKRANE<\/strong><\/p>\n<\/div>\n<div id=\"text_core\" readability=\"68\">\n<p class=\"c10\">Des milliers d\u2019\u00e9tudiants marchent ce dimanche \u00e0 Alger, pour c\u00e9l\u00e9brer la journ\u00e9e nationale du 19 mai. Une date qui a marqu\u00e9 l&rsquo;engagement de la jeunesse qui avait d\u00e9cid\u00e9 de quitter les bancs des universit\u00e9s et des lyc\u00e9es pour rejoindre les rangs de la r\u00e9volution, en 1956.<\/p>\n<p><iframe loading=\"lazy\" allow=\"accelerometer; autoplay; encrypted-media; gyroscope; picture-in-picture\" allowfullscreen=\"\" frameborder=\"0\" height=\"315\" src=\"https:\/\/www.youtube.com\/embed\/5WPGY62Y-bo\" width=\"560\">[embedded content]<\/iframe><\/p>\n<p class=\"c10\">Venus ainsi de diff\u00e9rentes universit\u00e9s et facult\u00e9s de la capitale, les \u00e9tudiants ont entam\u00e9 leur marche, peu avant 10h30, depuis la fac centrale en direction de l&rsquo;esplanade de la Grande Poste.<\/p>\n<p class=\"c10\">Ceci, avant qu&rsquo;ils ne soient emp\u00each\u00e9s par les forces de l&rsquo;ordre de rejoindre le parvis de l\u2019imposante b\u00e2tisse.<\/p>\n<p class=\"c10\">Changement d\u2019itin\u00e9raire, les \u00e9tudiants se sont dirig\u00e9s vers le tribunal de Sidi M&rsquo;hamed, rue Abane Ramdane, \u00a0et le si\u00e8ge de l\u2019APN, \u00a0au\u00a0 boulevard Zighoud Youcef. La police, d\u00e9ploy\u00e9e\u00a0 en grand nombre, a tent\u00e9 de les stopper sans y parvenir.<\/p>\n<p class=\"c10\"><img decoding=\"async\" alt=\"\" src=\"\/data\/upload\/received_1093133674221098.jpeg\" class=\"c11\"\/><\/p>\n<p class=\"c13\"><span class=\"c12\">Photo : \u00a9Sihem BENMALEK<\/span><\/p>\n<p class=\"c10\">\u00a0Les \u00e9tudiants scandent des slogans contre les symboles du pouvoir et la tenue des \u00e9lections pr\u00e9sidentielles pr\u00e9vues pour le 4 juillet.<\/p>\n<p class=\"c10\"><img decoding=\"async\" alt=\"\" src=\"\/data\/upload\/received_333189354045912.jpeg\" class=\"c14\"\/><\/p>\n<p class=\"c13\"><span class=\"c12\">Photo : \u00a9Farid ABDELADIM<\/span><\/p>\n<p class=\"c10\">\u00abSyst\u00e8me d\u00e9gage, \u00e9tudiants s\u2019engagent\u00bb, \u00abl\u2019Alg\u00e9rie est un legs pr\u00e9cieux, et vous l\u2019avez trahi\u00bb, \u00abpartez tous\u00bb\u2026 sont entre autres slogans entonn\u00e9s par les manifestants.<\/p>\n<p><iframe loading=\"lazy\" allow=\"accelerometer; autoplay; encrypted-media; gyroscope; picture-in-picture\" allowfullscreen=\"\" frameborder=\"0\" height=\"315\" src=\"https:\/\/www.youtube.com\/embed\/4UQ8xl1RzQU\" width=\"560\">[embedded content]<\/iframe><\/p>\n<p class=\"c15\"><strong>Im\u00e8ne AMOKRANE<\/strong><\/p>\n<\/div>\n<p>Auteur:<br \/>\n<a href=\"https:\/\/www.liberte-algerie.com\/actualite\/des-milliers-detudiants-marchent-a-alger-pour-le-depart-de-tout-le-systeme-316161\">Cliquez ici pour lire l&rsquo;article depuis sa source.<\/a><\/p>\n","protected":false},"excerpt":{"rendered":"<p>Des milliers d\u2019\u00e9tudiants marchent ce dimanche \u00e0 Alger, pour c\u00e9l\u00e9brer la journ\u00e9e nationale du 19 mai. Une date qui a marqu\u00e9 l&rsquo;engagement de la jeunesse qui avait d\u00e9cid\u00e9 de quitter les bancs des universit\u00e9s et des lyc\u00e9es pour rejoindre les rangs de la r\u00e9volution, en 1956. [embedded content] Venus ainsi de diff\u00e9rentes universit\u00e9s et facult\u00e9s [&hellip;]<\/p>\n","protected":false},"author":1742,"featured_media":35193,"comment_status":"closed","ping_status":"closed","sticky":false,"template":"","format":"standard","meta":{"fifu_image_url":"","fifu_image_alt":"","footnotes":""},"categories":[73,53],"tags":[],"class_list":["post-35192","post","type-post","status-publish","format-standard","has-post-thumbnail","hentry","category-actualite","category-algerie"],"_links":{"self":[{"href":"https:\/\/linitiative.ca\/International\/wp-json\/wp\/v2\/posts\/35192","targetHints":{"allow":["GET"]}}],"collection":[{"href":"https:\/\/linitiative.ca\/International\/wp-json\/wp\/v2\/posts"}],"about":[{"href":"https:\/\/linitiative.ca\/International\/wp-json\/wp\/v2\/types\/post"}],"author":[{"embeddable":true,"href":"https:\/\/linitiative.ca\/International\/wp-json\/wp\/v2\/users\/1742"}],"replies":[{"embeddable":true,"href":"https:\/\/linitiative.ca\/International\/wp-json\/wp\/v2\/comments?post=35192"}],"version-history":[{"count":0,"href":"https:\/\/linitiative.ca\/International\/wp-json\/wp\/v2\/posts\/35192\/revisions"}],"wp:featuredmedia":[{"embeddable":true,"href":"https:\/\/linitiative.ca\/International\/wp-json\/"}],"wp:attachment":[{"href":"https:\/\/linitiative.ca\/International\/wp-json\/wp\/v2\/media?parent=35192"}],"wp:term":[{"taxonomy":"category","embeddable":true,"href":"https:\/\/linitiative.ca\/International\/wp-json\/wp\/v2\/categories?post=35192"},{"taxonomy":"post_tag","embeddable":true,"href":"https:\/\/linitiative.ca\/International\/wp-json\/wp\/v2\/tags?post=35192"}],"curies":[{"name":"wp","href":"https:\/\/api.w.org\/{rel}","templated":true}]}}