{"id":35194,"date":"2019-05-19T07:48:00","date_gmt":"2019-05-19T11:48:00","guid":{"rendered":"https:\/\/linitiative.ca\/International\/le-ffs-propose-une-initiative-de-rapprochement-politique\/"},"modified":"2019-05-19T07:48:00","modified_gmt":"2019-05-19T11:48:00","slug":"le-ffs-propose-une-initiative-de-rapprochement-politique","status":"publish","type":"post","link":"https:\/\/linitiative.ca\/International\/le-ffs-propose-une-initiative-de-rapprochement-politique\/","title":{"rendered":"Le FFS propose une initiative de rapprochement politique"},"content":{"rendered":"<div id=\"originalText\" readability=\"64\">\n<p>Le Front des forces socialistes a consid\u00e9r\u00e9, ce dimanche, que face \u00e0 la \u00abl\u00e9gendaire d\u00e9monstration de force populaire, le pouvoir alg\u00e9rien a multipli\u00e9 ses man\u0153uvres et ses manigances dans l&rsquo;unique espoir de mettre en \u00e9chec cette d\u00e9ferlante citoyenne\u00bb.<\/p>\n<p>\u00abAujourd&rsquo;hui, le Pouvoir r\u00e9el est assum\u00e9 et exerc\u00e9 enti\u00e8rement par l&rsquo;\u00e9tat-major de l&rsquo;arm\u00e9e qui l\u00e8gue occasionnellement, quelques-unes de ses attributions de fa\u00e7ade \u00e0 un fonctionnaire \u00e0 la t\u00eate de l&rsquo;\u00c9tat et \u00e0 un gouvernement factice et impopulaire\u00bb, lit-on un dans un communiqu\u00e9 sign\u00e9 par le Premier secr\u00e9taire, Hakim Belahcel.<\/p>\n<p>A cet effet, \u00able FFS propose la tenue d&rsquo;une conf\u00e9rence nationale de concertation et de dialogue regroupant les forces vives du changement d\u00e9mocratique dans des d\u00e9lais raisonnables\u00bb, et qui \u00abservira d&rsquo;assise et de rampe de lancement \u00e0 un vrai pacte politique consensuel qui d\u00e9finira par la suite les contours du processus de transition d\u00e9mocratique dans le pays\u00bb.<\/p>\n<p>Et plut\u00f4t \u00absoucieux de l&rsquo;imp\u00e9ratif du succ\u00e8s de cette initiative de rapprochement politique et conscient de sa port\u00e9e sur le devenir du pays\u00bb, le FFS propose que \u00abcette premi\u00e8re rencontre se tienne sans pr\u00e9alables et sans conditions\u00bb.<\/p>\n<p>Le FFS s\u2019engage ainsi \u00e0 n&rsquo;\u00ab\u00e9pargner aucun effort\u00bb afin de \u00abfaire aboutir toute initiative politique capable de nous s&rsquo;inscrire dans un vrai processus d\u00e9mocratique de transition, prot\u00e9g\u00e9 et garanti par l&rsquo;institution militaire sans que celle-ci ne s&rsquo;interf\u00e8re dans ses tenants et aboutissants\u00bb.<\/p>\n<p class=\"c10\"><strong>R\u00e9daction Web<\/strong><\/p>\n<\/div>\n<div id=\"text_core\" readability=\"64\">\n<p>Le Front des forces socialistes a consid\u00e9r\u00e9, ce dimanche, que face \u00e0 la \u00abl\u00e9gendaire d\u00e9monstration de force populaire, le pouvoir alg\u00e9rien a multipli\u00e9 ses man\u0153uvres et ses manigances dans l&rsquo;unique espoir de mettre en \u00e9chec cette d\u00e9ferlante citoyenne\u00bb.<\/p>\n<p>\u00abAujourd&rsquo;hui, le Pouvoir r\u00e9el est assum\u00e9 et exerc\u00e9 enti\u00e8rement par l&rsquo;\u00e9tat-major de l&rsquo;arm\u00e9e qui l\u00e8gue occasionnellement, quelques-unes de ses attributions de fa\u00e7ade \u00e0 un fonctionnaire \u00e0 la t\u00eate de l&rsquo;\u00c9tat et \u00e0 un gouvernement factice et impopulaire\u00bb, lit-on un dans un communiqu\u00e9 sign\u00e9 par le Premier secr\u00e9taire, Hakim Belahcel.<\/p>\n<p>A cet effet, \u00able FFS propose la tenue d&rsquo;une conf\u00e9rence nationale de concertation et de dialogue regroupant les forces vives du changement d\u00e9mocratique dans des d\u00e9lais raisonnables\u00bb, et qui \u00abservira d&rsquo;assise et de rampe de lancement \u00e0 un vrai pacte politique consensuel qui d\u00e9finira par la suite les contours du processus de transition d\u00e9mocratique dans le pays\u00bb.<\/p>\n<p>Et plut\u00f4t \u00absoucieux de l&rsquo;imp\u00e9ratif du succ\u00e8s de cette initiative de rapprochement politique et conscient de sa port\u00e9e sur le devenir du pays\u00bb, le FFS propose que \u00abcette premi\u00e8re rencontre se tienne sans pr\u00e9alables et sans conditions\u00bb.<\/p>\n<p>Le FFS s\u2019engage ainsi \u00e0 n&rsquo;\u00ab\u00e9pargner aucun effort\u00bb afin de \u00abfaire aboutir toute initiative politique capable de nous s&rsquo;inscrire dans un vrai processus d\u00e9mocratique de transition, prot\u00e9g\u00e9 et garanti par l&rsquo;institution militaire sans que celle-ci ne s&rsquo;interf\u00e8re dans ses tenants et aboutissants\u00bb.<\/p>\n<p class=\"c10\"><strong>R\u00e9daction Web<\/strong><\/p>\n<\/div>\n<p>Auteur:<br \/>\n<a href=\"https:\/\/www.liberte-algerie.com\/actualite\/le-ffs-propose-une-initiative-de-rapprochement-politique-316162\">Cliquez ici pour lire l&rsquo;article depuis sa source.<\/a><\/p>\n","protected":false},"excerpt":{"rendered":"<p>Le Front des forces socialistes a consid\u00e9r\u00e9, ce dimanche, que face \u00e0 la \u00abl\u00e9gendaire d\u00e9monstration de force populaire, le pouvoir alg\u00e9rien a multipli\u00e9 ses man\u0153uvres et ses manigances dans l&rsquo;unique espoir de mettre en \u00e9chec cette d\u00e9ferlante citoyenne\u00bb. \u00abAujourd&rsquo;hui, le Pouvoir r\u00e9el est assum\u00e9 et exerc\u00e9 enti\u00e8rement par l&rsquo;\u00e9tat-major de l&rsquo;arm\u00e9e qui l\u00e8gue occasionnellement, quelques-unes [&hellip;]<\/p>\n","protected":false},"author":1742,"featured_media":0,"comment_status":"closed","ping_status":"closed","sticky":false,"template":"","format":"standard","meta":{"fifu_image_url":"","fifu_image_alt":"","footnotes":""},"categories":[73,53],"tags":[],"class_list":["post-35194","post","type-post","status-publish","format-standard","hentry","category-actualite","category-algerie"],"_links":{"self":[{"href":"https:\/\/linitiative.ca\/International\/wp-json\/wp\/v2\/posts\/35194","targetHints":{"allow":["GET"]}}],"collection":[{"href":"https:\/\/linitiative.ca\/International\/wp-json\/wp\/v2\/posts"}],"about":[{"href":"https:\/\/linitiative.ca\/International\/wp-json\/wp\/v2\/types\/post"}],"author":[{"embeddable":true,"href":"https:\/\/linitiative.ca\/International\/wp-json\/wp\/v2\/users\/1742"}],"replies":[{"embeddable":true,"href":"https:\/\/linitiative.ca\/International\/wp-json\/wp\/v2\/comments?post=35194"}],"version-history":[{"count":0,"href":"https:\/\/linitiative.ca\/International\/wp-json\/wp\/v2\/posts\/35194\/revisions"}],"wp:attachment":[{"href":"https:\/\/linitiative.ca\/International\/wp-json\/wp\/v2\/media?parent=35194"}],"wp:term":[{"taxonomy":"category","embeddable":true,"href":"https:\/\/linitiative.ca\/International\/wp-json\/wp\/v2\/categories?post=35194"},{"taxonomy":"post_tag","embeddable":true,"href":"https:\/\/linitiative.ca\/International\/wp-json\/wp\/v2\/tags?post=35194"}],"curies":[{"name":"wp","href":"https:\/\/api.w.org\/{rel}","templated":true}]}}